{"id":102025,"date":"2026-03-16T00:30:57","date_gmt":"2026-03-15T23:30:57","guid":{"rendered":"https:\/\/www.infokuryr.cz\/n\/?p=102025"},"modified":"2026-03-15T16:34:29","modified_gmt":"2026-03-15T15:34:29","slug":"utoky-dronu-zasahly-rafinerii-a-konzulat-sae-v-irackem-kurdistanu","status":"publish","type":"post","link":"https:\/\/www.infokuryr.cz\/n\/2026\/03\/16\/utoky-dronu-zasahly-rafinerii-a-konzulat-sae-v-irackem-kurdistanu\/","title":{"rendered":"\u00datoky dron\u016f zas\u00e1hly rafinerii a konzul\u00e1t SAE v ir\u00e1ck\u00e9m Kurdist\u00e1nu"},"content":{"rendered":"<div id=\"fb-root\"><\/div>\n<p><strong><span dir=\"auto\">S\u00e9rie \u00fatok\u016f dron\u016f zam\u011b\u0159en\u00fdch na ir\u00e1ck\u00fd Kurdist\u00e1n 14. b\u0159ezna zas\u00e1hla ropnou rafinerii a konzul\u00e1t Spojen\u00fdch arabsk\u00fdch emir\u00e1t\u016f.<\/span><\/strong><\/p>\n<p><span dir=\"auto\">\u00datok na rafinerii Lanaz pobl\u00ed\u017e Erbilu, hlavn\u00edho m\u011bsta Kurdist\u00e1nu, vyvolal po\u017e\u00e1r. Agentura Reuters s odvol\u00e1n\u00edm na kurdsk\u00e9 provin\u010dn\u00ed \u00fa\u0159edn\u00edky informovala, \u017ee provoz v za\u0159\u00edzen\u00ed, kter\u00e9 zpracov\u00e1v\u00e1 zhruba 100 000 barel\u016f ropy denn\u011b, byl zastaven.<\/span><\/p>\n<p><span dir=\"auto\">Pr\u00e1ce z\u016fstanou pozastaveny, dokud nebude posouzen rozsah \u0161kod, uvedli tiskov\u00e9 agentu\u0159e \u00fa\u0159edn\u00edci kurdsk\u00e9ho ministerstva p\u0159\u00edrodn\u00edch zdroj\u016f.<\/span><\/p>\n<p><iframe loading=\"lazy\" src=\"https:\/\/s1.cdnstatic.space\/wp-content\/uploads\/2026\/03\/lan1.mp4\" width=\"600\" height=\"338\" data-mce-fragment=\"1\"><\/iframe><\/p>\n<p><iframe loading=\"lazy\" src=\"https:\/\/s1.cdnstatic.space\/wp-content\/uploads\/2026\/03\/lan2.mp4\" width=\"600\" height=\"338\" data-mce-fragment=\"1\"><\/iframe><\/p>\n<p><iframe loading=\"lazy\" src=\"https:\/\/s1.cdnstatic.space\/wp-content\/uploads\/2026\/03\/lan3.mp4\" width=\"600\" height=\"338\" data-mce-fragment=\"1\"><\/iframe><\/p>\n<p><span dir=\"auto\">P\u0159ibli\u017en\u011b ve stejnou dobu zas\u00e1hl dron konzul\u00e1t SAE v Irb\u00edlu. \u00datok vyvolal po\u017e\u00e1r, ale nebyly hl\u00e1\u0161eny \u017e\u00e1dn\u00e9 ob\u011bti.<\/span><\/p>\n<p><span dir=\"auto\">Ab\u00fa Zab\u00ed vyzval kurdsk\u00e9 a ir\u00e1ck\u00e9 \u00fa\u0159ady, aby \u201evy\u0161et\u0159ily okolnosti tohoto \u00fatoku, identifikovaly vin\u00edky a p\u0159ijaly ve\u0161ker\u00e1 nezbytn\u00e1 opat\u0159en\u00ed k zaji\u0161t\u011bn\u00ed toho, aby pachatel\u00e9 byli pohn\u00e1ni k odpov\u011bdnosti\u201c.<\/span><\/p>\n<p><iframe loading=\"lazy\" src=\"https:\/\/s1.cdnstatic.space\/wp-content\/uploads\/2026\/03\/con.mp4\" width=\"600\" height=\"338\" data-mce-fragment=\"1\"><\/iframe><\/p>\n<p><span dir=\"auto\">Rudaw d\u0159\u00edve b\u011bhem dne informoval, \u017ee nejm\u00e9n\u011b sedm dron\u016f bylo zachyceno protivzdu\u0161nou obranou Spojen\u00fdch st\u00e1t\u016f nad Kurdist\u00e1nskou oblast\u00ed.<\/span><\/p>\n<p><span dir=\"auto\">K \u00fatok\u016fm do\u0161lo pot\u00e9, co byli v noci p\u0159i \u00fatoku na hlavn\u00ed m\u011bsto zem\u011b Bagd\u00e1d zabiti t\u0159i \u010dlenov\u00e9 ir\u00e1ck\u00e9 skupiny Kata&#8217;ib Hizball\u00e1h. Jedn\u00edm ze zabit\u00fdch byl vysoce postaven\u00fd velitel skupiny zn\u00e1m\u00e9 jako Al\u00ed al-Am\u00edr\u00ed. Za smrt\u00edc\u00ed \u00fatok byly obvin\u011bny Spojen\u00e9 st\u00e1ty.<\/span><\/p>\n<p><span dir=\"auto\">Kata&#8217;ib Hizball\u00e1h je pravd\u011bpodobn\u011b frakc\u00ed Isl\u00e1msk\u00e9ho odporu v Ir\u00e1ku (IRI), kter\u00e1 od za\u010d\u00e1tku americko-izraelsk\u00e9 v\u00e1lky proti \u00cdr\u00e1nu podnik\u00e1 \u00fatoky proti americk\u00fdm sil\u00e1m v Ir\u00e1ku a sousedn\u00edch zem\u00edch. Nen\u00ed v\u0161ak jasn\u00e9, zda ned\u00e1vn\u00e9 \u00fatoky na Kurdist\u00e1n provedla tato zast\u0159e\u0161uj\u00edc\u00ed skupina, nebo samotn\u00e1 Isl\u00e1msk\u00e1 republika, kter\u00e1 tak\u00e9 podnik\u00e1 \u00fatoky na c\u00edle v t\u00e9to oblasti.<\/span><\/p>\n<p><span dir=\"auto\">Dal\u0161\u00ed frakce IRI, Saraya Awliya al-Dam, zve\u0159ejnila po \u00fatoc\u00edch na Kurdist\u00e1n videoz\u00e1znam, na kter\u00e9m jej\u00ed bojovn\u00edci odpaluj\u00ed z podzemn\u00edho za\u0159\u00edzen\u00ed sebevra\u017eedn\u00e9 drony Shahed-101 \u00edr\u00e1nsk\u00e9 v\u00fdroby. Uvedla, \u017ee drony zas\u00e1hly \u201evelitelstv\u00ed americk\u00e9 okupace v Irb\u00edlu\u201c.<\/span><\/p>\n<p><iframe loading=\"lazy\" src=\"https:\/\/s1.cdnstatic.space\/wp-content\/uploads\/2026\/03\/drones-1.mp4\" width=\"600\" height=\"338\" data-mce-fragment=\"1\"><\/iframe><\/p>\n<p><span dir=\"auto\">Za zm\u00ednku stoj\u00ed, \u017ee k \u00fatok\u016fm do\u0161lo uprost\u0159ed zpr\u00e1v, \u017ee Bagd\u00e1d jedn\u00e1 s Irb\u00edlem o v\u00fdvozu ropy do Turecka prost\u0159ednictv\u00edm ropovod\u016f Kurdist\u00e1nu.<\/span><\/p>\n<p><span dir=\"auto\">Ir\u00e1k byl zasa\u017een faktickou blok\u00e1dou Hormuzsk\u00e9ho pr\u016flivu, kter\u00e1 za\u010dala v\u00e1lkou proti \u00cdr\u00e1nu, a s\u00e9rie americk\u00fdch \u00fader\u016f zam\u011b\u0159en\u00fdch na ostrov Charg \u2013 hlavn\u00ed exportn\u00ed uzel ropy Isl\u00e1msk\u00e9 republiky \u2013 zp\u016fsobila dal\u0161\u00ed eskalaci, p\u0159i\u010dem\u017e \u00cdr\u00e1nci ohro\u017euj\u00ed americk\u00e1 ekonomick\u00e1 aktiva v regionu.<\/span><\/p>\n<p><img decoding=\"async\" loading=\"lazy\" class=\"alignnone size-full wp-image-1185\" src=\"http:\/\/www.infokuryr.cz\/n\/wp-content\/uploads\/2021\/04\/kuryr-podpis.png\" alt=\"\" width=\"84\" height=\"24\" \/><\/p>\n<p>&nbsp;<\/p>\n","protected":false},"excerpt":{"rendered":"<p>S\u00e9rie \u00fatok\u016f dron\u016f zam\u011b\u0159en\u00fdch na ir\u00e1ck\u00fd Kurdist\u00e1n 14. b\u0159ezna zas\u00e1hla ropnou rafinerii a konzul\u00e1t Spojen\u00fdch&#8230;<\/p>\n","protected":false},"author":2,"featured_media":102026,"comment_status":"closed","ping_status":"closed","sticky":false,"template":"","format":"standard","meta":[],"categories":[7],"tags":[7327,2856,3388,40,5135],"_links":{"self":[{"href":"https:\/\/www.infokuryr.cz\/n\/wp-json\/wp\/v2\/posts\/102025"}],"collection":[{"href":"https:\/\/www.infokuryr.cz\/n\/wp-json\/wp\/v2\/posts"}],"about":[{"href":"https:\/\/www.infokuryr.cz\/n\/wp-json\/wp\/v2\/types\/post"}],"author":[{"embeddable":true,"href":"https:\/\/www.infokuryr.cz\/n\/wp-json\/wp\/v2\/users\/2"}],"replies":[{"embeddable":true,"href":"https:\/\/www.infokuryr.cz\/n\/wp-json\/wp\/v2\/comments?post=102025"}],"version-history":[{"count":0,"href":"https:\/\/www.infokuryr.cz\/n\/wp-json\/wp\/v2\/posts\/102025\/revisions"}],"wp:featuredmedia":[{"embeddable":true,"href":"https:\/\/www.infokuryr.cz\/n\/wp-json\/wp\/v2\/media\/102026"}],"wp:attachment":[{"href":"https:\/\/www.infokuryr.cz\/n\/wp-json\/wp\/v2\/media?parent=102025"}],"wp:term":[{"taxonomy":"category","embeddable":true,"href":"https:\/\/www.infokuryr.cz\/n\/wp-json\/wp\/v2\/categories?post=102025"},{"taxonomy":"post_tag","embeddable":true,"href":"https:\/\/www.infokuryr.cz\/n\/wp-json\/wp\/v2\/tags?post=102025"}],"curies":[{"name":"wp","href":"https:\/\/api.w.org\/{rel}","templated":true}]}}