{"id":102023,"date":"2026-03-16T00:28:39","date_gmt":"2026-03-15T23:28:39","guid":{"rendered":"https:\/\/www.infokuryr.cz\/n\/?p=102023"},"modified":"2026-03-15T16:32:20","modified_gmt":"2026-03-15T15:32:20","slug":"pet-americkych-tankeru-pro-doplnovani-paliva-bylo-zasazeno-pri-iranskem-utoku-na-saudskoarabskou-leteckou-zakladnu","status":"publish","type":"post","link":"https:\/\/www.infokuryr.cz\/n\/2026\/03\/16\/pet-americkych-tankeru-pro-doplnovani-paliva-bylo-zasazeno-pri-iranskem-utoku-na-saudskoarabskou-leteckou-zakladnu\/","title":{"rendered":"P\u011bt americk\u00fdch tanker\u016f pro dopl\u0148ov\u00e1n\u00ed paliva bylo zasa\u017eeno p\u0159i \u00edr\u00e1nsk\u00e9m \u00fatoku na sa\u00fadskoarabskou leteckou z\u00e1kladnu"},"content":{"rendered":"<div id=\"fb-root\"><\/div>\n<p><strong><span dir=\"auto\">Ned\u00e1vn\u00fd \u00edr\u00e1nsk\u00fd raketov\u00fd \u00fatok zas\u00e1hl leteckou z\u00e1kladnu prince Sult\u00e1na v Sa\u00fadsk\u00e9 Ar\u00e1bii a po\u0161kodil p\u011bt tanker\u016f americk\u00e9ho letectva, kter\u00e9 dopl\u0148ovaly palivo za letu,\u00a0informoval 13. b\u0159ezna\u00a0<\/span><a href=\"https:\/\/www.wsj.com\/livecoverage\/us-israel-iran-war-news-2026\/card\/five-air-force-refueling-planes-hit-in-iranian-strike-on-saudi-arabia-wHYFMW2YG3p0rwH3HaGU\"><span dir=\"auto\">den\u00edk The Wall Street Journal s odvol\u00e1n\u00edm na dva americk\u00e9 \u00fa\u0159edn\u00edky.<\/span><\/a><\/strong><\/p>\n<p><span dir=\"auto\">Letadla byla po\u0161kozena, ale nezni\u010dena, a p\u0159i tomto \u00fatoku nikdo nebyl zabit, uv\u00e1d\u00ed se ve zpr\u00e1v\u011b, kter\u00e1 poznamen\u00e1v\u00e1, \u017ee tankery se opravuj\u00ed.<\/span><\/p>\n<p><span dir=\"auto\">Zpr\u00e1va neodhalila typ zasa\u017een\u00fdch tanker\u016f, ale nejnov\u011bj\u0161\u00ed satelitn\u00ed sn\u00edmky z Prince Sultana ukazuj\u00ed pouze na m\u00edst\u011b nasazen\u00e9 Stratotankery KC-135. P\u0159esto nelze vylou\u010dit, \u017ee se tam nach\u00e1zely i n\u011bkter\u00e9 z pokro\u010dilej\u0161\u00edch tanker\u016f KC-46 Pegasus americk\u00e9ho letectva.<\/span><\/p>\n<p><span dir=\"auto\">Leteck\u00e1 z\u00e1kladna, kter\u00e1 se nach\u00e1z\u00ed v Al Kharj, v sou\u010dasnosti slou\u017e\u00ed jako hlavn\u00ed uzel pro operace americk\u00e9ho letectva a je zde nasazeno n\u011bkolik letadel v\u010dasn\u00e9ho varov\u00e1n\u00ed a \u0159\u00edzen\u00ed (AEW&amp;C) E-3 Sentry a letadel komunika\u010dn\u00edho uzlu E-11A Battlefield Airborne Communications Node (BACN).<\/span><\/p>\n<div id=\"attachment_242828\" class=\"wp-caption aligncenter\" style=\"width: 603px;\"><a href=\"https:\/\/s1.cdnstatic.space\/wp-content\/uploads\/2026\/03\/HDW-5z4WkAAtsub.jpg\" target=\"_blank\" rel=\"noopener\"><img decoding=\"async\" loading=\"lazy\" class=\"wp-image-242828\" src=\"https:\/\/s1.cdnstatic.space\/wp-content\/uploads\/2026\/03\/HDW-5z4WkAAtsub-1024x608.jpg\" sizes=\"(max-width: 600px) 100vw, 600px\" srcset=\"https:\/\/s5.cdnstatic.space\/wp-content\/uploads\/2026\/03\/HDW-5z4WkAAtsub-1024x608.jpg 1024w, https:\/\/s5.cdnstatic.space\/wp-content\/uploads\/2026\/03\/HDW-5z4WkAAtsub-490x291.jpg 490w, https:\/\/s5.cdnstatic.space\/wp-content\/uploads\/2026\/03\/HDW-5z4WkAAtsub-768x456.jpg 768w, https:\/\/s5.cdnstatic.space\/wp-content\/uploads\/2026\/03\/HDW-5z4WkAAtsub.jpg 1280w\" alt=\"\" width=\"603\" height=\"358\" aria-describedby=\"caption-attachment-242828\" \/><\/a><\/p>\n<p id=\"caption-attachment-242828\" class=\"wp-caption-text\"><span dir=\"auto\">Kliknut\u00edm zobraz\u00edte obr\u00e1zek v pln\u00e9 velikosti. (MizarVision)<\/span><\/p>\n<\/div>\n<p><span dir=\"auto\">Sa\u00fadskoarabsk\u00e9 ministerstvo obrany v posledn\u00edch dnech informovalo o zachycen\u00ed des\u00edtek sebevra\u017eedn\u00fdch dron\u016f a n\u011bkolika raket, jeliko\u017e \u00cdr\u00e1n eskaloval sv\u00e9 \u00fadery v reakci na prob\u00edhaj\u00edc\u00ed americko-izraelskou v\u00e1lku.<\/span><\/p>\n<p><span dir=\"auto\">Ministerstvo ozn\u00e1milo, \u017ee v uplynul\u00e9m dni zachytilo raketu v Al-Chard\u017e a d\u00e1le asi 20 dron\u016f v bl\u00edzk\u00fdch oblastech ve st\u0159edn\u00ed a v\u00fdchodn\u00ed \u010d\u00e1sti kr\u00e1lovstv\u00ed.<\/span><\/p>\n<p><span dir=\"auto\">Americk\u00fd voj\u00e1k zem\u0159el po v\u00e1\u017en\u00e9m zran\u011bn\u00ed b\u011bhem \u00edr\u00e1nsk\u00e9ho \u00fatoku na z\u00e1kladnu v Sa\u00fadsk\u00e9 Ar\u00e1bii 1. b\u0159ezna. Dost dob\u0159e by se mohlo jednat o \u00fatok, o kter\u00e9m informoval den\u00edk WSJ.<\/span><\/p>\n<p><span dir=\"auto\">Satelitn\u00ed sn\u00edmky, kter\u00e9 ned\u00e1vno sd\u00edlela \u00edr\u00e1nsk\u00e1 m\u00e9dia, ukazuj\u00ed dopady st\u0159el na dva velk\u00e9 hang\u00e1ry, jeden z nich se nach\u00e1z\u00ed hned vedle p\u0159ist\u00e1vac\u00ed plochy, kde jsou um\u00edst\u011bna letadla americk\u00e9ho letectva.<\/span><\/p>\n<div id=\"attachment_242830\" class=\"wp-caption aligncenter\" style=\"width: 602px;\"><a href=\"https:\/\/s1.cdnstatic.space\/wp-content\/uploads\/2026\/03\/HDOmx-VbEAATpBa.jpg\" target=\"_blank\" rel=\"noopener\"><img decoding=\"async\" loading=\"lazy\" class=\"wp-image-242830\" src=\"https:\/\/s1.cdnstatic.space\/wp-content\/uploads\/2026\/03\/HDOmx-VbEAATpBa-1024x427.jpg\" sizes=\"(max-width: 600px) 100vw, 600px\" srcset=\"https:\/\/s5.cdnstatic.space\/wp-content\/uploads\/2026\/03\/HDOmx-VbEAATpBa-1024x427.jpg 1024w, https:\/\/s5.cdnstatic.space\/wp-content\/uploads\/2026\/03\/HDOmx-VbEAATpBa-490x204.jpg 490w, https:\/\/s5.cdnstatic.space\/wp-content\/uploads\/2026\/03\/HDOmx-VbEAATpBa-768x320.jpg 768w, https:\/\/s5.cdnstatic.space\/wp-content\/uploads\/2026\/03\/HDOmx-VbEAATpBa.jpg 1280w\" alt=\"\" width=\"602\" height=\"251\" aria-describedby=\"caption-attachment-242830\" \/><\/a><\/p>\n<p id=\"caption-attachment-242830\" class=\"wp-caption-text\"><span dir=\"auto\">Kliknut\u00edm zobraz\u00edte obr\u00e1zek v pln\u00e9 velikosti. (X)<\/span><\/p>\n<\/div>\n<div id=\"attachment_242829\" class=\"wp-caption aligncenter\" style=\"width: 605px;\"><a href=\"https:\/\/s1.cdnstatic.space\/wp-content\/uploads\/2026\/03\/HDOm4rxaAAArW44.jpg\" target=\"_blank\" rel=\"noopener\"><img decoding=\"async\" loading=\"lazy\" class=\"wp-image-242829\" src=\"https:\/\/s1.cdnstatic.space\/wp-content\/uploads\/2026\/03\/HDOm4rxaAAArW44-1024x577.jpg\" sizes=\"auto, (max-width: 600px) 100vw, 600px\" srcset=\"https:\/\/s5.cdnstatic.space\/wp-content\/uploads\/2026\/03\/HDOm4rxaAAArW44-1024x577.jpg 1024w, https:\/\/s5.cdnstatic.space\/wp-content\/uploads\/2026\/03\/HDOm4rxaAAArW44-490x276.jpg 490w, https:\/\/s5.cdnstatic.space\/wp-content\/uploads\/2026\/03\/HDOm4rxaAAArW44-768x433.jpg 768w, https:\/\/s5.cdnstatic.space\/wp-content\/uploads\/2026\/03\/HDOm4rxaAAArW44.jpg 1280w\" alt=\"\" width=\"605\" height=\"341\" aria-describedby=\"caption-attachment-242829\" \/><\/a><\/p>\n<p id=\"caption-attachment-242829\" class=\"wp-caption-text\"><span dir=\"auto\">Kliknut\u00edm zobraz\u00edte obr\u00e1zek v pln\u00e9 velikosti. (X)<\/span><\/p>\n<\/div>\n<p><span dir=\"auto\">Nejnov\u011bj\u0161\u00ed zpr\u00e1va z\u0159ejm\u011b rozzlobila americk\u00e9ho prezidenta Trumpa, kter\u00fd 14. b\u0159ezna bagatelizoval \u0161kody zp\u016fsoben\u00e9 \u00edr\u00e1nsk\u00fdm \u00fatokem na prince Sult\u00e1na.<\/span><\/p>\n<p><em><span dir=\"auto\">\u201eOp\u011bt \u00famysln\u011b zav\u00e1d\u011bj\u00edc\u00ed titulek od m\u00e9di\u00ed \u0161\u00ed\u0159\u00edc\u00edch fale\u0161n\u00e9 zpr\u00e1vy o p\u011bti tankovac\u00edch letadlech, kter\u00e1 byla \u00fadajn\u011b sest\u0159elena na leti\u0161ti v Sa\u00fadsk\u00e9 Ar\u00e1bii a kter\u00e1 u\u017e nejsou k ni\u010demu,\u201c napsal Trump v p\u0159\u00edsp\u011bvku na Truth Social.<\/span><\/em><\/p>\n<p><em><span dir=\"auto\">\u201eVe skute\u010dnosti byla z\u00e1kladna zasa\u017eena p\u0159ed p\u00e1r dny, ale letadla nebyla \u201azasa\u017eena\u2018 ani \u201azni\u010dena\u2018. \u010cty\u0159i z p\u011bti neutrp\u011bla prakticky \u017e\u00e1dn\u00e9 po\u0161kozen\u00ed a jsou ji\u017e zp\u011bt v provozu. Jedno bylo o n\u011bco v\u00edce po\u0161kozeno, ale brzy bude ve vzduchu,\u201c pokra\u010doval.<\/span><\/em><\/p>\n<p><em><span dir=\"auto\">\u201e\u017d\u00e1dn\u00e1 nebyla zni\u010dena, nebo se ani nep\u0159ibl\u00ed\u017eila, jak se v titulc\u00edch psaly fale\u0161n\u00e9 zpr\u00e1vy. New York Times a (zejm\u00e9na) The Wall Street Journal a dal\u0161\u00ed pod\u0159adn\u00e9 \u201anoviny\u2018 a m\u00e9dia si ve skute\u010dnosti p\u0159ej\u00ed, abychom v\u00e1lku prohr\u00e1li. Jejich hrozn\u00e9 zpravodajstv\u00ed je prav\u00fdm opakem skute\u010dn\u00fdch fakt\u016f!,\u201c dodal americk\u00fd prezident.<\/span><\/em><\/p>\n<p><span dir=\"auto\">Zpr\u00e1va WSJ vy\u0161la pouh\u00fd den pot\u00e9, co se v Ir\u00e1ku po incidentu z\u0159\u00edtil tanker KC-135. V\u0161ech \u0161est \u010dlen\u016f pos\u00e1dky zahynulo. Druh\u00fd tanker stejn\u00e9ho typu, kter\u00fd byl do incidentu zapojen, byl po\u0161kozen, ale poda\u0159ilo se mu vzl\u00e9tnout na izraelsk\u00e9m leti\u0161ti Ben Gurion. Jeden KC-135 by mohl st\u00e1t p\u0159ibli\u017en\u011b 40 milion\u016f dolar\u016f.<\/span><\/p>\n<p><span dir=\"auto\">\u00cdr\u00e1nu se dosud poda\u0159ilo zp\u016fsobit americk\u00e9 arm\u00e1d\u011b zna\u010dn\u00e9 materi\u00e1ln\u00ed ztr\u00e1ty, krom\u011b zabit\u00ed asi 15 voj\u00e1k\u016f. S pokra\u010duj\u00edc\u00ed v\u00e1lkou budou ztr\u00e1ty pravd\u011bpodobn\u011b nar\u016fstat.<\/span><\/p>\n<p><img decoding=\"async\" loading=\"lazy\" class=\"alignnone size-full wp-image-1185\" src=\"http:\/\/www.infokuryr.cz\/n\/wp-content\/uploads\/2021\/04\/kuryr-podpis.png\" alt=\"\" width=\"84\" height=\"24\" \/><\/p>\n<p>&nbsp;<\/p>\n","protected":false},"excerpt":{"rendered":"<p>Ned\u00e1vn\u00fd \u00edr\u00e1nsk\u00fd raketov\u00fd \u00fatok zas\u00e1hl leteckou z\u00e1kladnu prince Sult\u00e1na v Sa\u00fadsk\u00e9 Ar\u00e1bii a po\u0161kodil p\u011bt&#8230;<\/p>\n","protected":false},"author":2,"featured_media":102024,"comment_status":"closed","ping_status":"closed","sticky":false,"template":"","format":"standard","meta":[],"categories":[7],"tags":[38,2161,7228,37],"_links":{"self":[{"href":"https:\/\/www.infokuryr.cz\/n\/wp-json\/wp\/v2\/posts\/102023"}],"collection":[{"href":"https:\/\/www.infokuryr.cz\/n\/wp-json\/wp\/v2\/posts"}],"about":[{"href":"https:\/\/www.infokuryr.cz\/n\/wp-json\/wp\/v2\/types\/post"}],"author":[{"embeddable":true,"href":"https:\/\/www.infokuryr.cz\/n\/wp-json\/wp\/v2\/users\/2"}],"replies":[{"embeddable":true,"href":"https:\/\/www.infokuryr.cz\/n\/wp-json\/wp\/v2\/comments?post=102023"}],"version-history":[{"count":0,"href":"https:\/\/www.infokuryr.cz\/n\/wp-json\/wp\/v2\/posts\/102023\/revisions"}],"wp:featuredmedia":[{"embeddable":true,"href":"https:\/\/www.infokuryr.cz\/n\/wp-json\/wp\/v2\/media\/102024"}],"wp:attachment":[{"href":"https:\/\/www.infokuryr.cz\/n\/wp-json\/wp\/v2\/media?parent=102023"}],"wp:term":[{"taxonomy":"category","embeddable":true,"href":"https:\/\/www.infokuryr.cz\/n\/wp-json\/wp\/v2\/categories?post=102023"},{"taxonomy":"post_tag","embeddable":true,"href":"https:\/\/www.infokuryr.cz\/n\/wp-json\/wp\/v2\/tags?post=102023"}],"curies":[{"name":"wp","href":"https:\/\/api.w.org\/{rel}","templated":true}]}}