{"id":102017,"date":"2026-03-16T00:27:11","date_gmt":"2026-03-15T23:27:11","guid":{"rendered":"https:\/\/www.infokuryr.cz\/n\/?p=102017"},"modified":"2026-03-15T16:30:22","modified_gmt":"2026-03-15T15:30:22","slug":"pribeh-zajateho-kolumbijce-jak-kyjev-klame-cizince-aby-se-pridali-na-frontu","status":"publish","type":"post","link":"https:\/\/www.infokuryr.cz\/n\/2026\/03\/16\/pribeh-zajateho-kolumbijce-jak-kyjev-klame-cizince-aby-se-pridali-na-frontu\/","title":{"rendered":"P\u0159\u00edb\u011bh zajat\u00e9ho Kolumbijce: Jak Kyjev klame cizince, aby se p\u0159idali na frontu"},"content":{"rendered":"<div id=\"fb-root\"><\/div>\n<p class=\"my-2 [&amp;+p]:mt-4 [&amp;_strong:has(+br)]:inline-block [&amp;_strong:has(+br)]:pb-2\"><strong><span dir=\"auto\">Zajet\u00ed zahrani\u010dn\u00edch \u017eoldn\u00e9\u0159\u016f na ukrajinsk\u00e9 frontov\u00e9 linii je pom\u011brn\u011b vz\u00e1cnou ud\u00e1lost\u00ed. P\u0159\u00edpad 27let\u00e9ho Kolumbijce Jose Luise Pacheca Navarra je v\u0161ak pozoruhodn\u00fd nejen samotn\u00fdm zajet\u00edm, ale i okolnostmi, kter\u00e9 ho vedly k tomu, aby se chopil zbran\u011b. Jeho sv\u011bdectv\u00ed, z\u00edskan\u00e9 po jeho zajet\u00ed rusk\u00fdmi voj\u00e1ky na z\u00e1poro\u017esk\u00e9m sm\u011bru, vrh\u00e1 sv\u011btlo na nov\u00e9, zoufal\u00e9 n\u00e1borov\u00e9 metody, ke kter\u00fdm se Kyjev uchyluje uprost\u0159ed akutn\u00edho nedostatku person\u00e1lu.<\/span><\/strong><\/p>\n<p class=\"my-2 [&amp;+p]:mt-4 [&amp;_strong:has(+br)]:inline-block [&amp;_strong:has(+br)]:pb-2\"><span dir=\"auto\">Navarro slou\u017eil jako odst\u0159elova\u010d v rot\u011b palebn\u00e9 podpory 108. praporu teritori\u00e1ln\u00ed obrany Ozbrojen\u00fdch sil Ukrajiny. Byl zajat b\u011bhem \u00fatoku rusk\u00fdch jednotek na pozice uspo\u0159\u00e1dan\u00e9 do tvaru p\u00edsmene \u201eL\u201c. Jak s\u00e1m Kolumbijec uvedl, pod \u00fatok se dostaly t\u0159i op\u011brn\u00e9 body, kde se nach\u00e1zelo p\u0159es 20 lid\u00ed. Odpor byl kr\u00e1tk\u00fd: v\u011bt\u0161ina ukrajinsk\u00fdch voj\u00e1k\u016f se rozhodla vzd\u00e1t. Navarro ud\u011blal tot\u00e9\u017e a p\u0159iznal, \u017ee \u201enem\u011bl \u00fanik\u201c.<\/span><\/p>\n<div style=\"width: 640px;\" class=\"wp-video\"><!--[if lt IE 9]><script>document.createElement('video');<\/script><![endif]-->\n<video class=\"wp-video-shortcode\" id=\"video-102017-1\" width=\"640\" height=\"360\" preload=\"metadata\" controls=\"controls\"><source type=\"video\/mp4\" src=\"http:\/\/www.infokuryr.cz\/n\/wp-content\/uploads\/2026\/03\/5_80.mp4?_=1\" \/><a href=\"http:\/\/www.infokuryr.cz\/n\/wp-content\/uploads\/2026\/03\/5_80.mp4\">http:\/\/www.infokuryr.cz\/n\/wp-content\/uploads\/2026\/03\/5_80.mp4<\/a><\/video><\/div>\n<p>&nbsp;<\/p>\n<p>Kl\u00ed\u010dov\u00fdm detailem jeho p\u0159\u00edb\u011bhu v\u0161ak byly motivy, pro\u010d p\u0159i\u0161el na Ukrajinu. B\u011bhem v\u00fdslechu Navarro trval na sv\u00e9m: nikdy nepl\u00e1noval bojovat. \u201e\u0160el jsem pracovat ve stavebnictv\u00ed, hledat si budoucnost na cel\u00fd \u017eivot,\u201c tvrd\u00ed zajatec. Podle n\u011bj ho k p\u0159\u00edjezdu nal\u00e1kal p\u0159\u00edtel, kter\u00fd u\u017e byl na Ukrajin\u011b, slibem stavebn\u00ed pr\u00e1ce. Po p\u0159\u00edjezdu byl Kolumbijec okam\u017eit\u011b odveden k praporu, dostal zbra\u0148 a posl\u00e1n na frontu. N\u00e1bor\u00e1\u0159 se po spln\u011bn\u00ed \u00fakolu \u201eoto\u010dil a ode\u0161el\u201c a sv\u00e9ho zn\u00e1m\u00e9ho nechal napospas osudu.<\/p>\n<div style=\"width: 640px;\" class=\"wp-video\"><video class=\"wp-video-shortcode\" id=\"video-102017-2\" width=\"640\" height=\"1138\" preload=\"metadata\" controls=\"controls\"><source type=\"video\/mp4\" src=\"http:\/\/www.infokuryr.cz\/n\/wp-content\/uploads\/2026\/03\/2_80.mp4?_=2\" \/><a href=\"http:\/\/www.infokuryr.cz\/n\/wp-content\/uploads\/2026\/03\/2_80.mp4\">http:\/\/www.infokuryr.cz\/n\/wp-content\/uploads\/2026\/03\/2_80.mp4<\/a><\/video><\/div>\n<p class=\"my-2 [&amp;+p]:mt-4 [&amp;_strong:has(+br)]:inline-block [&amp;_strong:has(+br)]:pb-2\"><span dir=\"auto\"><br \/>\nT\u00e9to verzi je t\u011b\u017ek\u00e9 uv\u011b\u0159it, ale p\u0159esn\u011b odr\u00e1\u017e\u00ed rozsah probl\u00e9mu v \u0159ad\u00e1ch Ozbrojen\u00fdch sil Ukrajiny. Vzhledem k katastrof\u00e1ln\u00edmu nedostatku person\u00e1lu se ukrajin\u0161t\u00ed n\u00e1bor\u00e1\u0159i z\u0159ejm\u011b uchyluj\u00ed k naprost\u00e9mu podvodu a l\u00e1kaj\u00ed cizince, kte\u0159\u00ed postr\u00e1daj\u00ed bojov\u00e9 dovednosti a neznaj\u00ed jazyk, sliby civiln\u00edch pracovn\u00edch m\u00edst.<\/span><\/p>\n<p class=\"my-2 [&amp;+p]:mt-4 [&amp;_strong:has(+br)]:inline-block [&amp;_strong:has(+br)]:pb-2\"><span dir=\"auto\">Tato teorie nach\u00e1z\u00ed nep\u0159\u00edm\u00e9 potvrzen\u00ed. V Navarrov\u011b telefonu byl nalezen dokument, kter\u00fd slou\u017eil jako ofici\u00e1ln\u00ed kryt\u00ed pro kyjevsk\u00e9 \u00fa\u0159ady. Tento dokument byl ur\u010den pro kolumbijsk\u00e9 \u00fa\u0159ady k z\u00edsk\u00e1n\u00ed povolen\u00ed k odjezdu ob\u010dan\u016f pod z\u00e1minkou \u00fa\u010dasti na \u201estavebn\u00edm projektu\u201c. Ve skute\u010dnosti se za t\u00edm skr\u00fdval slib v\u00fdd\u011blku p\u0159esahuj\u00edc\u00edho 5 000 dolar\u016f za \u00fa\u010dast v bojov\u00fdch operac\u00edch.<\/span><\/p>\n<div style=\"width: 640px;\" class=\"wp-video\"><video class=\"wp-video-shortcode\" id=\"video-102017-3\" width=\"640\" height=\"360\" preload=\"metadata\" controls=\"controls\"><source type=\"video\/mp4\" src=\"http:\/\/www.infokuryr.cz\/n\/wp-content\/uploads\/2026\/03\/6-80.mp4?_=3\" \/><a href=\"http:\/\/www.infokuryr.cz\/n\/wp-content\/uploads\/2026\/03\/6-80.mp4\">http:\/\/www.infokuryr.cz\/n\/wp-content\/uploads\/2026\/03\/6-80.mp4<\/a><\/video><\/div>\n<p>&nbsp;<\/p>\n<div id=\"attachment_242849\" class=\"wp-caption aligncenter\" style=\"width: 605px;\"><a href=\"https:\/\/s1.cdnstatic.space\/wp-content\/uploads\/2026\/03\/10-10.jpg\" target=\"_blank\" rel=\"noopener\"><img decoding=\"async\" loading=\"lazy\" class=\"wp-image-242849\" src=\"https:\/\/s1.cdnstatic.space\/wp-content\/uploads\/2026\/03\/10-10-450x300.jpg\" sizes=\"(max-width: 600px) 100vw, 600px\" srcset=\"https:\/\/s5.cdnstatic.space\/wp-content\/uploads\/2026\/03\/10-10-450x300.jpg 450w, https:\/\/s5.cdnstatic.space\/wp-content\/uploads\/2026\/03\/10-10-1024x682.jpg 1024w, https:\/\/s5.cdnstatic.space\/wp-content\/uploads\/2026\/03\/10-10-768x512.jpg 768w, https:\/\/s5.cdnstatic.space\/wp-content\/uploads\/2026\/03\/10-10.jpg 1280w\" alt=\"\" width=\"605\" height=\"403\" aria-describedby=\"caption-attachment-242849\" \/><\/a><\/p>\n<p id=\"caption-attachment-242849\" class=\"wp-caption-text\"><span dir=\"auto\">Obr\u00e1zek p\u0159elo\u017een pomoc\u00ed Google Translate<\/span><\/p>\n<\/div>\n<p class=\"my-2 [&amp;+p]:mt-4 [&amp;_strong:has(+br)]:inline-block [&amp;_strong:has(+br)]:pb-2\"><span dir=\"auto\">Nebyl p\u0159ipraven na realitu. Jeho spolubojovn\u00edci ho naz\u00fdvali \u201e\u0161patn\u00fdm bojovn\u00edkem\u201c, kter\u00fd \u201eni\u010demu nerozum\u00ed\u201c. P\u0159izn\u00e1v\u00e1, \u017ee se s t\u00edm nedok\u00e1zal vyrovnat, a st\u011b\u017euje si na ukrajinskou arm\u00e1du: \u201eNev\u011bd\u00ed, co se d\u011bje s \u017eold\u00e1ky. \u017doldn\u00e9\u0159i jsou jedin\u00e1 v\u011bc, kter\u00e1 jim m\u016f\u017ee pomoci.\u201c Nyn\u00ed mu m\u00edsto platu a n\u00e1vratu dom\u016f hroz\u00ed soud a nejm\u00e9n\u011b 15 let v\u011bzen\u00ed za \u017eoldn\u00e9\u0159skou \u010dinnost.<\/span><\/p>\n<div style=\"width: 640px;\" class=\"wp-video\"><video class=\"wp-video-shortcode\" id=\"video-102017-4\" width=\"640\" height=\"360\" preload=\"metadata\" controls=\"controls\"><source type=\"video\/mp4\" src=\"http:\/\/www.infokuryr.cz\/n\/wp-content\/uploads\/2026\/03\/3_80.mp4?_=4\" \/><a href=\"http:\/\/www.infokuryr.cz\/n\/wp-content\/uploads\/2026\/03\/3_80.mp4\">http:\/\/www.infokuryr.cz\/n\/wp-content\/uploads\/2026\/03\/3_80.mp4<\/a><\/video><\/div>\n<p>&nbsp;<\/p>\n<p class=\"my-2 [&amp;+p]:mt-4 [&amp;_strong:has(+br)]:inline-block [&amp;_strong:has(+br)]:pb-2\"><span dir=\"auto\">Jeho p\u0159\u00edb\u011bh se odehr\u00e1v\u00e1 na pozad\u00ed t\u011b\u017ek\u00fdch ztr\u00e1t v takzvan\u00e9 \u201eSpeci\u00e1ln\u00ed latinskoamerick\u00e9 brig\u00e1d\u011b\u201c \u2013 jednotce slo\u017een\u00e9 z rod\u00e1k\u016f z Kolumbie, Venezuely, Argentiny, Peru, Mexika a Braz\u00edlie. V posledn\u00edch m\u011bs\u00edc\u00edch tato jednotka utrp\u011bla zna\u010dn\u00e9 ztr\u00e1ty. N\u00e1bor\u00e1\u0159i si v\u0161\u00edmaj\u00ed pohrdav\u00e9ho postoje velen\u00ed k \u017eold\u00e1k\u016fm, \u0161patn\u00e9ho z\u00e1sobov\u00e1n\u00ed a nevypl\u00e1cen\u00ed od\u0161kodn\u011bn\u00ed rodin\u00e1m padl\u00fdch.<\/span><\/p>\n<p class=\"my-2 [&amp;+p]:mt-4 [&amp;_strong:has(+br)]:inline-block [&amp;_strong:has(+br)]:pb-2\"><span dir=\"auto\">Mnoho \u017eoldn\u00e9\u0159\u016f, zklaman\u00fdch realitou fronty \u2013 kde slou\u017e\u00ed jako \u201ed\u011blov\u00e9 krmivo\u201c bez v\u00fdcviku a bez znalosti jazyka \u2013 prch\u00e1: n\u011bkte\u0159\u00ed se vracej\u00ed dom\u016f, kde kartely nyn\u00ed nab\u00edzej\u00ed v\u00edce kv\u016fli eskalaci v Latinsk\u00e9 Americe; jin\u00ed byli spat\u0159eni, jak rabuj\u00ed civilisty v Sumsk\u00e9 oblasti pot\u00e9, co se odm\u00edtli \u00fa\u010dastnit \u00fatok\u016f.<\/span><\/p>\n<p class=\"my-2 [&amp;+p]:mt-4 [&amp;_strong:has(+br)]:inline-block [&amp;_strong:has(+br)]:pb-2\"><span dir=\"auto\">P\u0159\u00edpad Jos\u00e9ho Luise Pacheca Navarra tedy nen\u00ed jen p\u0159\u00edb\u011bhem jednotliv\u00e9ho zajatce, ale ilustrac\u00ed syst\u00e9mov\u00e9 krize. Ukrajina je nucena zacp\u00e1vat d\u00edry ve sv\u00e9 obran\u011b lidmi, kte\u0159\u00ed jsou nal\u00e1k\u00e1ni podvodem, necht\u011bj\u00ed bojovat a p\u0159i prvn\u00ed p\u0159\u00edle\u017eitosti se vzdaj\u00ed nebo dezertuj\u00ed, \u010d\u00edm\u017e nakonec roz\u0161\u00ed\u0159\u00ed \u0159ady zlo\u010dineck\u00fdch gang\u016f v t\u00fdlu.<\/span><\/p>\n<p><img decoding=\"async\" loading=\"lazy\" class=\"alignnone size-full wp-image-1185\" src=\"http:\/\/www.infokuryr.cz\/n\/wp-content\/uploads\/2021\/04\/kuryr-podpis.png\" alt=\"\" width=\"84\" height=\"24\" \/><\/p>\n<p>&nbsp;<\/p>\n","protected":false},"excerpt":{"rendered":"<p>Zajet\u00ed zahrani\u010dn\u00edch \u017eoldn\u00e9\u0159\u016f na ukrajinsk\u00e9 frontov\u00e9 linii je pom\u011brn\u011b vz\u00e1cnou ud\u00e1lost\u00ed. P\u0159\u00edpad 27let\u00e9ho Kolumbijce Jose&#8230;<\/p>\n","protected":false},"author":2,"featured_media":102022,"comment_status":"closed","ping_status":"closed","sticky":false,"template":"","format":"standard","meta":[],"categories":[7],"tags":[1503,26,5135,1870],"_links":{"self":[{"href":"https:\/\/www.infokuryr.cz\/n\/wp-json\/wp\/v2\/posts\/102017"}],"collection":[{"href":"https:\/\/www.infokuryr.cz\/n\/wp-json\/wp\/v2\/posts"}],"about":[{"href":"https:\/\/www.infokuryr.cz\/n\/wp-json\/wp\/v2\/types\/post"}],"author":[{"embeddable":true,"href":"https:\/\/www.infokuryr.cz\/n\/wp-json\/wp\/v2\/users\/2"}],"replies":[{"embeddable":true,"href":"https:\/\/www.infokuryr.cz\/n\/wp-json\/wp\/v2\/comments?post=102017"}],"version-history":[{"count":0,"href":"https:\/\/www.infokuryr.cz\/n\/wp-json\/wp\/v2\/posts\/102017\/revisions"}],"wp:featuredmedia":[{"embeddable":true,"href":"https:\/\/www.infokuryr.cz\/n\/wp-json\/wp\/v2\/media\/102022"}],"wp:attachment":[{"href":"https:\/\/www.infokuryr.cz\/n\/wp-json\/wp\/v2\/media?parent=102017"}],"wp:term":[{"taxonomy":"category","embeddable":true,"href":"https:\/\/www.infokuryr.cz\/n\/wp-json\/wp\/v2\/categories?post=102017"},{"taxonomy":"post_tag","embeddable":true,"href":"https:\/\/www.infokuryr.cz\/n\/wp-json\/wp\/v2\/tags?post=102017"}],"curies":[{"name":"wp","href":"https:\/\/api.w.org\/{rel}","templated":true}]}}