{"id":102015,"date":"2026-03-16T00:26:03","date_gmt":"2026-03-15T23:26:03","guid":{"rendered":"https:\/\/www.infokuryr.cz\/n\/?p=102015"},"modified":"2026-03-15T16:23:53","modified_gmt":"2026-03-15T15:23:53","slug":"v-jiznim-libanonu-zuri-strety-zasazeno-nekolik-tanku-izrael-slibuje-invazi-jako-v-gaze","status":"publish","type":"post","link":"https:\/\/www.infokuryr.cz\/n\/2026\/03\/16\/v-jiznim-libanonu-zuri-strety-zasazeno-nekolik-tanku-izrael-slibuje-invazi-jako-v-gaze\/","title":{"rendered":"V ji\u017en\u00edm Libanonu zu\u0159\u00ed st\u0159ety, zasa\u017eeno n\u011bkolik tank\u016f, Izrael slibuje invazi \u201ejako v Gaze\u201c"},"content":{"rendered":"<div id=\"fb-root\"><\/div>\n<p><strong><span dir=\"auto\">V ji\u017en\u00edm Libanonu, srdci Hizball\u00e1hu, zu\u0159ily 14. b\u0159ezna st\u0159ety, den pot\u00e9, co zpr\u00e1va agentury\u00a0<\/span><a href=\"https:\/\/www.axios.com\/2026\/03\/14\/israel-lebanon-ground-invasion-hezbollah\"><span dir=\"auto\">Axios<\/span><\/a><span dir=\"auto\">\u00a0odhalila, \u017ee Izraelsk\u00e9 obrann\u00e9 s\u00edly (IDF) pl\u00e1nuj\u00ed invazi do regionu \u201epodobn\u011b jako do Gazy\u201c.<\/span><\/strong><\/p>\n<p><span dir=\"auto\">Zpr\u00e1va, kter\u00e1 citovala izraelsk\u00e9 a americk\u00e9 p\u0159edstavitele, uv\u00e1d\u00ed, \u017ee Izrael pl\u00e1nuje zah\u00e1jit \u201emasivn\u00ed\u201c pozemn\u00ed invazi do ji\u017en\u00edho Libanonu, aby vytla\u010dil Hizball\u00e1h od hrani\u010dn\u00ed linie a zni\u010dil v\u0161echny jeho zbrojn\u00ed sklady a pozice.<\/span><\/p>\n<p><em><span dir=\"auto\">\u201eUd\u011bl\u00e1me to, co jsme ud\u011blali v Gaze,\u201c \u0159ekl agentu\u0159e Axios vysoce postaven\u00fd izraelsk\u00fd \u00fa\u0159edn\u00edk s odkazem na ni\u010den\u00ed budov a tunel\u016f, kter\u00e9 Hizball\u00e1h pou\u017e\u00edv\u00e1 ke skladov\u00e1n\u00ed zbran\u00ed a prov\u00e1d\u011bn\u00ed \u00fader\u016f.<\/span><\/em><\/p>\n<p><em><span dir=\"auto\">\u201eC\u00edlem je ovl\u00e1dnout \u00fazem\u00ed, zatla\u010dit s\u00edly Hizball\u00e1hu na sever a od hranic a zlikvidovat jeho vojensk\u00e9 pozice a sklady zbran\u00ed ve vesnic\u00edch,\u201c uvedl \u00fa\u0159edn\u00edk.<\/span><\/em><\/p>\n<p><span dir=\"auto\">\u00da\u0159edn\u00edk uvedl, \u017ee Izrael se do zna\u010dn\u00e9 m\u00edry sna\u017eil situaci v Libanonu zvl\u00e1dnout a zam\u011b\u0159it se na \u00cdr\u00e1n, ale to se zm\u011bnilo pot\u00e9, co Hizball\u00e1h 11. b\u0159ezna odp\u00e1lil na sever Izraele v\u00edce ne\u017e 200 raket v r\u00e1mci \u00fatoku koordinovan\u00e9ho s Isl\u00e1mskou republikou, kter\u00e1 z\u00e1rove\u0148 odp\u00e1lila rakety.<\/span><\/p>\n<p><span dir=\"auto\">Skupina obnovila \u00fatoky proti Izraeli hned po zah\u00e1jen\u00ed v\u00e1lky proti \u00cdr\u00e1nu, \u010d\u00edm\u017e ukon\u010dila p\u0159\u00edm\u011b\u0159\u00ed v Libanonu, kter\u00e9 p\u0159ed v\u00edce ne\u017e 15 m\u011bs\u00edci zprost\u0159edkovaly Spojen\u00e9 st\u00e1ty.<\/span><\/p>\n<p><em><span dir=\"auto\">\u201eP\u0159ed t\u00edmto \u00fatokem jsme byli p\u0159ipraveni na p\u0159\u00edm\u011b\u0159\u00ed v Libanonu, ale po n\u011bm nen\u00ed cesty zp\u011bt od masivn\u00ed operace,\u201c \u0159ekl serveru vysoce postaven\u00fd izraelsk\u00fd \u00fa\u0159edn\u00edk.<\/span><\/em><\/p>\n<p><span dir=\"auto\">N\u00e1\u010deln\u00edk \u0161t\u00e1bu IDF gener\u00e1lporu\u010d\u00edk Eyal Zamir na\u0159\u00eddil \u2013 ve stejn\u00fd den, kdy agentura Axios zve\u0159ejnila svou zpr\u00e1vu \u2013 \u201erozs\u00e1hl\u00e9 pos\u00edlen\u00ed\u201c vojsk v Severn\u00edm velitelstv\u00ed \u201ev r\u00e1mci pos\u00edlen\u00ed p\u0159ipravenosti na r\u016fzn\u00e9 \u00fato\u010dn\u00e9 a obrann\u00e9 sc\u00e9n\u00e1\u0159e\u201c, uv\u00e1d\u00ed se v vojensk\u00e9m prohl\u00e1\u0161en\u00ed.<\/span><\/p>\n<p><span dir=\"auto\">Nasazen\u00ed bude zahrnovat s\u00edly st\u00e1l\u00e9 arm\u00e1dy, v\u010detn\u011b elitn\u00ed 98. para\u0161utistick\u00e9 divize se dv\u011bma bojov\u00fdmi t\u00fdmy na \u00farovni brig\u00e1dy a \u017eenijn\u00edmi prapory.<\/span><\/p>\n<p><span dir=\"auto\">V ji\u017en\u00edm Libanonu zu\u0159ily 14. b\u0159ezna boje mezi IDF a Hizball\u00e1hem, zejm\u00e9na ve strategicky d\u016fle\u017eit\u00e9m m\u011bst\u011b Khiam a bl\u00edzk\u00fdch oblastech.<\/span><\/p>\n<p><span dir=\"auto\">V samostatn\u00fdch prohl\u00e1\u0161en\u00edch zve\u0159ejn\u011bn\u00fdch v pr\u016fb\u011bhu dne skupina uvedla, \u017ee zas\u00e1hla n\u011bkolik hlavn\u00edch bojov\u00fdch tank\u016f IDF a zam\u011b\u0159ila se na n\u011bkolik shrom\u00e1\u017ed\u011bn\u00ed izraelsk\u00fdch voj\u00e1k\u016f. IDF ze sv\u00e9 strany zah\u00e1jila intenzivn\u00ed \u00fadery zam\u011b\u0159en\u00e9 na ji\u017en\u00ed Libanon, kde bylo \u00fadajn\u011b zabito 19 lid\u00ed, a tak\u00e9 na ba\u0161tu Hizball\u00e1hu v ji\u017en\u00edch p\u0159edm\u011bst\u00edch Bejr\u00fatu.<\/span><\/p>\n<p><span dir=\"auto\">Libanonsk\u00e9 ministerstvo zdravotnictv\u00ed uvedlo, \u017ee po\u010det ob\u011bt\u00ed izraelsk\u00fdch \u00fatok\u016f v zemi od za\u010d\u00e1tku boj\u016f vzrostl na 826 a 2 009 lid\u00ed bylo zran\u011bno. Izrael zat\u00edm ztratil pouze dva voj\u00e1ky.<\/span><\/p>\n<p><iframe loading=\"lazy\" src=\"https:\/\/s1.cdnstatic.space\/wp-content\/uploads\/2026\/03\/st1.mp4\" width=\"600\" height=\"338\" data-mce-fragment=\"1\"><\/iframe><\/p>\n<p><iframe loading=\"lazy\" src=\"https:\/\/s1.cdnstatic.space\/wp-content\/uploads\/2026\/03\/st2.mp4\" width=\"600\" height=\"338\" data-mce-fragment=\"1\"><\/iframe><\/p>\n<p><iframe loading=\"lazy\" src=\"https:\/\/s1.cdnstatic.space\/wp-content\/uploads\/2026\/03\/st3.mp4\" width=\"600\" height=\"338\" data-mce-fragment=\"1\"><\/iframe><\/p>\n<p><iframe loading=\"lazy\" src=\"https:\/\/s1.cdnstatic.space\/wp-content\/uploads\/2026\/03\/st4.mp4\" width=\"600\" height=\"338\" data-mce-fragment=\"1\"><\/iframe><\/p>\n<p><iframe loading=\"lazy\" src=\"https:\/\/s1.cdnstatic.space\/wp-content\/uploads\/2026\/03\/st5.mp4\" width=\"600\" height=\"338\" data-mce-fragment=\"1\"><\/iframe><\/p>\n<p><iframe loading=\"lazy\" src=\"https:\/\/s1.cdnstatic.space\/wp-content\/uploads\/2026\/03\/st6.mp4\" width=\"600\" height=\"338\" data-mce-fragment=\"1\"><\/iframe><\/p>\n<p><span dir=\"auto\">Plnohodnotn\u00e1 invaze by mohla b\u00fdt pro IDF velmi n\u00e1kladn\u00e1, proto\u017ee Hizball\u00e1h je st\u00e1le dob\u0159e vyzbrojen\u00fd a zd\u00e1 se, \u017ee je odhodl\u00e1n bojovat za ka\u017edou cenu.<\/span><\/p>\n<p><span dir=\"auto\">V\u016fdce Hizball\u00e1hu Naim K\u00e1sem 13. b\u0159ezna prohl\u00e1sil, \u017ee jeho skupina je p\u0159ipravena na dlouhou konfrontaci s Izraelem. \u201eP\u0159ipravili jsme se na dlouhou konfrontaci a d\u00e1-li B\u016fh, budou [Izraelci] na boji\u0161ti p\u0159ekvapeni,\u201c \u0159ekl K\u00e1sem ve sv\u00e9m druh\u00e9m televizn\u00edm projevu od za\u010d\u00e1tku posledn\u00ed v\u00e1lky.<\/span><\/p>\n<p><img decoding=\"async\" loading=\"lazy\" class=\"alignnone size-full wp-image-1185\" src=\"http:\/\/www.infokuryr.cz\/n\/wp-content\/uploads\/2021\/04\/kuryr-podpis.png\" alt=\"\" width=\"84\" height=\"24\" \/><\/p>\n<p>&nbsp;<\/p>\n","protected":false},"excerpt":{"rendered":"<p>V ji\u017en\u00edm Libanonu, srdci Hizball\u00e1hu, zu\u0159ily 14. b\u0159ezna st\u0159ety, den pot\u00e9, co zpr\u00e1va agentury\u00a0Axios\u00a0odhalila, \u017ee&#8230;<\/p>\n","protected":false},"author":2,"featured_media":102016,"comment_status":"closed","ping_status":"closed","sticky":false,"template":"","format":"standard","meta":[],"categories":[7],"tags":[1917,107,405,5135],"_links":{"self":[{"href":"https:\/\/www.infokuryr.cz\/n\/wp-json\/wp\/v2\/posts\/102015"}],"collection":[{"href":"https:\/\/www.infokuryr.cz\/n\/wp-json\/wp\/v2\/posts"}],"about":[{"href":"https:\/\/www.infokuryr.cz\/n\/wp-json\/wp\/v2\/types\/post"}],"author":[{"embeddable":true,"href":"https:\/\/www.infokuryr.cz\/n\/wp-json\/wp\/v2\/users\/2"}],"replies":[{"embeddable":true,"href":"https:\/\/www.infokuryr.cz\/n\/wp-json\/wp\/v2\/comments?post=102015"}],"version-history":[{"count":0,"href":"https:\/\/www.infokuryr.cz\/n\/wp-json\/wp\/v2\/posts\/102015\/revisions"}],"wp:featuredmedia":[{"embeddable":true,"href":"https:\/\/www.infokuryr.cz\/n\/wp-json\/wp\/v2\/media\/102016"}],"wp:attachment":[{"href":"https:\/\/www.infokuryr.cz\/n\/wp-json\/wp\/v2\/media?parent=102015"}],"wp:term":[{"taxonomy":"category","embeddable":true,"href":"https:\/\/www.infokuryr.cz\/n\/wp-json\/wp\/v2\/categories?post=102015"},{"taxonomy":"post_tag","embeddable":true,"href":"https:\/\/www.infokuryr.cz\/n\/wp-json\/wp\/v2\/tags?post=102015"}],"curies":[{"name":"wp","href":"https:\/\/api.w.org\/{rel}","templated":true}]}}