{"id":102014,"date":"2026-03-16T00:25:00","date_gmt":"2026-03-15T23:25:00","guid":{"rendered":"https:\/\/www.infokuryr.cz\/n\/?p=102014"},"modified":"2026-03-15T16:19:47","modified_gmt":"2026-03-15T15:19:47","slug":"jiri-paroubek-drzost-americkych-velvyslancu-vuci-republice-presahuje-meze","status":"publish","type":"post","link":"https:\/\/www.infokuryr.cz\/n\/2026\/03\/16\/jiri-paroubek-drzost-americkych-velvyslancu-vuci-republice-presahuje-meze\/","title":{"rendered":"Ji\u0159\u00ed Paroubek: Drzost americk\u00fdch velvyslanc\u016f v\u016f\u010di republice p\u0159esahuje meze"},"content":{"rendered":"<div id=\"fb-root\"><\/div>\n<p><strong>Po velvyslanci Spojen\u00fdch st\u00e1t\u016f v \u010cesk\u00e9 republice se zapojil do n\u00e1tlaku na \u010deskou vl\u00e1du tak\u00e9 velvyslanec Spojen\u00fdch st\u00e1t\u016f p\u0159i NATO. \u010cesk\u00e1 republika pr\u00fd nevyd\u00e1v\u00e1 dostate\u010dn\u00e9 prost\u0159edky na zbrojen\u00ed. A nad t\u011bmito \u00fatoky parlamentn\u00ed opozice j\u00e1s\u00e1. Stejn\u011b tak mainstreamov\u00e1 m\u00e9dia vytv\u00e1\u0159ej\u00ed tlak na Babi\u0161ovu vl\u00e1du, aby se podvolila &#8222;spravedliv\u00fdm&#8216; americk\u00fdm po\u017eadavk\u016fm. Ty pr\u00fd byly dohodnuty (on\u011bch 5 % vojensk\u00fdch v\u00fddaj\u016f z HDP) na summitu NATO v minul\u00e9m roce, kde ov\u0161em s t\u00edmto po\u017eadavkem Donalda Trumpa souhlasil je\u0161t\u011b kabinet Petra Fialy. A jeho prodlou\u017eenou rukou na zm\u00edn\u011bn\u00e9m summitu se stal prezident Petr Pavel.<\/strong><\/p>\n<p style=\"font-weight: 400;\">Na re\u00e1ln\u00fdch \u010d\u00edslech si uka\u017eme, jak je po\u017eadavek Spojen\u00fdch st\u00e1t\u016f inspirovan\u00fd zbroja\u0159sk\u00fdmi koncerny t\u00e9to nejmocn\u011bj\u0161\u00ed zem\u011b Z\u00e1padu vlastn\u011b nep\u0159ijateln\u00fd, nerealistick\u00fd a vlastn\u011b nemor\u00e1ln\u00ed. Oce\u0148uji klid premi\u00e9ra Babi\u0161e a tak\u00e9 dal\u0161\u00edch \u010dlen\u016f jeho vl\u00e1dy, kte\u0159\u00ed hovo\u0159\u00ed o tom, \u017ee republika m\u016f\u017ee d\u00e1t na zbrojen\u00ed jen tolik, kolik je re\u00e1ln\u00e9 d\u00e1t. A ne v\u00edc, ne\u017e jsou jej\u00ed ekonomick\u00e9 mo\u017enosti.<\/p>\n<p style=\"font-weight: 400;\">\u00a0Demonstrujme si celou absurdn\u00ed situaci na skute\u010dn\u00fdch \u010d\u00edslech. V minul\u00e9m roce byly p\u0159\u00edjmy st\u00e1tn\u00edho rozpo\u010dtu necel\u00fdch 2100 miliard korun. Celkem jednoduch\u00fdm propo\u010dtem z objemu ro\u010dn\u00edho hrub\u00e9ho dom\u00e1c\u00edho produktu se d\u00e1 spo\u010d\u00edtat, \u017ee 1 % z HDP bylo minul\u00e9m roce zhruba 80 miliard korun. To znamen\u00e1, \u017ee 5% po\u017eadavek na zbrojen\u00ed, v\u010detn\u011b souvisej\u00edc\u00edch v\u00fddaj\u016f by znamenal vynalo\u017eit \u010d\u00e1stku cca 400 miliard korun.<\/p>\n<p style=\"font-weight: 400;\">\u00a0Pokud se pod\u00edv\u00e1me na celou v\u011bc nezaujat\u011b, tak bychom t\u00e9m\u011b\u0159 ka\u017edou p\u00e1tou korunu z vytvo\u0159en\u00fdch p\u0159\u00edjm\u016f \u010desk\u00e9ho st\u00e1tn\u00edho rozpo\u010dtu museli d\u00e1vat na zbrojen\u00ed a souvisej\u00edc\u00ed v\u00fddaje. Bl\u00e1boly o tom, \u017ee p\u0159ece 1,5 % z on\u011bch 5 % p\u016fjdou na jin\u00e9 v\u00fddaje, nap\u0159\u00edklad na v\u00fdstavbu dopravn\u00ed infrastruktury (zesilov\u00e1n\u00ed mostn\u00edch konstrukc\u00ed, prodlu\u017eov\u00e1n\u00ed p\u0159ist\u00e1vac\u00edch leti\u0161tn\u00edch drah a podobn\u011b), kter\u00e9 souvis\u00ed s posilov\u00e1n\u00edm obranyschopnosti st\u00e1tu jsou jen takovou lehkou slovn\u00ed h\u0159\u00ed\u010dkou. Ani tyto v\u00fddaje, stejn\u011b tak jako dal\u0161\u00ed 3,5 %, nebudou moci b\u00fdt pou\u017eity na \u0161kolstv\u00ed, zdravotnictv\u00ed, v soci\u00e1ln\u00ed oblasti, na rozvoj dopravn\u00ed infrastruktury (tedy krom\u011b posilov\u00e1n\u00ed nosnosti most\u016f pro pot\u0159eby t\u011b\u017ek\u00fdch n\u011bmeck\u00fdch tank\u016f Leopard), ale t\u0159eba tak\u00e9 na kulturu, na rozvoj v\u011bdy a tak d\u00e1le a tak d\u00e1le. Ale samoz\u0159ejm\u011b tak\u00e9 na platy hasi\u010d\u016f, policist\u016f, l\u00e9ka\u0159\u016f ve ve\u0159ejn\u00fdch nemocnic\u00edch, zdravotn\u00edch sester tamt\u00e9\u017e a zam\u011bstnanc\u016f cel\u00e9ho ve\u0159ejn\u00e9ho sektoru. A v neposledn\u00ed \u0159ad\u011b by nebyl dostatek pen\u011bz pro na\u0161e d\u016fchodce. Pro jejich trvale se rozr\u016fstaj\u00edc\u00ed \u201earm\u00e1du&#8220;. A \u010d\u00edm v\u00edce vzroste hrub\u00fd dom\u00e1c\u00ed produkt, t\u00edm vy\u0161\u0161\u00ed by byly v\u00fddaje st\u00e1tn\u00edho rozpo\u010dtu na obranu. To chceme? To p\u0159ece nikdo soudn\u00fd nem\u016f\u017ee cht\u00edt. \u017de se v t\u00e9to v\u011bci nevlastenecky chov\u00e1 parlamentn\u00ed opozice, to opravdu nelze pochopit. To, \u017ee mainstreamov\u00e1 m\u00e9dia umo\u017e\u0148uj\u00ed zve\u0159ej\u0148ov\u00e1n\u00ed jenom t\u011bch jedin\u011b spr\u00e1vn\u00fdch n\u00e1zor\u016f podporuj\u00edc\u00edch zvy\u0161ov\u00e1n\u00ed vojensk\u00fdch v\u00fddaj\u016f, je vlastn\u011b nechutn\u00e9.<\/p>\n<p style=\"font-weight: 400;\">Donald Trump h\u00e1j\u00ed z\u00e1jmy americk\u00fdch zbroja\u0159\u016f, co\u017e je vlastn\u011b vcelku pochopiteln\u00e9 a logick\u00e9. P\u0159edpokl\u00e1d\u00e1m, \u017ee vl\u00e1da \u010dek\u00e1 na ukon\u010den\u00ed konfliktu na Ukrajin\u011b a jakmile k jeho ukon\u010den\u00ed dojde a dojde k m\u00edrov\u00e9mu uspo\u0159\u00e1d\u00e1n\u00ed vztah\u016f Z\u00e1padu a Ruska (tedy p\u0159edev\u0161\u00edm Spojen\u00fdch st\u00e1t\u016f a Ruska), nebude ji\u017e d\u016fvod k tomu, aby se d\u00e1le zvy\u0161ovala disproporce mezi v\u00fddaji evropsk\u00fdch zem\u00ed NATO a Ruska. Ji\u017e dnes je tato disparita zhruba 3 ku 1 ve prosp\u011bch evropsk\u00fdch zem\u00ed NATO. Jak vysok\u00e9 n\u00e1sobky vojensk\u00fdch v\u00fddaj\u016f Ruska bychom m\u011bli v evropsk\u00fdch st\u00e1tech NATO vlastn\u011b m\u00edt, aby vojensko-pr\u016fmyslov\u00fd komplex p\u0159edev\u0161\u00edm Spojen\u00fdch st\u00e1t\u016f byl spokojen. To, \u017ee dovozy drah\u00fdch zbran\u00ed a zbra\u0148ov\u00fdch syst\u00e9m\u016f z USA, ze \u0160v\u00e9dska, N\u011bmecka \u010di odjinud zhor\u0161uj\u00ed obchodn\u00ed bilanci, a tedy sni\u017euj\u00ed HDP, je jasn\u00e9. Ze zem\u011b by tak odpl\u00fdvaly ohromn\u00e9 prost\u0159edky do mnohem bohat\u0161\u00edch zem\u00ed, pod nev\u011brohodn\u00fdm po\u017eadavkem, \u017ee je pot\u0159eba d\u00e1le pos\u00edlit na\u0161i obranu. Proti komu vlastn\u011b? Proti Rusku p\u0159ece m\u00e1me mnohon\u00e1sobnou p\u0159evahu a potenci\u00e1l.\u00a0 A \u010c\u00edna je daleko a je v\u016fbec ot\u00e1zka, zda je pot\u0159eba se \u010c\u00ednsk\u00e9 lidov\u00e9 republiky s ohledem na jej\u00ed celkov\u011b neagresivn\u00ed politiku, kterou prov\u00e1d\u00ed ve sv\u011bt\u011b, ob\u00e1vat.<\/p>\n<p style=\"font-weight: 400;\">\u00a0P\u0159ipomenu je\u0161t\u011b, \u017ee miliardy korun, kter\u00e9 by m\u011bly odplynout z \u010cesk\u00e9 republiky do mnohem bohat\u0161\u00edch zem\u00ed Z\u00e1padu z titulu zbrojn\u00edch v\u00fddaj\u016f a dod\u00e1vek zbran\u00ed z t\u011bchto zem\u00ed, nejsou jedin\u00fdmi v\u00fddaji, kter\u00e9 jdou z \u010cesk\u00e9 republiky p\u0159edev\u0161\u00edm do vysp\u011bl\u00fdch zem\u00ed Z\u00e1padu. Ka\u017edoro\u010dn\u011b p\u0159ev\u00e1d\u00edme z \u010desk\u00fdch dce\u0159in\u00fdch firem zahrani\u010dn\u00edch spole\u010dnost\u00ed na \u00fa\u010dty t\u011bchto mate\u0159sk\u00fdch spole\u010dnost\u00ed v zahrani\u010d\u00ed p\u0159es 300 miliard korun. Seri\u00f3zn\u00ed ekonomov\u00e9 odhaduj\u00ed, \u017ee dal\u0161\u00ed sta miliardy korun odch\u00e1zej\u00ed z republiky v r\u00e1mci mezipodnikov\u00fdch operac\u00ed a p\u0159evod\u016f charakteru slu\u017eeb poskytovan\u00fdch mate\u0159skou spole\u010dnost\u00ed jejich dce\u0159in\u00fdm spole\u010dnostem v \u010cesku. V t\u00e9to souvislosti se hovo\u0159\u00ed o \u010d\u00e1stce a\u017e 500 miliard korun ro\u010dn\u011b.<\/p>\n<p style=\"font-weight: 400;\">Spo\u010dt\u011bme v\u0161echny tyto sumy a zjist\u00edme, \u017ee \u010cesko by se tak stalo novodobou koloni\u00ed a nepochybuji, \u017ee podobn\u011b jsou na tom i dal\u0161\u00ed zem\u011b st\u0159edn\u00ed a v\u00fdchodn\u00ed Evropy. A p\u0159edev\u0161\u00edm pak ve prosp\u011bch vysp\u011blej\u0161\u00ed \u010d\u00e1sti z\u00e1padn\u00edch st\u00e1t\u016f. T\u00edmto zp\u016fsobem bychom vlastn\u011b nedok\u00e1zali nikdy vyrovnat zaost\u00e1v\u00e1n\u00ed \u010cesk\u00e9 republiky za j\u00e1drem st\u00e1t\u016f Evropsk\u00e9 unie, jej\u00ed nejvysp\u011blej\u0161\u00ed \u010d\u00e1st\u00ed. Ani pokud jde o technologickou \u00farove\u0148 hospod\u00e1\u0159stv\u00ed a u\u017e v\u016fbec ne pokud jde o \u017eivotn\u00ed \u00farove\u0148 \u010desk\u00fdch lid\u00ed. Tedy naprost\u00e9 v\u011bt\u0161iny z nich&#8230;<\/p>\n<p><a href=\"https:\/\/vasevec.info\/komentare\/drzost-americkych-velvyslancu-vuci-republice-presahuje-meze\">Ji\u0159\u00ed Paroubek<\/a><\/p>\n<p><img decoding=\"async\" loading=\"lazy\" class=\"alignnone size-medium wp-image-2342\" src=\"http:\/\/www.infokuryr.cz\/n\/wp-content\/uploads\/2021\/06\/paroubek-300x208.jpg\" alt=\"\" width=\"300\" height=\"208\" srcset=\"https:\/\/www.infokuryr.cz\/n\/wp-content\/uploads\/2021\/06\/paroubek-300x208.jpg 300w, https:\/\/www.infokuryr.cz\/n\/wp-content\/uploads\/2021\/06\/paroubek.jpg 318w\" sizes=\"(max-width: 300px) 100vw, 300px\" \/><\/p>\n<p>&nbsp;<\/p>\n","protected":false},"excerpt":{"rendered":"<p>Po velvyslanci Spojen\u00fdch st\u00e1t\u016f v \u010cesk\u00e9 republice se zapojil do n\u00e1tlaku na \u010deskou vl\u00e1du tak\u00e9&#8230;<\/p>\n","protected":false},"author":2,"featured_media":101227,"comment_status":"closed","ping_status":"closed","sticky":false,"template":"","format":"standard","meta":[],"categories":[6],"tags":[1503,37,4657,338],"_links":{"self":[{"href":"https:\/\/www.infokuryr.cz\/n\/wp-json\/wp\/v2\/posts\/102014"}],"collection":[{"href":"https:\/\/www.infokuryr.cz\/n\/wp-json\/wp\/v2\/posts"}],"about":[{"href":"https:\/\/www.infokuryr.cz\/n\/wp-json\/wp\/v2\/types\/post"}],"author":[{"embeddable":true,"href":"https:\/\/www.infokuryr.cz\/n\/wp-json\/wp\/v2\/users\/2"}],"replies":[{"embeddable":true,"href":"https:\/\/www.infokuryr.cz\/n\/wp-json\/wp\/v2\/comments?post=102014"}],"version-history":[{"count":0,"href":"https:\/\/www.infokuryr.cz\/n\/wp-json\/wp\/v2\/posts\/102014\/revisions"}],"wp:featuredmedia":[{"embeddable":true,"href":"https:\/\/www.infokuryr.cz\/n\/wp-json\/wp\/v2\/media\/101227"}],"wp:attachment":[{"href":"https:\/\/www.infokuryr.cz\/n\/wp-json\/wp\/v2\/media?parent=102014"}],"wp:term":[{"taxonomy":"category","embeddable":true,"href":"https:\/\/www.infokuryr.cz\/n\/wp-json\/wp\/v2\/categories?post=102014"},{"taxonomy":"post_tag","embeddable":true,"href":"https:\/\/www.infokuryr.cz\/n\/wp-json\/wp\/v2\/tags?post=102014"}],"curies":[{"name":"wp","href":"https:\/\/api.w.org\/{rel}","templated":true}]}}