{"id":102013,"date":"2026-03-16T00:22:47","date_gmt":"2026-03-15T23:22:47","guid":{"rendered":"https:\/\/www.infokuryr.cz\/n\/?p=102013"},"modified":"2026-03-15T16:16:12","modified_gmt":"2026-03-15T15:16:12","slug":"jiri-vyvadil-privedl-witkoff-a-kushner-trumpa-k-valce-proti-iranu","status":"publish","type":"post","link":"https:\/\/www.infokuryr.cz\/n\/2026\/03\/16\/jiri-vyvadil-privedl-witkoff-a-kushner-trumpa-k-valce-proti-iranu\/","title":{"rendered":"Ji\u0159\u00ed Vyvadil: P\u0159ivedl Witkoff a Kushner Trumpa k v\u00e1lce proti Ir\u00e1nu?"},"content":{"rendered":"<div id=\"fb-root\"><\/div>\n<p><strong>J.V V\u00e1lka proti Ir\u00e1nu na mnoha \u00farovn\u00edch rozbou\u0159ila hladinu ve\u0159ejn\u00e9ho m\u00edn\u011bn\u00ed. A je nesporn\u00e9, \u017ee v\u0161ichni maj\u00ed obavu, \u017ee se opakuje tradi\u010dn\u00ed americk\u00fd evergreen v\u00e1lek na Bl\u00edzk\u00e9m v\u00fdchod\u011b, kter\u00e9 \u010dasto na dlouh\u00e9 roky (Ir\u00e1k 16 let, Afghanist\u00e1n 20 let) negativn\u011b ovlivnily sv\u011bt.<\/strong><\/p>\n<p style=\"font-weight: 400;\">Americk\u00fd analytick\u00fd port\u00e1l The Responsible Statecraft p\u0159inesl velmi kritickou anal\u00fdzu k\u00a0\u00faloze obou americk\u00fdch vyjedn\u00e1va\u010d\u016f Witkoffa a Kuschnera a \u010din\u00ed je odpov\u011bdn\u00fdmi, \u017ee pro svou odbornou nekompetentnost a jednozna\u010dnou n\u00e1vaznost na izraelskou linku p\u0159isp\u011bli k\u00a0rozhodnut\u00ed o vypuknut\u00ed v\u00e1lky.<\/p>\n<p style=\"font-weight: 400;\">Jen na okraj podot\u00fdk\u00e1m, \u017ee zn\u00e1m\u00fd odborn\u00edk na Rusko dr. Brovkin p\u0159inesl na sv\u00e9m port\u00e1lu zpr\u00e1vu, \u017ee i \u010d\u00e1st rusk\u00e9 ve\u0159ejnosti ost\u0159e kritizuje Putina pro spolupr\u00e1ci s\u00a0Trumpem a mimo jin\u00e9 po\u017eaduj\u00ed okam\u017eit\u00e9 zastaven\u00ed rozhovor\u016f veden\u00fdmi s\u00a0uvedenou dvojic\u00ed, co\u017e je na pom\u011bry v\u00a0Rusku a t\u00e9m\u011b\u0159 nedotknuteln\u00fdm postaven\u00edm Putina velice p\u0159ekvapiv\u00e9 .<\/p>\n<p style=\"font-weight: 400;\">Ne tak diplomatick\u00e9: Witkoff, Kushner a Trump\u016fv pochod k v\u00e1lce v\u00a0\u00cdr\u00e1nu.<\/p>\n<p style=\"font-weight: 400;\">Zpr\u00e1vy nazna\u010duj\u00ed, \u017ee dva kl\u00ed\u010dov\u00ed poradci prezidenta poskytli zav\u00e1d\u011bj\u00edc\u00ed rady, kter\u00e9 pomohly dotla\u010dit USA ke konfliktu.<\/p>\n<p style=\"font-weight: 400;\">Branko Marceti\u010d<\/p>\n<p style=\"font-weight: 400;\">The Responsible Statecraft<\/p>\n<ol start=\"14\">\n<li style=\"font-weight: 400;\">b\u0159ezna 2026<\/li>\n<\/ol>\n<p style=\"font-weight: 400;\">Steve Witkoff, zvl\u00e1\u0161tn\u00ed vyslanec pro\u00a0Bl\u00edzk\u00fd v\u00fdchod\u00a0, kter\u00e9ho prezident Donald Trump pov\u011b\u0159il vyjedn\u00e1n\u00edm dohody s\u00a0Ir\u00e1nem\u00a0, v posledn\u00ed dob\u011b nezn\u00ed jako moc diplomat.<\/p>\n<p style=\"font-weight: 400;\">\u201eT\u00e9m\u011b\u0159 je nic nezastav\u00ed, maj\u00ed nekone\u010dn\u00e9 z\u00e1soby [obohacen\u00e9ho uranu],\u201c\u00a0\u0159ekl\u00a0Witkoff Seanu Hannitymu v den za\u010d\u00e1tku v\u00e1lky. \u201eMysleli si, \u017ee n\u00e1s m\u016f\u017eou vyzbrojit&#8230; Bylo naprosto jasn\u00e9, \u017ee to bude \u2013 \u017ee to bude nemo\u017en\u00e9, pravd\u011bpodobn\u011b u\u017e na druh\u00e9 sch\u016fzce.\u201c<\/p>\n<p style=\"font-weight: 400;\">\u201eChlubili se t\u00edm, \u017ee maj\u00ed 60% obohacen\u00e9 palivo, co\u017e sta\u010d\u00ed na 11 bomb,\u201c \u0159ekl\u00a0npvon\u00e1\u0159\u016fm\u00a0sedm dn\u00ed po za\u010d\u00e1tku konfliktu. \u201e\u0158ekli mi a Jaredovi: \u201aNed\u00e1me v\u00e1m diplomaticky to, co si nem\u016f\u017eete vz\u00edt vojensky.\u2018 Tak\u017ee si mysl\u00edm, \u017ee budou pot\u0159ebovat zm\u011bnu p\u0159\u00edstupu.\u201c<\/p>\n<p style=\"font-weight: 400;\">\u201eZa rok, kdybyste m\u011bli n\u011bkoho, kdo by nem\u011bl odvahu k tomuto \u010dinu, m\u011bli byste 30 nebo 40 jadern\u00fdch bomb,\u201c \u0159ekl\u00a0<a href=\"https:\/\/www.cnbc.com\/video\/2026\/03\/10\/steve-witkofff-russians-told-trump-they-have-not-shared-intelligence-with-iran-during-war.html\">v<\/a>\u00a0\u00fater\u00fd v rozhovoru pro CNBC.<\/p>\n<p style=\"font-weight: 400;\">Toto jsou jen n\u011bkter\u00e1 z ve\u0159ejn\u00fdch prohl\u00e1\u0161en\u00ed, kter\u00e1 vyvolala v\u00e1\u017en\u00e9 ot\u00e1zky ohledn\u011b Witkoffovy role v rozpout\u00e1n\u00ed v\u00e1lky. Witkoff a jeho spoluvyjednava\u010d, Trump\u016fv ze\u0165 Jared Kushner, \u00fadajn\u011b v p\u0159edve\u010der kampan\u011b B\u00edl\u00e9mu domu \u0159ekli, \u017ee \u00cdr\u00e1n rozhovory vyu\u017e\u00edv\u00e1 pouze k z\u00edsk\u00e1n\u00ed \u010dasu \u2013 tento z\u00e1v\u011br, kter\u00fd podle nejm\u00e9n\u011b\u00a0t\u0159\u00ed samostatn\u00fdch\u00a0ovlivnil Trumpovo rozhodnut\u00ed schv\u00e1lit operaci .<\/p>\n<p style=\"font-weight: 400;\">S\u00e1m Trump ve\u0159ejn\u011b\u00a0 prohl\u00e1sil\u00a0, \u017ee ho dvojice p\u0159esv\u011bd\u010dila k zah\u00e1jen\u00ed v\u00e1lky. Toto rozhodnut\u00ed\u00a0p\u0159i\u0161lo na z\u00e1klad\u011b\u00a0m\u011bs\u00ed\u010dn\u00ed\u00a0n\u00e1tlakov\u00e9 kampan\u011b\u00a0izraelsk\u00e9ho premi\u00e9ra Benjamina Netanjahua, kterou koordinoval\u00a0prov\u00e1le\u010dn\u00fdm Trumpov\u00fdm spojencem sen\u00e1torem Lindseyem Grahamem a na kterou nal\u00e9hala skupina dlouholet\u00fdch vlivn\u00fdch\u00a0jest\u0159\u00e1b\u016f\u00a0, jako jsou\u00a0Hannity a Mark Levin\u00a0.<\/p>\n<p style=\"font-weight: 400;\">Witkoffova prohl\u00e1\u0161en\u00ed nejen\u017ee vyvolala podivn\u00e9 pochybnosti kv\u016fli sv\u00e9 podivn\u011b agresivn\u00ed povaze. N\u011bkolik expert\u016f a zahrani\u010dn\u00edch \u00fa\u0159edn\u00edk\u016f se tak\u00e9 vyj\u00e1d\u0159ilo proti Witkoffov\u011b a Kushnerov\u011b zjevn\u00e9 neznalosti technick\u00fdch ot\u00e1zek.<\/p>\n<p style=\"font-weight: 400;\"><strong>Om\u00e1nsk\u00fd ministr zahrani\u010d\u00ed Badr bin Hamad Al Busaidi, kter\u00fd byl v rozhovorech jedn\u00edm z prost\u0159edn\u00edk\u016f, u\u010dinil neobvykl\u00fd krok a po jedn\u00e1n\u00edch nal\u00e9hav\u011b odlet\u011bl do Washingtonu, aby B\u00edl\u00e9mu domu i\u00a0americk\u00e9 ve\u0159ejnosti\u00a0sd\u011blil , \u017ee na rozd\u00edl od Wiktoffova a Kushnerova odm\u00edtav\u00e9ho prohl\u00e1\u0161en\u00ed \u00cdr\u00e1n u\u010dinil \u00fastupky, kter\u00e9 \u0161ly daleko za r\u00e1mec jadern\u00e9 dohody prezidenta Baracka Obamy z roku 2015<\/strong>.<\/p>\n<p style=\"font-weight: 400;\">Prezident Asociace pro kontrolu zbrojen\u00ed Daryl Kimball \u0159ekl\u00a0report\u00e9rce Lau\u0159e Rozenov\u00e9, \u017ee na z\u00e1klad\u011b neofici\u00e1ln\u00edho briefingu Trumpov\u00fdch p\u0159edstavitel\u016f o ne\u00fasp\u011bchu rozhovor\u016f se zd\u00e1, \u017ee oba fat\u00e1ln\u011b nepochopili \u0159adu\u00a0z\u00e1kladn\u00edch technick\u00fdch a historick\u00fdch z\u00e1le\u017eitost\u00ed\u00a0kter\u00e9 byly s rozhovory spojeny. Zat\u00edmco Witkoff a Kushner pova\u017eovali \u00edr\u00e1nsk\u00e9 nal\u00e9h\u00e1n\u00ed na pokra\u010dov\u00e1n\u00ed v pou\u017e\u00edv\u00e1n\u00ed 20% obohacen\u00e9ho uranu v teher\u00e1nsk\u00e9m v\u00fdzkumn\u00e9m reaktoru (TRR) za varovn\u00fd sign\u00e1l,\u00a0<strong>neexistuj\u00ed \u017e\u00e1dn\u00e9 d\u016fkazy o tom, \u017ee by reaktor byl pou\u017eit nebo by mohl b\u00fdt pou\u017eit k v\u00fdrob\u011b bomby,\u00a0uvedli\u00a0pro MS NOW jadern\u00ed experti.<\/strong><\/p>\n<p style=\"font-weight: 400;\"><a href=\"https:\/\/responsiblestatecraft.org\/newsletter-2668459384\/\">Bulletin<\/a><\/p>\n<p style=\"font-weight: 400;\">P\u0159ihlaste se k odb\u011bru na\u0161eho t\u00fddenn\u00edho shrnut\u00ed a nenechte si uj\u00edt ani chvilku s va\u0161imi obl\u00edben\u00fdmi p\u0159isp\u011bvateli a report\u00e9ry RS, stejn\u011b jako s anal\u00fdzami, n\u00e1zory a zpr\u00e1vami na\u0161ich zam\u011bstnanc\u016f, kter\u00e9 propaguj\u00ed pozitivn\u00ed a nestranickou vizi zahrani\u010dn\u00ed politiky USA.<\/p>\n<p style=\"font-weight: 400;\">Na z\u00e1klad\u011b t\u011bchto zpr\u00e1v n\u011bkolik pozorovatel\u016f dosp\u011blo k z\u00e1v\u011bru, \u017ee\u00a0<strong>v\u00e1lka mohla za\u010d\u00edt kv\u016fli \u201e\u00a0nedostatku jadern\u00fdch znalost\u00ed\u00a0\u201c Witkoffa a Kushnera a\u00a0proto\u00a0jim \u201echyb\u011bly technick\u00e9 znalosti, aby v\u016fbec pochopili, co \u00cdr\u00e1nci v jedn\u00e1n\u00edch nab\u00edzej\u00ed\u201c.\u00a0Trumpova administrativa\u00a0se dokonce rozhodla neza\u0159adit jadern\u00e9 experty do vyjedn\u00e1vac\u00edho t\u00fdmu, co\u017e\u00a0\u00fadajn\u011b \u00cdr\u00e1nce zm\u00e1tlo.<\/strong><\/p>\n<p style=\"font-weight: 400;\"><strong>Dal\u0161\u00ed osoby zasv\u011bcen\u00e9 do jedn\u00e1n\u00ed vznesly z\u00e1va\u017en\u011bj\u0161\u00ed obvin\u011bn\u00ed a p\u0159\u00edmo zpochybnily Witkoffovu a Kushnerovu verzi ud\u00e1lost\u00ed. Witkoffovo tvrzen\u00ed, \u017ee se \u00cdr\u00e1nci chlubili dostate\u010dn\u00fdm mno\u017estv\u00edm obohacen\u00e9ho uranu pro 11 jadern\u00fdch bomb, se zkr\u00e1tka nikdy nestalo<\/strong>,\u00a0uvedly\u00a0pro MS NOW t\u0159et\u00ed strany p\u0159\u00edtomn\u00e9 na jedn\u00e1n\u00edch. Jeden diplomat ze st\u00e1tu Persk\u00e9ho z\u00e1livu\u00a0uvedl\u00a0toto tvrzen\u00ed \u2013 kter\u00e9 Witkoff stanici Fox News vykreslil jako skrytou hrozbu \u00edr\u00e1nsk\u00fdch vyjednava\u010d\u016f \u2013 je \u201enep\u0159esn\u00e9\u201c a \u017ee se \u00cdr\u00e1nci m\u00edsto toho sna\u017e\u00ed \u0159\u00edct, \u201e\u017ee ve\u0161ker\u00fd tento materi\u00e1l m\u016f\u017ee zmizet, pokud dos\u00e1hneme dohody a \u00cdr\u00e1n bude zbaven sankc\u00ed\u201c.<\/p>\n<p style=\"font-weight: 400;\">Diplomat ze st\u00e1tu Persk\u00e9ho z\u00e1livu tak\u00e9\u00a0listu \u0159ekl\u00a0, \u017ee Witkoff zkreslil prohl\u00e1\u0161en\u00ed \u0159editele Mezin\u00e1rodn\u00ed agentury pro atomovou energii (MAAE) Rafaela Grossiho. Americk\u00fd vyslanec tvrdil, \u017ee \u00cdr\u00e1n v TRR obohacuje a skladuje uran, sp\u00ed\u0161e ne\u017e aby vyv\u00edjel l\u00e9\u010debn\u00e9 izotopy \u2013 toto tvrzen\u00ed \u201eprost\u011b nen\u00ed pravda\u201c a bylo zalo\u017eeno na konverzaci, kterou \u201epan Witkoff zcela vytrhl z kontextu\u201c, uvedl diplomat.<\/p>\n<p style=\"font-weight: 400;\"><strong>V d\u016fsledku toho\u00a0\u00a0\u00edr\u00e1n\u0161t\u00ed p\u0159edstavitel\u00e9 za\u010dali Witkoffa a Kushnera vn\u00edmat nejen jako nekompetentn\u00ed, ale i jako osoby, kter\u00e9 \u00famysln\u011b uvedly prezidenta v omyl.<\/strong>\u00a0A nejde jen o \u00cdr\u00e1nce. Ani ne\u00edr\u00e1nsk\u00e9 strany zapojen\u00e9 do rozhovor\u016f\u00a0\u00a0nepova\u017eovaly Witkoffa za poctiv\u00e9ho zprost\u0159edkovatele a jeden diplomat ze zem\u00ed Persk\u00e9ho z\u00e1livu si d\u0159\u00edve\u00a0st\u011b\u017eoval\u00a0na Witkoffovo \u201efale\u0161n\u00e9 zkreslov\u00e1n\u00ed sebe sama jako \u201amu\u017ee m\u00edru\u2018\u201c b\u011bhem lo\u0148sk\u00fdch rozhovor\u016f, na kter\u00fdch Trumpova administrativa podobn\u011b za\u00fato\u010dila na \u00cdr\u00e1n v dob\u011b, kdy prob\u00edhala jedn\u00e1n\u00ed.<\/p>\n<p style=\"font-weight: 400;\">Tomuto vn\u00edm\u00e1n\u00ed nepom\u00e1haj\u00ed ani siln\u00e9 vazby dvojice na\u00a0Izrael\u00a0, kter\u00fd se dlouhodob\u011b zasazuje o v\u00e1lku s \u00cdr\u00e1nem. Witkoff je zn\u00e1m\u00fd jako horliv\u00fd zast\u00e1nce Izraele.\u00a0Proizraelskou megad\u00e1rkyni Miriam Adelsonovou\u00a0pova\u017euje za \u201edrahou p\u0159\u00edtelkyni\u201c\u00a0\u00a0a nos\u00ed u sebe pager na m\u00edru, kter\u00fd mu daroval Netanjahu a vysoc\u00ed p\u0159edstavitel\u00e9 Mossadu, kter\u00e9 \u00fadajn\u011b pat\u0159ily p\u0159edstavitel\u016fm Hizball\u00e1hu. B\u011bhem prezidentsk\u00e9 kampan\u011b v roce 2024 Witkoff\u00a0z\u00edskal\u00a0pro Trumpa obrovsk\u00e9 mno\u017estv\u00ed pen\u011bz od proizraelsk\u00fdch d\u00e1rc\u016f pot\u00e9, co prezident Joe Biden\u00a0kr\u00e1tce pozastavil dod\u00e1vky bomb do zem\u011b.<\/p>\n<p style=\"font-weight: 400;\">Kushner je mezit\u00edm cel\u00fd \u017eivot hluboce zapojen\u00fd\u00a0do proizraelsk\u00e9 komunity. Netanjahua pova\u017eoval za rodinn\u00e9ho p\u0159\u00edtele, p\u0159i\u010dem\u017e budouc\u00ed izraelsk\u00fd premi\u00e9r si ob\u010das b\u011bhem n\u00e1v\u0161t\u011bv pronaj\u00edmal pokoj teenagera. Kushner \u00fadajn\u011b konzultoval s Netanjahuov\u00fdmi p\u0159edstaviteli psan\u00ed Trumpova projevu v roce 2016 p\u0159ed Americko-izraelsk\u00fdm v\u00fdborem pro ve\u0159ejn\u00e9 z\u00e1le\u017eitosti a je\u00a0p\u0159\u00edtelem\u00a0tvrd\u00fdch proizraelsk\u00fdch osobnost\u00ed a\u00a0daroval pen\u00edze\u00a0na v\u00fdstavbu neleg\u00e1ln\u00edch osad na Z\u00e1padn\u00edm b\u0159ehu Jord\u00e1nu.<\/p>\n<p style=\"font-weight: 400;\">Podle zpr\u00e1v Witkoff a Kushner v obdob\u00ed p\u0159ed v\u00e1lkou a po n\u00ed t\u00e9m\u011b\u0159 ka\u017ed\u00fd den\u00a0hovo\u0159ili s izraelsk\u00fdmi p\u0159edstaviteli, v\u010detn\u011b Netanjahua a \u0161\u00e9fa Mossadu, a Witkoffovy povinnosti se nyn\u00ed zjevn\u011b roz\u0161\u00ed\u0159ily i na\u00a0koordinaci\u00a0s izraelsk\u00fdmi v\u016fdci ve v\u00e1le\u010dn\u00e9m \u00fasil\u00ed proti \u00cdr\u00e1nu.<\/p>\n<p style=\"font-weight: 400;\">Autor \u010dl\u00e1nku na z\u00e1v\u011br se pokou\u0161\u00ed o mobilizaci ve\u0159ejn\u00e9ho m\u00edn\u011bn\u00ed proti ob\u011bma vyjedn\u00e1va\u010d\u016f :<\/p>\n<p style=\"font-weight: 400;\"><strong>Vzhledem k pravd\u011bpodobn\u00e9mu zapojen\u00ed Witkoffa a Kushnera do jak\u00fdchkoli budouc\u00edch diplomatick\u00fdch snah s \u00cdr\u00e1nem je nal\u00e9hav\u011b nutn\u00e9, aby Kongres a tisk v\u011bnovaly v\u011bt\u0161\u00ed pozornost roli t\u00e9to dvojice p\u0159i zapojen\u00ed Spojen\u00fdch st\u00e1t\u016f do dal\u0161\u00ed v\u00e1lky na Velk\u00e9m Bl\u00edzk\u00e9m v\u00fdchod\u011b, kter\u00e1 se rychle vyost\u0159uje. Jak koment\u00e1to\u0159i, tak \u00fa\u010dastn\u00edci rozhovor\u016f se domn\u00edvaj\u00ed, \u017ee tato dvojice pomohla podkopat m\u00edrov\u00e9 \u0159e\u0161en\u00ed bu\u010f kv\u016fli neschopnosti, nebo, co je hor\u0161\u00ed, \u00famysln\u00e9 sabot\u00e1\u017ei. Vzhledem k finan\u010dn\u00edm a lidsk\u00fdm n\u00e1klad\u016fm, kter\u00e9 v\u00e1lka st\u00e1la pro americkou ve\u0159ejnost, se americk\u00fd lid mus\u00ed dozv\u011bd\u011bt pravdu.<\/strong><\/p>\n<p style=\"font-weight: 400;\">J.V. Ned\u011blejme si ov\u0161em iluze, \u017ee ta v\u00fdzva bude m\u00edt n\u011bjak\u00fd v\u00fdznam. Ale p\u0159esto jsem ten \u010dl\u00e1nek do na\u0161eho pluralistick\u00e9ho port\u00e1lu vlo\u017eil,\u00a0\u00a0Donald Trump u\u017e nastoupil cestu k dal\u0161\u00ed nekone\u010dn\u00e9 v\u00e1lce, proti kter\u00fdm kdysi tak p\u0159esv\u011bd\u010div\u011b bojoval. A mimochodem, \u017e\u00e1dn\u00e9 dal\u0161\u00ed vyjedn\u00e1v\u00e1n\u00ed se u\u017e zjevn\u011b nep\u0159ipravuje. V\u011bci budou &#8211; a z\u0159ejm\u011b krvav\u011b- rozhodnuty na boji\u0161ti.<\/p>\n<p><a href=\"https:\/\/vasevec.info\/clanky\/privedl-witkoff-kushner-trumpa-k-valce-proti-iranu\">Ji\u0159\u00ed Vyvadil<\/a><\/p>\n<p><img decoding=\"async\" loading=\"lazy\" class=\"alignnone size-medium wp-image-16474\" src=\"http:\/\/www.infokuryr.cz\/n\/wp-content\/uploads\/2022\/10\/jiri-vyvadil-300x200.jpg\" alt=\"\" width=\"300\" height=\"200\" srcset=\"https:\/\/www.infokuryr.cz\/n\/wp-content\/uploads\/2022\/10\/jiri-vyvadil-300x200.jpg 300w, https:\/\/www.infokuryr.cz\/n\/wp-content\/uploads\/2022\/10\/jiri-vyvadil-768x512.jpg 768w, https:\/\/www.infokuryr.cz\/n\/wp-content\/uploads\/2022\/10\/jiri-vyvadil.jpg 800w\" sizes=\"(max-width: 300px) 100vw, 300px\" \/><\/p>\n<p>&nbsp;<\/p>\n","protected":false},"excerpt":{"rendered":"<p>J.V V\u00e1lka proti Ir\u00e1nu na mnoha \u00farovn\u00edch rozbou\u0159ila hladinu ve\u0159ejn\u00e9ho m\u00edn\u011bn\u00ed. A je nesporn\u00e9, \u017ee&#8230;<\/p>\n","protected":false},"author":2,"featured_media":101609,"comment_status":"closed","ping_status":"closed","sticky":false,"template":"","format":"standard","meta":[],"categories":[6],"tags":[38,1503,37,40],"_links":{"self":[{"href":"https:\/\/www.infokuryr.cz\/n\/wp-json\/wp\/v2\/posts\/102013"}],"collection":[{"href":"https:\/\/www.infokuryr.cz\/n\/wp-json\/wp\/v2\/posts"}],"about":[{"href":"https:\/\/www.infokuryr.cz\/n\/wp-json\/wp\/v2\/types\/post"}],"author":[{"embeddable":true,"href":"https:\/\/www.infokuryr.cz\/n\/wp-json\/wp\/v2\/users\/2"}],"replies":[{"embeddable":true,"href":"https:\/\/www.infokuryr.cz\/n\/wp-json\/wp\/v2\/comments?post=102013"}],"version-history":[{"count":0,"href":"https:\/\/www.infokuryr.cz\/n\/wp-json\/wp\/v2\/posts\/102013\/revisions"}],"wp:featuredmedia":[{"embeddable":true,"href":"https:\/\/www.infokuryr.cz\/n\/wp-json\/wp\/v2\/media\/101609"}],"wp:attachment":[{"href":"https:\/\/www.infokuryr.cz\/n\/wp-json\/wp\/v2\/media?parent=102013"}],"wp:term":[{"taxonomy":"category","embeddable":true,"href":"https:\/\/www.infokuryr.cz\/n\/wp-json\/wp\/v2\/categories?post=102013"},{"taxonomy":"post_tag","embeddable":true,"href":"https:\/\/www.infokuryr.cz\/n\/wp-json\/wp\/v2\/tags?post=102013"}],"curies":[{"name":"wp","href":"https:\/\/api.w.org\/{rel}","templated":true}]}}