{"id":102005,"date":"2026-03-16T00:16:49","date_gmt":"2026-03-15T23:16:49","guid":{"rendered":"https:\/\/www.infokuryr.cz\/n\/?p=102005"},"modified":"2026-03-15T15:59:55","modified_gmt":"2026-03-15T14:59:55","slug":"miroslav-petr-sdilejte-nejde-o-konspiraci-ci-hoax","status":"publish","type":"post","link":"https:\/\/www.infokuryr.cz\/n\/2026\/03\/16\/miroslav-petr-sdilejte-nejde-o-konspiraci-ci-hoax\/","title":{"rendered":"Miroslav Petr: Sd\u00edlejte! Nejde o konspiraci \u010di hoax!"},"content":{"rendered":"<div id=\"fb-root\"><\/div>\n<p>Hadi a brn\u011bn\u0161t\u00ed kolaboranti podepsali smlouvu, o kter\u00e9 z\u00e1m\u011brn\u011b ml\u010d\u00ed a kter\u00e1 28. \u00fanora 2024 ve\u0161la v platnost-\u010d\u00e1st III. evropsk\u00e9 charty region\u00e1ln\u00edch\u00a0 \u010di men\u0161inov\u00fdch jazyk\u016f za \u00fa\u010delem zv\u00fd\u0161it ochranu n\u011bm\u010diny v \u010cR.<\/p>\n<p>Z nov\u00fdch povinnost\u00ed na\u0161\u00ed vlasti vypl\u00fdv\u00e1: Povinn\u00e9 dvojjazy\u010dn\u00e9 vyu\u010dov\u00e1n\u00ed ve v\u0161ech M\u0160, Z\u0160 a S\u0160. Vytvo\u0159en\u00ed podm\u00ednek pro soukrom\u00e9 i ve\u0159ejnopr\u00e1vn\u00ed vys\u00edl\u00e1n\u00ed v n\u011bm\u010din\u011b. Podpora n\u011bmeck\u00e9 kultury. St\u00e1t se zavazuje vystupovat proti praktik\u00e1m, kter\u00e9 br\u00e1n\u00ed pou\u017eit\u00ed n\u011bm\u010diny v hospod\u00e1\u0159sk\u00e9m a kulturn\u00edm \u017eivot\u011b. T\u00fdk\u00e1 se i v\u0161ech \u00fa\u0159edn\u00edk\u016f.<\/p>\n<p>Z toho vypl\u00fdv\u00e1 povinn\u00e1 n\u011bm\u010dina v ka\u017edodenn\u00edm \u017eivot\u011b doslova pro ka\u017ed\u00e9ho. Pamatujete si star\u00e9 \u010desk\u00e9 filmy, kter\u00e9 byly dvojjazy\u010dn\u00e9? Op\u011bt se vrac\u00ed protektor\u00e1t. Masaryk m\u011bl pravdu. Museli jsme v minul\u00e9m re\u017eimu za t\u011bch zl\u00fdch koman\u010d\u016f povinn\u011b mluvit a ps\u00e1t rusky? Pou\u017e\u00edval se v radiu \u010di televizi rusk\u00fd jazyk?<\/p>\n<p>Po odsunu N\u011bmci k\u0159i\u010deli: &#8222;My se vr\u00e1t\u00edme a va\u0161imi hlavami vydl\u00e1\u017ed\u00edme n\u00e1m\u011bst\u00ed.&#8220; Pamatujete, jak eses\u00e1k soudruh Herrmann oslovoval na\u0161e sousedy- &#8222;mil\u00ed krajan\u00e9&#8220;? Pro\u010d se nemluv\u00ed o tom, jak N\u011bmci zapalovali cel\u00e9 vesnice a o 300 000\u00a0 \u010desk\u00fdch ob\u011bt\u00ed? Je zaj\u00edmav\u00e9, \u017ee N\u011bmci \u00fato\u010d\u00ed jen na na\u0161i st\u00e1tnost, k ostatn\u00edm politik\u016fm si to neodv\u00e1\u017e\u00ed. Na\u0161e loutky jsou ochotny zradit svou \/?\/ vlast za p\u00e1r st\u0159\u00edbrn\u00fdch, tak jak to ud\u011blal Jid\u00e1\u0161, pardon, hol\u010di\u010dka Lip\u00e1nkov\u00e1.<\/p>\n<p>Pro\u010d se ml\u010d\u00ed o tom, \u017ee 15. \u0159\u00edjna 2001 p\u0159edlo\u017eilo poslaneck\u00e9 sn\u011bmovn\u011b shrom\u00e1\u017ed\u011bn\u00ed N\u011bmc\u016f, \u017eij\u00edc\u00edch v \u010cR po\u017eadavek na od\u0161kodn\u011bn\u00ed?! Abstinent V\u00e9na kdysi prohl\u00e1sil, \u017ee\u00a0 \u010desk\u00fd lid nechce reparace \/!!!\/. Nav\u00edc se jel omlouvat do N\u011bmecka za p\u0159\u00edko\u0159\u00ed, kter\u00e9 jsme my \u010ce\u0161i zp\u016fsobili N\u011bmc\u016fm.<\/p>\n<p>Vlastizr\u00e1dn\u00fd soudce Pol\u00e1k na okresn\u00edm soudu v Semilech 27. \u00fanora 2026 rozhodnul, \u017ee d\u011bdi\u010dce rodu Walderode bude vyd\u00e1na \u010d\u00e1st mobili\u00e1\u0159e st\u00e1tn\u00edho z\u00e1mku Nov\u00fd Rohozec v Turnov\u011b.<\/p>\n<p>Jako s\u016fl n\u00e1m chyb\u00ed Josif Vissarionovi\u010d, kter\u00fd se s vlastizr\u00e1dci nemazlil.<\/p>\n<p>Pamatujete si na chov\u00e1n\u00ed z\u00e1padn\u00edch N\u011bmc\u016f u n\u00e1s v minul\u00e9m re\u017eimu? Brn\u00e1ci, kte\u0159\u00ed nav\u0161t\u011bvuj\u00ed Velkou cenu, o tom v\u00ed sv\u00e9&#8230;<\/p>\n<p>P\u0159est\u00e1rl\u00e1 a protivn\u00e1 baba Jaga, krada\u010dka rohl\u00edk\u016f je vztekl\u00e1, \u017ee Babi\u0161 nebude odsouzen.<\/p>\n<p>Americk\u00fd velvyslanec rozkazuje na\u0161\u00ed vl\u00e1d\u011b, aby na zbrojen\u00ed ne\u0161et\u0159ila. Pro\u010d platit organizaci, kter\u00e1 se bl\u00ed\u017e\u00ed k z\u00e1niku d\u00edky Donaldovi? Pro\u010d jsem si vzpomn\u011bl na &#8222;vm\u011b\u0161ov\u00e1n\u00ed&#8220; ciz\u00edch st\u00e1t\u016f do na\u0161ich z\u00e1jm\u016f v kv\u011btnu 1968? U americk\u00e9 ambas\u00e1dy to nen\u00ed prvn\u00ed p\u0159\u00edpad. Kdysi velmi zn\u00e1m\u00fd \u010desk\u00fd ministr zahrani\u010d\u00ed odch\u00e1zel z t\u00e9to ambas\u00e1dy a t\u0159\u00e1sl se strachy o svou rodinu&#8230;V t\u00e9 dob\u011b tam vl\u00e1dl mlad\u00fd \u010caup\u00e9ro.<\/p>\n<p>Pova\u017euje-li agent P\u00e1vek pomoc \u010cech\u016fm v cizin\u011b za hloupost, pak je du\u0161evn\u011b t\u011b\u017ece posti\u017een\u00fd, zral\u00fd do Bohnic. Hlavn\u00ed \u00fakol \u010dlov\u011bka v \u017eivot\u011b je spolupracovat a vz\u00e1jemn\u011b si pom\u00e1hat, zvl\u00e1\u0161t\u011b je-li n\u011bkdo v nouzi. To t\u011b rodi\u010de tak mizern\u011b vychovali, \u017ee to nev\u00ed\u0161, Pepo? Hlavn\u011b, \u017ee t\u011b politicky \u0161kolili u\u017e od d\u011btstv\u00ed&#8230;Nejen\u017ee okradl dva a p\u016fl milionu d\u016fchodc\u016f, v\u010detn\u011b invalid\u016f o tis\u00edcovku ka\u017ed\u00fd m\u011bs\u00edc, nejen\u017ee p\u0159izn\u00e1, \u017ee poru\u0161uje \u00fastavu, ale chov\u00e1 se jako kovan\u00fd bezp\u00e1te\u0159n\u00ed kari\u00e9rn\u00ed komunista a populista. Chod\u00ed n\u011bjak \u010dasto mezi mal\u00e9 d\u011bti, kde se nech\u00e1v\u00e1 vyfotografovat&#8230;P\u0159esto mu p\u016flka n\u00e1roda tlesk\u00e1. Bo\u017ee, odpus\u0165 chud\u00fdm duchem, nebo\u0165 oni za to nemohou.<\/p>\n<p>Soudn\u00ed dv\u016fr EU \/SDEU\/ rozhodl 12. b\u0159ezna 2026, \u017ee evropsk\u00e9 pr\u00e1vo je nad\u0159azeno \u00fastav\u00e1m, z\u00e1kon\u016fm a soud\u016fm v\u0161ech zem\u00ed EU. V\u0161echny st\u00e1ty EU jsou protektor\u00e1tem Brusele. Suverenita, svoboda a demokracie jsou ciz\u00ed slova. Nap\u0159\u00edklad po\u017e\u00e1d\u00e1-li biologick\u00fd mu\u017e \u017ee je \u017eena, pak mus\u00ed b\u00fdt pova\u017eov\u00e1n za \u017eenu, bez ohledu na z\u00e1kony a \u00fastavu v\u0161ech st\u00e1t\u016f EU. Vyj\u00edmkou nen\u00ed ani Ma\u010farsko a Slovensko. O\u010dek\u00e1v\u00e1m reakci od Fica \u010di Orb\u00e1na, \u017ee to m\u016f\u017ee zp\u016fsobit v mnoha zem\u00edch EU dominov\u00fd efekt, kter\u00fd nelze zastavit.<\/p>\n<p>Jist\u00fd n\u011bmeck\u00fd politik opakovan\u011b \u017e\u00e1dal o zve\u0159ejn\u011bn\u00ed dokument\u016f svaza\u010dky Merkelov\u00e9. Soud to nikdy nepovolil. Pro\u010d asi? Skute\u010dn\u011b nejela v epsteinov\u00fdch af\u00e9r\u00e1ch?<\/p>\n<p>V posledn\u00edch letech se \u010dasto mluv\u00ed o tom, \u017ee do Evropy n\u011bjak\u00fdm zp\u016fsobem cestuje n\u011bkolik tis\u00edc kilometr\u016f \/!\/ &#8222;saharsk\u00fd p\u00edsek&#8220;. Bylo provedeno mnoho rozbor\u016f, kter\u00e9 dokazuj\u00ed, \u017ee to s saharsk\u00fdm p\u00edskem nem\u00e1 nic spole\u010dn\u00e9ho. Mnoho pokus\u016f dokazuje, \u017ee tento p\u00edsek je magnetick\u00fd. Opravdu nejde o souvislost s geoin\u017een\u00fdrstv\u00edm? A co pol\u00e1rn\u00ed z\u00e1\u0159e, z\u00e1plavy a dal\u0161\u00ed jevy?<\/p>\n<p>Kmotrovi vad\u00ed transparentnost financov\u00e1n\u00ed Ziskovek. Ka\u017ed\u00fd norm\u00e1ln\u00ed politik by s t\u00edmto n\u00e1vrhem souhlasil. \u0160ifrovan\u00fd mobil z\u0159ejm\u011b p\u016fvodn\u011b nebyl pro d\u011bti na hran\u00ed, ale&#8230;Podle Kmotra je tento z\u00e1kon opsan\u00fd podle Ruska. Jako vrcholn\u00fd politik v\u016fbec nev\u00ed, \u017ee takov\u00fd z\u00e1kon m\u00e1 u\u017e d\u00e1vno USA. A to si \u0159\u00edk\u00e1, \u017ee je u\u010ditel, dokonce historie&#8230;<\/p>\n<p>Dle Loupe\u017en\u00edk\u016f je Aliance pro rodinu placen\u00e1 z Ruska. Ivane, nejsi tak\u00e9 Rus, kdy\u017e m\u00e1\u0161 rusk\u00e9 jm\u00e9no a hraje\u0161 na harmo\u0161ku?<\/p>\n<p>Soudru\u017eka Sa\u0161enka Vondrov\u00e1 na TA3 m\u011bla pochopen\u00ed \/?\/ pro vra\u017ed\u011bn\u00ed mal\u00fdch d\u011bt\u00ed. Dal\u0161\u00ed psychopat, kter\u00fd nepat\u0159\u00ed do politiky. Kdy za\u010dne povinn\u00e9 vy\u0161et\u0159ov\u00e1n\u00ed ka\u017ed\u00e9ho politika na psychiatrii?<\/p>\n<p>Nakonec vtip, kter\u00fd u\u017e d\u00e1vno nen\u00ed vtipem, ale krutou realitou: \u00datoky na Ir\u00e1n neschvaluj\u00ed jen tyto dva muslimsk\u00e9 st\u00e1ty: Francie a Velk\u00e1 Brit\u00e1nie.<\/p>\n<p><a href=\"https:\/\/www.czechfreepress.cz\/dalsi-blogy\/sdilejte-nejde-o-konspiraci-ci-hoax.html\">Miroslav Petr<\/a><\/p>\n<p>&nbsp;<\/p>\n","protected":false},"excerpt":{"rendered":"<p>Hadi a brn\u011bn\u0161t\u00ed kolaboranti podepsali smlouvu, o kter\u00e9 z\u00e1m\u011brn\u011b ml\u010d\u00ed a kter\u00e1 28. \u00fanora 2024&#8230;<\/p>\n","protected":false},"author":2,"featured_media":2306,"comment_status":"closed","ping_status":"closed","sticky":false,"template":"","format":"standard","meta":[],"categories":[6],"tags":[336,3524,429,955,1044],"_links":{"self":[{"href":"https:\/\/www.infokuryr.cz\/n\/wp-json\/wp\/v2\/posts\/102005"}],"collection":[{"href":"https:\/\/www.infokuryr.cz\/n\/wp-json\/wp\/v2\/posts"}],"about":[{"href":"https:\/\/www.infokuryr.cz\/n\/wp-json\/wp\/v2\/types\/post"}],"author":[{"embeddable":true,"href":"https:\/\/www.infokuryr.cz\/n\/wp-json\/wp\/v2\/users\/2"}],"replies":[{"embeddable":true,"href":"https:\/\/www.infokuryr.cz\/n\/wp-json\/wp\/v2\/comments?post=102005"}],"version-history":[{"count":1,"href":"https:\/\/www.infokuryr.cz\/n\/wp-json\/wp\/v2\/posts\/102005\/revisions"}],"predecessor-version":[{"id":102006,"href":"https:\/\/www.infokuryr.cz\/n\/wp-json\/wp\/v2\/posts\/102005\/revisions\/102006"}],"wp:featuredmedia":[{"embeddable":true,"href":"https:\/\/www.infokuryr.cz\/n\/wp-json\/wp\/v2\/media\/2306"}],"wp:attachment":[{"href":"https:\/\/www.infokuryr.cz\/n\/wp-json\/wp\/v2\/media?parent=102005"}],"wp:term":[{"taxonomy":"category","embeddable":true,"href":"https:\/\/www.infokuryr.cz\/n\/wp-json\/wp\/v2\/categories?post=102005"},{"taxonomy":"post_tag","embeddable":true,"href":"https:\/\/www.infokuryr.cz\/n\/wp-json\/wp\/v2\/tags?post=102005"}],"curies":[{"name":"wp","href":"https:\/\/api.w.org\/{rel}","templated":true}]}}