{"id":102001,"date":"2026-03-16T00:24:49","date_gmt":"2026-03-15T23:24:49","guid":{"rendered":"https:\/\/www.infokuryr.cz\/n\/?p=102001"},"modified":"2026-03-15T15:49:47","modified_gmt":"2026-03-15T14:49:47","slug":"iran-poprve-odpalil-raketu-sejjil-uprostred-zprav-ze-izraeli-dochazeji-stihaci-letouny","status":"publish","type":"post","link":"https:\/\/www.infokuryr.cz\/n\/2026\/03\/16\/iran-poprve-odpalil-raketu-sejjil-uprostred-zprav-ze-izraeli-dochazeji-stihaci-letouny\/","title":{"rendered":"\u00cdr\u00e1n poprv\u00e9 odp\u00e1lil raketu Sejjil uprost\u0159ed zpr\u00e1v, \u017ee Izraeli doch\u00e1zej\u00ed st\u00edhac\u00ed letouny"},"content":{"rendered":"<div id=\"fb-root\"><\/div>\n<p><strong><span dir=\"auto\">Sedm vln \u00edr\u00e1nsk\u00fdch raketov\u00fdch \u00fatok\u016f bylo nam\u00ed\u0159eno na Izrael od r\u00e1na do odpoledne 15. b\u0159ezna, p\u0159i\u010dem\u017e hebrejsk\u00e1 m\u00e9dia informovala o ob\u011btech a \u0161kod\u00e1ch.<\/span><\/strong><\/p>\n<p><span dir=\"auto\">Mnoho raket odp\u00e1len\u00fdch Isl\u00e1mskou republikou bylo vyzbrojeno kazetov\u00fdmi hlavicemi a Sbor Isl\u00e1msk\u00fdch revolu\u010dn\u00edch gard dokonce ozn\u00e1mil, \u017ee p\u0159i jednom z \u00fatok\u016f pou\u017eil v\u00edcestup\u0148ovou balistickou st\u0159elu st\u0159edn\u00edho doletu na tuh\u00e9 palivo Sejjil.<\/span><\/p>\n<p><span dir=\"auto\">O raket\u011b Sejjil je zn\u00e1mo jen velmi m\u00e1lo, ale \u00fadajn\u011b m\u00e1 dolet od 2 000 do 2 500 kilometr\u016f a hlavice v\u00e1\u017e\u00ed 500 a\u017e 1 500 kilogram\u016f.<\/span><\/p>\n<p><iframe loading=\"lazy\" src=\"https:\/\/s1.cdnstatic.space\/wp-content\/uploads\/2026\/03\/miss-1.mp4\" width=\"600\" height=\"338\" data-mce-fragment=\"1\"><\/iframe><\/p>\n<p><span dir=\"auto\">Rakety spustily varovn\u00e9 sir\u00e9ny v centr\u00e1ln\u00edm Izraeli a zat\u00edmco Izraelsk\u00e9 obrann\u00e9 s\u00edly (IDF) ozn\u00e1mily \u00fasp\u011b\u0161n\u00e9 z\u00e1sahy, bylo zaznamen\u00e1no n\u011bkolik dopad\u016f. Hebrejsk\u00e1 m\u00e9dia s odkazem na z\u00e1chrannou slu\u017ebu Magen David Adom informovala, \u017ee nejm\u00e9n\u011b sedm lid\u00ed bylo zran\u011bno.<\/span><\/p>\n<p><span dir=\"auto\">Izraelsk\u00e9 ministerstvo zdravotnictv\u00ed uvedlo, \u017ee uprost\u0159ed \u00fatok\u016f bylo za posledn\u00edch 24 hodin v d\u016fsledku v\u00e1lky s \u00cdr\u00e1nem p\u0159evezeno do nemocnic 108 zran\u011bn\u00fdch.<\/span><\/p>\n<p><span dir=\"auto\">Ministerstvo rovn\u011b\u017e uvedlo, \u017ee od za\u010d\u00e1tku v\u00e1lky s Isl\u00e1mskou republikou 28. \u00fanora bylo do nemocnic p\u0159ijato 3 195 lid\u00ed, z nich\u017e 81 je v sou\u010dasn\u00e9 dob\u011b hospitalizov\u00e1no. A\u010dkoli nebylo uvedeno mnoho podrobnost\u00ed, toto \u010d\u00edslo zahrnuje jak civilisty, tak voj\u00e1ky.<\/span><\/p>\n<p><iframe loading=\"lazy\" src=\"https:\/\/s1.cdnstatic.space\/wp-content\/uploads\/2026\/03\/hit5.mp4\" width=\"600\" height=\"338\" data-mce-fragment=\"1\"><\/iframe><\/p>\n<p><iframe loading=\"lazy\" src=\"https:\/\/s1.cdnstatic.space\/wp-content\/uploads\/2026\/03\/hit4.mp4\" width=\"600\" height=\"338\" data-mce-fragment=\"1\"><\/iframe><\/p>\n<p><iframe loading=\"lazy\" src=\"https:\/\/s1.cdnstatic.space\/wp-content\/uploads\/2026\/03\/hit3.mp4\" width=\"600\" height=\"338\" data-mce-fragment=\"1\"><\/iframe><\/p>\n<p><iframe loading=\"lazy\" src=\"https:\/\/s1.cdnstatic.space\/wp-content\/uploads\/2026\/03\/hit2.mp4\" width=\"600\" height=\"338\" data-mce-fragment=\"1\"><\/iframe><\/p>\n<p><iframe loading=\"lazy\" src=\"https:\/\/s1.cdnstatic.space\/wp-content\/uploads\/2026\/03\/hit1.mp4\" width=\"600\" height=\"338\" data-mce-fragment=\"1\"><\/iframe><\/p>\n<p><span dir=\"auto\">O den d\u0159\u00edve server Semafor s odvol\u00e1n\u00edm na americk\u00e9 \u00fa\u0159edn\u00edky obezn\u00e1men\u00e9 s touto z\u00e1le\u017eitost\u00ed informoval, \u017ee Izrael tento t\u00fdden informoval Spojen\u00e9 st\u00e1ty, \u017ee mu \u201ekriticky doch\u00e1z\u00ed\u201c z\u00e1soby balistick\u00fdch raketov\u00fdch st\u00edha\u010dek.<\/span><\/p>\n<p><span dir=\"auto\">Zpr\u00e1va uv\u00e1d\u00ed, \u017ee Ameri\u010dan\u00e9 si ji\u017e m\u011bs\u00edce uv\u011bdomuj\u00ed, \u017ee Izrael m\u00e1 n\u00edzkou kapacitu, a dod\u00e1v\u00e1, \u017ee USA nemaj\u00ed nedostatek vlastn\u00edch protiraketov\u00fdch st\u0159el.<\/span><\/p>\n<p><span dir=\"auto\">Zpr\u00e1va d\u00e1le tvrdila, \u017ee \u00edr\u00e1nsk\u00e9 odp\u00e1len\u00ed raket vybaven\u00fdch kazetov\u00fdmi hlavicemi \u201em\u016f\u017ee zhor\u0161it vy\u010derp\u00e1n\u00ed z\u00e1sob\u201c, a to i p\u0159es to, \u017ee Izrael k sest\u0159elen\u00ed jednotliv\u00fdch submunic pou\u017eil syst\u00e9my protivzdu\u0161n\u00e9 obrany krat\u0161\u00edho doletu, jako je Iron Dome a David\u016fv prak, nam\u00edsto protiraketov\u00e9ho syst\u00e9mu.<\/span><\/p>\n<p><span dir=\"auto\">P\u0159esto\u017ee \u00cdr\u00e1n st\u00e1le zav\u00e1d\u00ed nov\u00e9 typy raket, zd\u00e1 se, \u017ee rychlost palby je stabiln\u00ed. Izraelsk\u00e1 v\u00edcevrstv\u00e1 s\u00ed\u0165 protivzdu\u0161n\u00e9 obrany je v\u0161ak pod rostouc\u00edm tlakem, a to nejen ze strany Isl\u00e1msk\u00e9 republiky, ale tak\u00e9 ze strany Hizball\u00e1hu v Libanonu, kter\u00fd se do v\u00e1lky zapojil ji\u017e na za\u010d\u00e1tku.<\/span><\/p>\n<p><span dir=\"auto\">Izraelsk\u00e9 obrann\u00e9 s\u00edly (IDF) ji\u017e podle den\u00edku The Times of Israel pop\u0159ely, \u017ee by jim doch\u00e1zely odposlechy, ale p\u0159ipravenost s\u00edt\u011b jako celku by se mohla s pokra\u010duj\u00edc\u00ed v\u00e1lkou sn\u00ed\u017eit, a to i v p\u0159\u00edpad\u011b, \u017ee budou k dispozici dostate\u010dn\u00e9 z\u00e1soby protiraketov\u00fdch raket. Technick\u00e9 probl\u00e9my se budou zvy\u0161ovat a pot\u0159eba \u00fadr\u017eby na ur\u010ditou dobu vy\u0159ad\u00ed n\u011bkter\u00e9 kritick\u00e9 syst\u00e9my z provozu.<\/span><\/p>\n<p><img decoding=\"async\" loading=\"lazy\" class=\"alignnone size-full wp-image-1185\" src=\"http:\/\/www.infokuryr.cz\/n\/wp-content\/uploads\/2021\/04\/kuryr-podpis.png\" alt=\"\" width=\"84\" height=\"24\" \/><\/p>\n<p>&nbsp;<\/p>\n","protected":false},"excerpt":{"rendered":"<p>Sedm vln \u00edr\u00e1nsk\u00fdch raketov\u00fdch \u00fatok\u016f bylo nam\u00ed\u0159eno na Izrael od r\u00e1na do odpoledne 15. b\u0159ezna,&#8230;<\/p>\n","protected":false},"author":2,"featured_media":102002,"comment_status":"closed","ping_status":"closed","sticky":false,"template":"","format":"standard","meta":[],"categories":[7],"tags":[38,1503,1075,5135],"_links":{"self":[{"href":"https:\/\/www.infokuryr.cz\/n\/wp-json\/wp\/v2\/posts\/102001"}],"collection":[{"href":"https:\/\/www.infokuryr.cz\/n\/wp-json\/wp\/v2\/posts"}],"about":[{"href":"https:\/\/www.infokuryr.cz\/n\/wp-json\/wp\/v2\/types\/post"}],"author":[{"embeddable":true,"href":"https:\/\/www.infokuryr.cz\/n\/wp-json\/wp\/v2\/users\/2"}],"replies":[{"embeddable":true,"href":"https:\/\/www.infokuryr.cz\/n\/wp-json\/wp\/v2\/comments?post=102001"}],"version-history":[{"count":0,"href":"https:\/\/www.infokuryr.cz\/n\/wp-json\/wp\/v2\/posts\/102001\/revisions"}],"wp:featuredmedia":[{"embeddable":true,"href":"https:\/\/www.infokuryr.cz\/n\/wp-json\/wp\/v2\/media\/102002"}],"wp:attachment":[{"href":"https:\/\/www.infokuryr.cz\/n\/wp-json\/wp\/v2\/media?parent=102001"}],"wp:term":[{"taxonomy":"category","embeddable":true,"href":"https:\/\/www.infokuryr.cz\/n\/wp-json\/wp\/v2\/categories?post=102001"},{"taxonomy":"post_tag","embeddable":true,"href":"https:\/\/www.infokuryr.cz\/n\/wp-json\/wp\/v2\/tags?post=102001"}],"curies":[{"name":"wp","href":"https:\/\/api.w.org\/{rel}","templated":true}]}}