{"id":1020,"date":"2021-04-21T12:33:16","date_gmt":"2021-04-21T10:33:16","guid":{"rendered":"http:\/\/www.infokuryr.cz\/n\/?p=1020"},"modified":"2021-05-25T10:02:46","modified_gmt":"2021-05-25T08:02:46","slug":"zelensky-pozval-putina-k-setkani-na-donbasu","status":"publish","type":"post","link":"https:\/\/www.infokuryr.cz\/n\/2021\/04\/21\/zelensky-pozval-putina-k-setkani-na-donbasu\/","title":{"rendered":"Ukrajinsk\u00e1 arm\u00e1da byla paralyzov\u00e1na! Zelenskyj \u017e\u00e1d\u00e1 Putina o setk\u00e1n\u00ed"},"content":{"rendered":"<div id=\"fb-root\"><\/div>\n<p><strong>Ukrajinsk\u00fd prezident Vladim\u00edr Zelenskyj se obr\u00e1til na Vladim\u00edra Putinova a nab\u00eddl sv\u00e9mu rusk\u00e9mu prot\u011bj\u0161ku sch\u016fzku na Donbasu.\u00a0 <\/strong><strong>Zelensky tak\u00e9 vyzval Putina, aby obnovil p\u0159\u00edm\u011b\u0159\u00ed\u00a0 a poznamenal, \u017ee rozd\u00edln\u00e9 postoje Ruska a Ukrajiny by nem\u011bly zasahovat do jedn\u00e1n\u00ed.<\/strong><\/p>\n<p><i>&#8222;Byla nab\u00eddnuta sch\u016fzka na kontaktn\u00ed lince, aby byla situace co nejp\u0159esn\u011bj\u0161\u00ed.\u00a0Jsem p\u0159ipraven j\u00edt je\u0161t\u011b d\u00e1le a pozvat v\u00e1s na setk\u00e1n\u00ed kdekoli na Donbase, kde prob\u00edh\u00e1 v\u00e1lka, \u201c<\/i> cituj\u00ed m\u00e9dia v\u00fd\u0148atek ze Zelensk\u00e9ho prohl\u00e1\u0161en\u00ed.<strong><br \/>\n<\/strong><\/p>\n<p>Podle odhad\u016f USA Rusko soust\u0159edilo kolem ukrajinsk\u00fdch hranic asi 40 tis\u00edc voj\u00e1k\u016f. Minul\u00e9 \u00fater\u00fd nav\u00edc rusk\u00e9 ministerstvo obrany ozn\u00e1milo n\u00e1mo\u0159n\u00ed cvi\u010den\u00ed v \u010cern\u00e9m mo\u0159i, kter\u00e9ho se z\u00fa\u010dastnilo v\u00edce ne\u017e 20 lod\u00ed.<strong><br \/>\n<\/strong><\/p>\n<div class=\"article-body\">\n<div>Volodymyr Zelenskyj ve sv\u00e9m projevu vyzval ob\u010dany Ukrajiny, aby se spojili tv\u00e1\u0159\u00ed v tv\u00e1\u0159\u00a0<em>\u201erusk\u00e9 vojensk\u00e9 hrozb\u011b\u201c<\/em> , uv\u00e1d\u00ed m\u00e9dia. Podle ukrajinsk\u00e9ho prezidenta maj\u00ed Rusko a Ukrajina odli\u0161n\u00e9 n\u00e1zory na budoucnost, kter\u00e9 se v\u0161ak nemus\u00ed st\u00e1t p\u0159ek\u00e1\u017ekou jedn\u00e1n\u00ed.<\/div>\n<div><\/div>\n<div>\n<p>Zdroj p\u0159ipom\u00edn\u00e1, \u017ee minul\u00fd t\u00fdden uspo\u0159\u00e1dal Zelensky v Pa\u0159\u00ed\u017ei setk\u00e1n\u00ed s Emmanuelem Macronem a Angelou Merkelovou, kte\u0159\u00ed byli p\u0159\u00edtomni prost\u0159ednictv\u00edm videokonference. V\u0161ichni t\u0159i v\u016fdci vyzvali Rusko, aby st\u00e1hlo dal\u0161\u00ed jednotky z hranic s Ukrajinou.\u00a0NATO tak\u00e9 vyj\u00e1d\u0159ilo znepokojen\u00ed nad budov\u00e1n\u00edm rusk\u00fdch sil: gener\u00e1ln\u00ed tajemn\u00edk Aliance Jens Stoltenberg vyj\u00e1d\u0159il plnou podporu svrchovanosti a \u00fazemn\u00ed celistvosti Ukrajiny a vyzval Rusko, aby okam\u017eit\u011b eskalovalo.\u00a0\u00a0<span id=\"span-copy\"><\/span><\/p>\n<p><span style=\"font-size: 14pt;\"><strong>Pravda je v\u0161ak jinde! Co p\u0159ivedlo Zelensk\u00e9ho za\u010d\u00edt jednat s Ruskem?<\/strong><\/span><\/p>\n<\/div>\n<div>Ozbrojen\u00e9 s\u00edly Ukrajiny se staly toti\u017e objet\u00ed rozs\u00e1hl\u00e9ho elektronick\u00e9ho \u00fatoku rusk\u00fdch sil, tzv. radiov\u00e9mu v\u00fdbuchu! Prakticky rusk\u00e9 speci\u00e1ln\u00ed jednotky paralyzovaly ve\u0161kerou komunikaci ukrajinsk\u00e9 arm\u00e1dy a ta se dostala do tot\u00e1ln\u00edho kolapsu bez jedin\u00e9ho v\u00fdst\u0159elu a jedin\u00e9ho zabit\u00e9ho voj\u00e1ka.<\/div>\n<\/div>\n<div>\n<p><em><strong>Zdroje uv\u00e1d\u00ed n\u00e1sleduj\u00edc\u00ed: &#8222;Pozice ozbrojen\u00fdch sil Ukrajiny byly podrobeny \u201eradiov\u00e9mu v\u00fdbuchu\u201c ozbrojen\u00fdmi silami Rusk\u00e9 federace a z\u016fstaly bez GPS.&#8220;<\/strong><\/em><\/p>\n<p>P\u00ed\u0161e o tom \u010d\u00ednsk\u00fd medi\u00e1ln\u00ed port\u00e1l Sohu, kter\u00fd tvrd\u00ed, \u017ee ukrajinsk\u00e1 arm\u00e1da nyn\u00ed nen\u00ed schopna pou\u017e\u00edt ke konfrontaci sv\u00e9 UAV, radary, radarov\u00e9 pr\u016fzkumn\u00e9 syst\u00e9my a dal\u0161\u00ed n\u00e1stroje.<\/p>\n<p>Zpr\u00e1va uv\u00e1d\u00ed, \u017ee OBSE zaznamenal n\u00e1r\u016fst aktivity potla\u010duj\u00edc\u00ed sign\u00e1ly.\u00a0A takov\u00e9 zpr\u00e1vy nevyhnuteln\u011b podporuj\u00ed n\u00e1zor, \u017ee eskalace konfliktu nen\u00ed daleko.<\/p>\n<p>Odborn\u00edci\u00a0 Sohu poznamen\u00e1vaj\u00ed, \u017ee touto metodou chce Rusko vr\u00e1tit Kyjev na \u201ecestu\u201c prov\u00e1d\u011bn\u00ed minsk\u00fdch dohod. <strong>Co\u017e se \u00fasp\u011b\u0161n\u011b povedlo a Zelenskyj \u017e\u00e1d\u00e1 o setk\u00e1n\u00ed s Putinem.<\/strong><\/p>\n<p>Publikace z\u00e1rove\u0148 konstatuje, \u017ee Rusko jasn\u011b vyj\u00e1d\u0159ilo sv\u016fj postoj k ochran\u011b sv\u00fdch ob\u010dan\u016f na Donbasu v p\u0159\u00edpad\u011b eskalace konfliktu.<\/p>\n<p><strong>Rusov\u00e9 op\u011bt uk\u00e1zali, \u017ee maj\u00ed takov\u00e9 zbra\u0148ov\u00e9 syst\u00e9my o kter\u00fdch se ani\u00a0 v\u00a0 NATO\u00a0 nesnilo.\u00a0<\/strong><\/p>\n<p><img decoding=\"async\" loading=\"lazy\" class=\"alignnone size-full wp-image-334\" src=\"http:\/\/www.infokuryr.cz\/n\/wp-content\/uploads\/2021\/04\/0.png\" alt=\"\" width=\"84\" height=\"24\" \/><\/p>\n<p>&nbsp;<\/p>\n<p>&nbsp;<\/p>\n<\/div>\n","protected":false},"excerpt":{"rendered":"<p>Ukrajinsk\u00fd prezident Vladim\u00edr Zelenskyj se obr\u00e1til na Vladim\u00edra Putinova a nab\u00eddl sv\u00e9mu rusk\u00e9mu prot\u011bj\u0161ku sch\u016fzku&#8230;<\/p>\n","protected":false},"author":2,"featured_media":527,"comment_status":"closed","ping_status":"closed","sticky":false,"template":"","format":"standard","meta":[],"categories":[7],"tags":[64,39,102,22,26,40,73],"_links":{"self":[{"href":"https:\/\/www.infokuryr.cz\/n\/wp-json\/wp\/v2\/posts\/1020"}],"collection":[{"href":"https:\/\/www.infokuryr.cz\/n\/wp-json\/wp\/v2\/posts"}],"about":[{"href":"https:\/\/www.infokuryr.cz\/n\/wp-json\/wp\/v2\/types\/post"}],"author":[{"embeddable":true,"href":"https:\/\/www.infokuryr.cz\/n\/wp-json\/wp\/v2\/users\/2"}],"replies":[{"embeddable":true,"href":"https:\/\/www.infokuryr.cz\/n\/wp-json\/wp\/v2\/comments?post=1020"}],"version-history":[{"count":0,"href":"https:\/\/www.infokuryr.cz\/n\/wp-json\/wp\/v2\/posts\/1020\/revisions"}],"wp:featuredmedia":[{"embeddable":true,"href":"https:\/\/www.infokuryr.cz\/n\/wp-json\/wp\/v2\/media\/527"}],"wp:attachment":[{"href":"https:\/\/www.infokuryr.cz\/n\/wp-json\/wp\/v2\/media?parent=1020"}],"wp:term":[{"taxonomy":"category","embeddable":true,"href":"https:\/\/www.infokuryr.cz\/n\/wp-json\/wp\/v2\/categories?post=1020"},{"taxonomy":"post_tag","embeddable":true,"href":"https:\/\/www.infokuryr.cz\/n\/wp-json\/wp\/v2\/tags?post=1020"}],"curies":[{"name":"wp","href":"https:\/\/api.w.org\/{rel}","templated":true}]}}