{"id":101997,"date":"2026-03-16T00:23:59","date_gmt":"2026-03-15T23:23:59","guid":{"rendered":"https:\/\/www.infokuryr.cz\/n\/?p=101997"},"modified":"2026-03-15T15:43:52","modified_gmt":"2026-03-15T14:43:52","slug":"florida-a-alabama-trest-smrti-za-znasilneni-deti","status":"publish","type":"post","link":"https:\/\/www.infokuryr.cz\/n\/2026\/03\/16\/florida-a-alabama-trest-smrti-za-znasilneni-deti\/","title":{"rendered":"Florida a Alabama: Trest smrti za zn\u00e1siln\u011bn\u00ed d\u011bt\u00ed"},"content":{"rendered":"<div id=\"fb-root\"><\/div>\n<p><strong><span dir=\"auto\">Na probuzen\u00e9m Z\u00e1pad\u011b je pedofilie propagov\u00e1na ranou sexualizac\u00ed. Celebrity nebo isl\u00e1m\u0161t\u00ed zn\u00e1sil\u0148ovatel\u00e9 d\u011bt\u00ed se nemaj\u00ed \u010deho b\u00e1t. Americk\u00e9 st\u00e1ty Florida a Alabama nyn\u00ed vol\u00ed radik\u00e1ln\u011b odli\u0161n\u00fd p\u0159\u00edstup.<\/span><\/strong><\/p>\n<p><span dir=\"auto\">V Birminghamu byl s\u00fad\u00e1nsk\u00fd mu\u017e Mohammed Abdulraziq (32), kter\u00fd unesl a zneu\u017e\u00edval p\u011btiletou d\u00edvku,\u00a0<\/span><a href=\"https:\/\/x.com\/TRobinsonNewEra\/status\/2032587045151883371\" target=\"_blank\" rel=\"noreferrer noopener\"><span dir=\"auto\">odsouzen k jeden\u00e1cti let\u016fm v\u011bzen\u00ed<\/span><\/a><span dir=\"auto\">\u00a0. To je ale alespo\u0148 n\u011bco. Proto\u017ee drtiv\u00e1 v\u011bt\u0161ina p\u00e1kist\u00e1nsk\u00fdch gang\u016f zn\u00e1sil\u0148uj\u00edc\u00edch \u017eeny, kter\u00e9 si v Brit\u00e1nii v pr\u016fb\u011bhu desetilet\u00ed pravd\u011bpodobn\u011b vy\u017e\u00e1daly jako ob\u011bti statis\u00edce b\u00edl\u00fdch nezletil\u00fdch d\u00edvek, dosud z\u016fstala nepotrest\u00e1na. Policie, soudnictv\u00ed, politici a mainstreamov\u00e1 m\u00e9dia systematicky p\u0159iv\u00edraly o\u010di \u2013 koneckonc\u016f nikdo necht\u011bl b\u00fdt ozna\u010den za \u201eislamofoba\u201c.<\/span><\/p>\n<h3 id=\"h-neue-gesetze-in-alabama-und-florida\" class=\"wp-block-heading\"><span dir=\"auto\">Nov\u00e9 z\u00e1kony v Alabam\u011b<\/span><\/h3>\n<p><span dir=\"auto\">Republik\u00e1ni \u0159\u00edzen\u00fd americk\u00fd st\u00e1t Florida pod veden\u00edm guvern\u00e9ra Rona DeStantise nyn\u00ed vol\u00ed jin\u00fd p\u0159\u00edstup.\u00a0<\/span><a href=\"https:\/\/x.com\/RepLuna\/status\/2032143233095254249\" target=\"_blank\" rel=\"noreferrer noopener\"><span dir=\"auto\">Ka\u017ed\u00fd, kdo zn\u00e1siln\u00ed d\u00edt\u011b, bude zabit<\/span><\/a><span dir=\"auto\"> . V b\u0159eznu Florida schv\u00e1lila nov\u00fd z\u00e1kon, kter\u00fd umo\u017e\u0148uje st\u00e1tn\u00edm z\u00e1stupc\u016fm po\u017eadovat trest smrti za zn\u00e1siln\u011bn\u00ed d\u011bt\u00ed mlad\u0161\u00edch 12 let. V \u00fanoru ji\u017e Alabama schv\u00e1lila z\u00e1kon, kter\u00fd stanov\u00ed trest smrti za zn\u00e1siln\u011bn\u00ed a sexu\u00e1ln\u00ed mu\u010den\u00ed d\u011bt\u00ed mlad\u0161\u00edch 12 let. Sen\u00e1t Alabamy hlasoval pro tento z\u00e1kon v pom\u011bru 33 ku 1.<\/span><\/p>\n<p><span dir=\"auto\">Je v\u0161ak mo\u017en\u00e9, \u017ee rozhodnut\u00ed neobstoj\u00ed u Nejvy\u0161\u0161\u00edho soudu USA. Nejvy\u0161\u0161\u00ed soud ji\u017e v roce 2008 rozhodl, \u017ee trest smrti pro zn\u00e1sil\u0148ovatele d\u011bt\u00ed, za p\u0159edpokladu, \u017ee nebyla sp\u00e1ch\u00e1na vra\u017eda, je \u201enep\u0159im\u011b\u0159en\u00fd\u201c. Od roku 2008 se v\u0161ak slo\u017een\u00ed Nejvy\u0161\u0161\u00edho soudu zm\u011bnilo, tak\u017ee jeho rozhodnut\u00ed z\u016fst\u00e1v\u00e1 nejist\u00e9.<\/span><\/p>\n<h3 id=\"h-padophile-progressive\" class=\"wp-block-heading\"><span dir=\"auto\">Pedofil \u201eprogresivn\u00ed\u201c<\/span><\/h3>\n<p><span dir=\"auto\">V ka\u017ed\u00e9m p\u0159\u00edpad\u011b tyto dva st\u00e1ty USA ud\u00e1vaj\u00ed trend, kter\u00fd je v rozporu s t\u00edm, co se na probuzen\u00e9m Z\u00e1pad\u011b vyv\u00edjelo od 70. let \u2013 konkr\u00e9tn\u011b s aktivitami levicov\u011b liber\u00e1ln\u00edch elit a d\u016fsledky invaze muslim\u016f.<\/span><\/p>\n<p><span dir=\"auto\">Pedofiln\u00ed aktivity v r\u00e1mci k\u0159es\u0165ansk\u00fdch c\u00edrkv\u00ed v\u017edy existovaly, zejm\u00e9na v katolicismu je \u017eivil celib\u00e1t. A dom\u00fd\u0161liv\u00e9 elity zjevn\u011b neznaly a st\u00e1le neznaj\u00ed \u017e\u00e1dnou etickou odpov\u011bdnost a zneu\u017e\u00edvaly nespoutan\u00e9 mlad\u00e9 d\u00edvky \u2013 jak dokazuj\u00ed nechutn\u00e9 machinace kolem Jeffreyho Epsteina.<\/span><\/p>\n<p><span dir=\"auto\">Zvl\u00e1\u0161tn\u00ed roli v tomto ohledu opakovan\u011b sehr\u00e1ly \u201eprogresivn\u00ed\u201c um\u011bleck\u00e9 kruhy, kter\u00e9 se tak\u00e9 \u010dasto pova\u017eovaly za elitn\u00ed. Lewis Carroll, autor \u201eAlenky v \u0159\u00ed\u0161i div\u016f\u201c, p\u0159inejmen\u0161\u00edm obsesivn\u011b fotografoval nah\u00e9 mlad\u00e9 d\u00edvky (zn\u00e1siln\u011bn\u00ed nebyla prok\u00e1z\u00e1na). Ve V\u00eddni hv\u011bzdn\u00fd architekt Adolf Loos, spisovatel Peter Altenberg a mal\u00ed\u0159 Egon Schiele ji\u017e p\u0159ed stolet\u00edm pron\u00e1sledovali nezletil\u00e9 d\u00edvky, ob\u011bti v\u011bt\u0161inou poch\u00e1zely z chud\u00fdch d\u011blnick\u00fdch rodin.<\/span><\/p>\n<p><span dir=\"auto\">V roce 2023 vy\u0161lo najevo, \u017ee herec Florian Teichtmeister, oslavovan\u00fd woke kulturn\u00ed sc\u00e9nou, vlastnil p\u0159ibli\u017en\u011b 47 000 sexu\u00e1ln\u00edch vyobrazen\u00ed d\u011bt\u00ed. \u00dadajn\u011b s\u00e1m po\u0159izoval fotografie nezletil\u00fdch a b\u011bhem nat\u00e1\u010den\u00ed je nap\u0159\u00edklad sestavoval do kol\u00e1\u017e\u00ed s pornografick\u00fdmi a sadistick\u00fdmi textov\u00fdmi bublinami. Teichtmeister, zastoupen\u00fd pr\u00e1vn\u00edkem celebrity, dostal pouze dvoulet\u00fd podm\u00edn\u011bn\u00fd trest.<\/span><\/p>\n<h3 id=\"h-fruhsexualisierung\" class=\"wp-block-heading\"><span dir=\"auto\">Ran\u00e1 sexualizace<\/span><\/h3>\n<p><span dir=\"auto\">Zat\u00edmco tyto \u010diny (a\u0165 u\u017e v n\u00e1bo\u017eensk\u00fdch, elitn\u00edch nebo \u201eprogresivn\u00edch\u201c um\u011bleck\u00fdch kruz\u00edch) byly v z\u00e1padn\u00ed spole\u010dnosti dlouho zak\u00e1z\u00e1ny a tabuizov\u00e1ny, to se za\u010dalo m\u011bnit v 50. letech 20. stolet\u00ed. Kl\u00ed\u010dov\u00fdm v\u00fdchodiskem pro to byla \u201esexuologie\u201c pedofila Alfreda Kinseyho, kter\u00fd normalizoval \u201ed\u011btskou sexualitu\u201c (jak je uvedeno v:\u00a0<\/span><a href=\"https:\/\/report24.news\/das-kinsey-dossier-normal-verharmlosung-von-paedophilie-und-vergewaltigungen\/\" target=\"_blank\" rel=\"noreferrer noopener\"><span dir=\"auto\">The Kinsey Dossier: \u201eNorm\u00e1ln\u00ed\u201c \u2013 Trivializing Pedophilia and Rape<\/span><\/a><span dir=\"auto\">\u00a0a\u00a0<\/span><a href=\"https:\/\/report24.news\/das-kinsey-dossier-sexuelle-baby-und-kinderfolter-verkauft-als-wissenschaft\/\" target=\"_blank\" rel=\"noreferrer noopener\"><span dir=\"auto\">The Kinsey Dossier: Sexu\u00e1ln\u00ed mu\u010den\u00ed kojenc\u016f a d\u011bt\u00ed prod\u00e1van\u00fdch jako v\u011bda<\/span><\/a><span dir=\"auto\">\u00a0).<\/span><\/p>\n<p><span dir=\"auto\">Na z\u00e1klad\u011b toho se z hnut\u00ed z roku 1968 vyno\u0159ila tendence k \u201eosvobozen\u00ed\u201c d\u011btsk\u00e9 sexuality. Ta se n\u00e1sledn\u011b projevila nap\u0159\u00edklad v pedofiln\u00edch aktivit\u00e1ch v obci M\u00fchl. A mezi n\u011bkter\u00fdmi intelektu\u00e1ly a Zelen\u00fdmi byly pedofiln\u00ed postoje v 80. letech 20. stolet\u00ed spole\u010densky p\u0159ijateln\u00e9 (jak bylo zkoum\u00e1no v knize \u201eZelen\u00ed a pedosexualita\u201c z roku 2013).<\/span><\/p>\n<p><span dir=\"auto\">Tyto tendence maj\u00ed dopad i dnes \u2013 konkr\u00e9tn\u011b v podob\u011b rozs\u00e1hl\u00e9 ran\u00e9 sexualizace d\u011bt\u00ed ve \u0161kol\u00e1ch a dokonce i ve \u0161kolk\u00e1ch. Tam jim dosp\u011bl\u00ed instrukto\u0159i vnucuj\u00ed t\u00e9mata, od obecn\u00fdch t\u00e9mat, jako je transgenderismus.<\/span><\/p>\n<h3 id=\"h-islamische-invasion\" class=\"wp-block-heading\"><span dir=\"auto\">Isl\u00e1msk\u00e1 invaze<\/span><\/h3>\n<p><span dir=\"auto\">Dal\u0161\u00edm faktorem p\u0159isp\u00edvaj\u00edc\u00edm k \u0161\u00ed\u0159en\u00ed sexu\u00e1ln\u00edho zneu\u017e\u00edv\u00e1n\u00ed d\u011bt\u00ed v z\u00e1padn\u00edch zem\u00edch je p\u0159\u00edliv \u017eadatel\u016f o azyl z isl\u00e1msk\u00e9ho prost\u0159ed\u00ed. Jsou\u00a0<\/span><a href=\"https:\/\/diefreiheit.info\/sexualverbrechen-und-islam-moegliche-zusammenhaenge-1\/\" target=\"_blank\" rel=\"noreferrer noopener\"><span dir=\"auto\">v\u00fdrazn\u011b nadm\u011brn\u011b zastoupeni<\/span><\/a><span dir=\"auto\">\u00a0v r\u016fzn\u00fdch sexu\u00e1ln\u00edch trestn\u00fdch \u010dinech, zejm\u00e9na t\u011bch, kter\u00e9 jsou p\u00e1ch\u00e1ny na nezletil\u00fdch d\u00edvk\u00e1ch . A to nen\u00ed n\u00e1hoda.<\/span><\/p>\n<p><span dir=\"auto\">I v katolick\u00e9 c\u00edrkvi doch\u00e1zelo k opakovan\u00fdm a z\u00e1va\u017en\u00fdm p\u0159\u00edpad\u016fm sexu\u00e1ln\u00edho zneu\u017e\u00edv\u00e1n\u00ed d\u011bt\u00ed. Tyto p\u0159\u00edpady v\u0161ak byly pova\u017eov\u00e1ny za poru\u0161en\u00ed c\u00edrkevn\u00edch pravidel (\u010dasto c\u00edrkv\u00ed ututl\u00e1ny) a spole\u010dnost\u00ed byly pova\u017eov\u00e1ny za trestn\u00e9 \u010diny. U muslim\u016f je situace jin\u00e1.<\/span><\/p>\n<p><span dir=\"auto\">Napodobuj\u00ed sv\u016fj vzor, \u200b\u200bMohameda, kter\u00fd si vzal \u0161estiletou d\u00edvku, se kterou m\u011bl sex od dev\u00edti let. V hlavn\u00edm proudu isl\u00e1mu neexistuje \u017e\u00e1dn\u00fd minim\u00e1ln\u00ed v\u011bk pro pohlavn\u00ed styk, a\u0165 u\u017e s man\u017eelkou nebo otrokyn\u00ed. Podle fatwy \u010d. 22442 z roku 2002 v publikaci \u201eIslam Question &amp; Answer\u201c (Ot\u00e1zky a odpov\u011bdi k isl\u00e1mu) rozhoduje pouze mu\u017e, zda je \u017eena \u201etoho schopn\u00e1\u201c (\u00a0<\/span><a href=\"https:\/\/report24.news\/kein-aufschrei-der-guten-der-barbarische-umgang-mit-frauen-im-islamischen-raum\/\" target=\"_blank\" rel=\"noreferrer noopener\"><span dir=\"auto\">viz: \u017d\u00e1dn\u00fd v\u00fdk\u0159ik od dobra \u2013 Barbarsk\u00e9 zach\u00e1zen\u00ed se \u017eenami v isl\u00e1msk\u00e9m sv\u011bt\u011b<\/span><\/a><span dir=\"auto\"> ).<\/span><\/p>\n<p><span dir=\"auto\">Sexu\u00e1ln\u00ed styk s d\u011btmi proto pro muslimy nen\u00ed zlo\u010dinem. A sv\u00e9 barbarsk\u00e9 tradice si s sebou do z\u00e1padn\u00edch zem\u00ed p\u0159in\u00e1\u0161ej\u00ed. Nav\u00edc jsou nemuslimsk\u00e9 \u017eeny a d\u00edvky ji\u017e pova\u017eov\u00e1ny za ne\u010destn\u00e9 a m\u00e9n\u011bcenn\u00e9. A n\u011bkte\u0159\u00ed isl\u00e1m\u0161t\u00ed propagandist\u00e9 \u200b\u200botev\u0159en\u011b prohla\u0161uj\u00ed, \u017ee z\u00e1padn\u00ed d\u00edvky jsou legitimn\u00ed ko\u0159ist\u00ed, proto\u017ee All\u00e1h povolil jejich \u201evyu\u017e\u00edv\u00e1n\u00ed\u201c stoupenci isl\u00e1mu \u201ek pon\u00ed\u017een\u00ed t\u011bchto d\u00edvek\u201c (viz:\u00a0<\/span><a href=\"https:\/\/report24.news\/krieg-gegen-unglaeubige-weisse-maedchen-als-beute-fuer-islamglaeubige\/\" target=\"_blank\" rel=\"noreferrer noopener\"><span dir=\"auto\">V\u00e1lka proti b\u00edl\u00fdm nemuslimsk\u00fdm d\u00edvk\u00e1m jako ko\u0159isti pro muslimy<\/span><\/a><span dir=\"auto\">\u00a0).<\/span><\/p>\n<p><a href=\"https:\/\/report24.news\/florida-und-alabama-todesstrafe-fuer-die-vergewaltigung-von-kindern\/\"><em><span dir=\"auto\">Eric Angerer<\/span><\/em><\/a><\/p>\n<p>&nbsp;<\/p>\n","protected":false},"excerpt":{"rendered":"<p>Na probuzen\u00e9m Z\u00e1pad\u011b je pedofilie propagov\u00e1na ranou sexualizac\u00ed. Celebrity nebo isl\u00e1m\u0161t\u00ed zn\u00e1sil\u0148ovatel\u00e9 d\u011bt\u00ed se nemaj\u00ed&#8230;<\/p>\n","protected":false},"author":2,"featured_media":101998,"comment_status":"closed","ping_status":"closed","sticky":false,"template":"","format":"standard","meta":[],"categories":[7],"tags":[1503,10743,37,366],"_links":{"self":[{"href":"https:\/\/www.infokuryr.cz\/n\/wp-json\/wp\/v2\/posts\/101997"}],"collection":[{"href":"https:\/\/www.infokuryr.cz\/n\/wp-json\/wp\/v2\/posts"}],"about":[{"href":"https:\/\/www.infokuryr.cz\/n\/wp-json\/wp\/v2\/types\/post"}],"author":[{"embeddable":true,"href":"https:\/\/www.infokuryr.cz\/n\/wp-json\/wp\/v2\/users\/2"}],"replies":[{"embeddable":true,"href":"https:\/\/www.infokuryr.cz\/n\/wp-json\/wp\/v2\/comments?post=101997"}],"version-history":[{"count":0,"href":"https:\/\/www.infokuryr.cz\/n\/wp-json\/wp\/v2\/posts\/101997\/revisions"}],"wp:featuredmedia":[{"embeddable":true,"href":"https:\/\/www.infokuryr.cz\/n\/wp-json\/wp\/v2\/media\/101998"}],"wp:attachment":[{"href":"https:\/\/www.infokuryr.cz\/n\/wp-json\/wp\/v2\/media?parent=101997"}],"wp:term":[{"taxonomy":"category","embeddable":true,"href":"https:\/\/www.infokuryr.cz\/n\/wp-json\/wp\/v2\/categories?post=101997"},{"taxonomy":"post_tag","embeddable":true,"href":"https:\/\/www.infokuryr.cz\/n\/wp-json\/wp\/v2\/tags?post=101997"}],"curies":[{"name":"wp","href":"https:\/\/api.w.org\/{rel}","templated":true}]}}