{"id":101995,"date":"2026-03-16T00:21:55","date_gmt":"2026-03-15T23:21:55","guid":{"rendered":"https:\/\/www.infokuryr.cz\/n\/?p=101995"},"modified":"2026-03-15T16:16:36","modified_gmt":"2026-03-15T15:16:36","slug":"importovany-teror-v-usa-libanonsky-novy-obcan-zautocil-na-synagogu","status":"publish","type":"post","link":"https:\/\/www.infokuryr.cz\/n\/2026\/03\/16\/importovany-teror-v-usa-libanonsky-novy-obcan-zautocil-na-synagogu\/","title":{"rendered":"Importovan\u00fd teror v USA: Libanonsk\u00fd \u201enov\u00fd ob\u010dan\u201c za\u00fato\u010dil na synagogu"},"content":{"rendered":"<div id=\"fb-root\"><\/div>\n<p><strong><span dir=\"auto\">Znovu se odhaluje krvav\u00e1 tv\u00e1\u0159 naprosto nekontrolovateln\u00e9 imigra\u010dn\u00ed politiky. Ti, kdo do zem\u011b vpou\u0161t\u011bj\u00ed kohokoli, by se nem\u011bli divit, kdy\u017e s sebou dov\u00e1\u017eej\u00ed i teror. Nejnov\u011bj\u0161\u00ed p\u0159\u00edklad: \u00fatok na synagogu v Michiganu. Pachatel? Libanonsk\u00fd imigrant, kter\u00e9mu za Obamovy administrativy prakticky vtiskli americk\u00fd pas.<\/span><\/strong><\/p>\n<p><span dir=\"auto\">U\u017e nen\u00ed t\u0159eba b\u00fdt nijak zvl\u00e1\u0161\u0165 \u0161okov\u00e1n \u2013 stala se z toho smutn\u00e1 rutina.\u00a0<\/span><a href=\"https:\/\/pjmedia.com\/catherinesalgado\/2026\/03\/12\/michigan-synagogue-attacker-is-a-lebanese-dearborn-resident-n4950588\"><span dir=\"auto\">\u00datok vozidlem a st\u0159elnou zbran\u00ed na synagogu a \u0161kolu Temple Israel v Michiganu<\/span><\/a><span dir=\"auto\"> 12. b\u0159ezna op\u011bt nese nezam\u011bniteln\u00e9 znaky isl\u00e1msk\u00e9ho terorismu. Mainstreamov\u00e1 m\u00e9dia se op\u011bt sna\u017e\u00ed zakr\u00fdt skute\u010dn\u00e9 pozad\u00ed nebo se bl\u00e1bol\u00ed o probl\u00e9mech s du\u0161evn\u00edm zdrav\u00edm, ale fakta jsou v\u00edce ne\u017e jasn\u00e1.<\/span><\/p>\n<figure class=\"wp-block-embed is-type-rich is-provider-twitter wp-block-embed-twitter\">\n<div class=\"wp-block-embed__wrapper\">\n<div class=\"twitter-tweet twitter-tweet-rendered\"><iframe id=\"twitter-widget-0\" class=\"\" title=\"X P\u0159\u00edsp\u011bvek\" src=\"https:\/\/platform.twitter.com\/embed\/Tweet.html?dnt=true&amp;embedId=twitter-widget-0&amp;features=eyJ0ZndfdGltZWxpbmVfbGlzdCI6eyJidWNrZXQiOltdLCJ2ZXJzaW9uIjpudWxsfSwidGZ3X2ZvbGxvd2VyX2NvdW50X3N1bnNldCI6eyJidWNrZXQiOnRydWUsInZlcnNpb24iOm51bGx9LCJ0ZndfdHdlZXRfZWRpdF9iYWNrZW5kIjp7ImJ1Y2tldCI6Im9uIiwidmVyc2lvbiI6bnVsbH0sInRmd19yZWZzcmNfc2Vzc2lvbiI6eyJidWNrZXQiOiJvbiIsInZlcnNpb24iOm51bGx9LCJ0ZndfZm9zbnJfc29mdF9pbnRlcnZlbnRpb25zX2VuYWJsZWQiOnsiYnVja2V0Ijoib24iLCJ2ZXJzaW9uIjpudWxsfSwidGZ3X21peGVkX21lZGlhXzE1ODk3Ijp7ImJ1Y2tldCI6InRyZWF0bWVudCIsInZlcnNpb24iOm51bGx9LCJ0ZndfZXhwZXJpbWVudHNfY29va2llX2V4cGlyYXRpb24iOnsiYnVja2V0IjoxMjA5NjAwLCJ2ZXJzaW9uIjpudWxsfSwidGZ3X3Nob3dfYmlyZHdhdGNoX3Bpdm90c19lbmFibGVkIjp7ImJ1Y2tldCI6Im9uIiwidmVyc2lvbiI6bnVsbH0sInRmd19kdXBsaWNhdGVfc2NyaWJlc190b19zZXR0aW5ncyI6eyJidWNrZXQiOiJvbiIsInZlcnNpb24iOm51bGx9LCJ0ZndfdXNlX3Byb2ZpbGVfaW1hZ2Vfc2hhcGVfZW5hYmxlZCI6eyJidWNrZXQiOiJvbiIsInZlcnNpb24iOm51bGx9LCJ0ZndfdmlkZW9faGxzX2R5bmFtaWNfbWFuaWZlc3RzXzE1MDgyIjp7ImJ1Y2tldCI6InRydWVfYml0cmF0ZSIsInZlcnNpb24iOm51bGx9LCJ0ZndfbGVnYWN5X3RpbWVsaW5lX3N1bnNldCI6eyJidWNrZXQiOnRydWUsInZlcnNpb24iOm51bGx9LCJ0ZndfdHdlZXRfZWRpdF9mcm9udGVuZCI6eyJidWNrZXQiOiJvbiIsInZlcnNpb24iOm51bGx9fQ%3D%3D&amp;frame=false&amp;hideCard=false&amp;hideThread=false&amp;id=2032250045756498058&amp;lang=cs&amp;origin=https%3A%2F%2Freport24.news%2Fimportierter-terror-in-den-usa-libanesischer-neu-buerger-greift-synagoge-an%2F&amp;sessionId=04fea7cd764914802ca608defe2fd89185a6d8b3&amp;theme=light&amp;widgetsVersion=2615f7e52b7e0%3A1702314776716&amp;width=550px\" frameborder=\"0\" scrolling=\"no\" allowfullscreen=\"allowfullscreen\" data-tweet-id=\"2032250045756498058\" data-mce-fragment=\"1\"><\/iframe><\/div>\n<\/div>\n<\/figure>\n<p><span dir=\"auto\">Ministerstvo vnit\u0159n\u00ed bezpe\u010dnosti (DHS) nyn\u00ed potvrdilo to, co mnoz\u00ed ji\u017e tu\u0161ili: \u00dato\u010dn\u00edkem je Ayman Mohamad Ghazali. Libanonsk\u00fd ob\u010dan, kter\u00fd vstoupil do USA v roce 2011 na man\u017eelsk\u00e9 v\u00edzum. A proto\u017ee syst\u00e9m \u201efunguje\u201c tak skv\u011ble, byl v roce 2016 za levicov\u011b sm\u00fd\u0161lej\u00edc\u00ed globalistick\u00e9 Obamovy administrativy naturalizov\u00e1n. Naturalizovan\u00fd americk\u00fd ob\u010dan, kter\u00fd si s sebou zjevn\u011b p\u0159inesl nen\u00e1vist k \u017did\u016fm a z\u00e1padn\u00edm hodnot\u00e1m.<\/span><\/p>\n<p><span dir=\"auto\">Ghazali poch\u00e1zel z\u00a0<\/span><a href=\"https:\/\/report24.news\/gruppenvergewaltigungen-terror-muslimische-buergermeister-islamisierung-auch-in-usa\/\"><span dir=\"auto\">Dearbornu<\/span><\/a><span dir=\"auto\"> v Michiganu. Ka\u017ed\u00fd, kdo tuto oblast zn\u00e1, v\u00ed, \u017ee Dearborn se ji\u017e d\u00e1vno stal ba\u0161tou radik\u00e1ln\u00edch islamist\u016f. Ned\u00e1vno se v me\u0161it\u011b konala vzpom\u00ednkov\u00e1 bohoslu\u017eba za \u00edr\u00e1nsk\u00e9ho ajatoll\u00e1ha Chamene\u00edho. To, \u017ee \u00fatok na \u017eidovsk\u00fd \u017eivot byl proveden pr\u00e1v\u011b z tohoto prost\u0159ed\u00ed, nen\u00ed \u017e\u00e1dn\u00fdm p\u0159ekvapen\u00edm, ale sp\u00ed\u0161e logick\u00fdm d\u016fsledkem let, kdy se tomu p\u0159iv\u00edralo oko.<\/span><\/p>\n<figure class=\"wp-block-embed is-type-rich is-provider-twitter wp-block-embed-twitter\">\n<div class=\"wp-block-embed__wrapper\">\n<div class=\"twitter-tweet twitter-tweet-rendered\"><iframe id=\"twitter-widget-1\" class=\"\" title=\"X P\u0159\u00edsp\u011bvek\" src=\"https:\/\/platform.twitter.com\/embed\/Tweet.html?dnt=true&amp;embedId=twitter-widget-1&amp;features=eyJ0ZndfdGltZWxpbmVfbGlzdCI6eyJidWNrZXQiOltdLCJ2ZXJzaW9uIjpudWxsfSwidGZ3X2ZvbGxvd2VyX2NvdW50X3N1bnNldCI6eyJidWNrZXQiOnRydWUsInZlcnNpb24iOm51bGx9LCJ0ZndfdHdlZXRfZWRpdF9iYWNrZW5kIjp7ImJ1Y2tldCI6Im9uIiwidmVyc2lvbiI6bnVsbH0sInRmd19yZWZzcmNfc2Vzc2lvbiI6eyJidWNrZXQiOiJvbiIsInZlcnNpb24iOm51bGx9LCJ0ZndfZm9zbnJfc29mdF9pbnRlcnZlbnRpb25zX2VuYWJsZWQiOnsiYnVja2V0Ijoib24iLCJ2ZXJzaW9uIjpudWxsfSwidGZ3X21peGVkX21lZGlhXzE1ODk3Ijp7ImJ1Y2tldCI6InRyZWF0bWVudCIsInZlcnNpb24iOm51bGx9LCJ0ZndfZXhwZXJpbWVudHNfY29va2llX2V4cGlyYXRpb24iOnsiYnVja2V0IjoxMjA5NjAwLCJ2ZXJzaW9uIjpudWxsfSwidGZ3X3Nob3dfYmlyZHdhdGNoX3Bpdm90c19lbmFibGVkIjp7ImJ1Y2tldCI6Im9uIiwidmVyc2lvbiI6bnVsbH0sInRmd19kdXBsaWNhdGVfc2NyaWJlc190b19zZXR0aW5ncyI6eyJidWNrZXQiOiJvbiIsInZlcnNpb24iOm51bGx9LCJ0ZndfdXNlX3Byb2ZpbGVfaW1hZ2Vfc2hhcGVfZW5hYmxlZCI6eyJidWNrZXQiOiJvbiIsInZlcnNpb24iOm51bGx9LCJ0ZndfdmlkZW9faGxzX2R5bmFtaWNfbWFuaWZlc3RzXzE1MDgyIjp7ImJ1Y2tldCI6InRydWVfYml0cmF0ZSIsInZlcnNpb24iOm51bGx9LCJ0ZndfbGVnYWN5X3RpbWVsaW5lX3N1bnNldCI6eyJidWNrZXQiOnRydWUsInZlcnNpb24iOm51bGx9LCJ0ZndfdHdlZXRfZWRpdF9mcm9udGVuZCI6eyJidWNrZXQiOiJvbiIsInZlcnNpb24iOm51bGx9fQ%3D%3D&amp;frame=false&amp;hideCard=false&amp;hideThread=false&amp;id=2032203313026900400&amp;lang=cs&amp;origin=https%3A%2F%2Freport24.news%2Fimportierter-terror-in-den-usa-libanesischer-neu-buerger-greift-synagoge-an%2F&amp;sessionId=04fea7cd764914802ca608defe2fd89185a6d8b3&amp;theme=light&amp;widgetsVersion=2615f7e52b7e0%3A1702314776716&amp;width=550px\" frameborder=\"0\" scrolling=\"no\" allowfullscreen=\"allowfullscreen\" data-tweet-id=\"2032203313026900400\" data-mce-fragment=\"1\"><\/iframe><\/div>\n<\/div>\n<\/figure>\n<h3 id=\"h-bewaffneter-selbstschutz-verhinderte-ein-massaker\" class=\"wp-block-heading\"><span dir=\"auto\">Ozbrojen\u00e1 sebeobrana zabr\u00e1nila masakru<\/span><\/h3>\n<p><span dir=\"auto\">Co se stalo? Ghazali \u00famysln\u011b narazil sv\u00fdm vozidlem do synagogy ve West Bloomfieldu a t\u00e9m\u011b\u0159 ihned pot\u00e9 zah\u00e1jil palbu. To, \u017ee se poda\u0159ilo zabr\u00e1nit masivn\u00edmu krveprolit\u00ed mezi studenty a u\u010diteli, je doslova z\u00e1zrak \u2013 a to d\u00edky rozhodn\u00e9mu z\u00e1sahu bezpe\u010dnostn\u00edch slo\u017eek. Jeden str\u00e1\u017en\u00fd byl sra\u017een autem, ale zotavil se. Jedinou ob\u011bt\u00ed toho dne byl s\u00e1m terorista, kter\u00fd si v beznad\u011bjn\u00e9 situaci vzal \u017eivot st\u0159elou do hlavy. Nesl velk\u00e9 mno\u017estv\u00ed v\u00fdbu\u0161nin a ho\u0159lav\u00fdch kapalin \u2013 je nep\u0159edstaviteln\u00e9, jak\u00e9 hr\u016fzy s nimi mohl rozpoutat. Op\u011bt je jasn\u00e9: kdy\u017e st\u00e1t sel\u017ee, schopn\u00ed a ozbrojen\u00ed bezpe\u010dnostn\u00ed slo\u017eky jsou jedinou ochranou p\u0159ed importovan\u00fdm terorismem.<\/span><\/p>\n<p><span dir=\"auto\">Ghazaliho vlast, Libanon, je uk\u00e1zkov\u00fdm p\u0159\u00edkladem hr\u016fz islamizace. Je\u0161t\u011b p\u0159ed n\u011bkolika desetilet\u00edmi byla tato zem\u011b, p\u0159ev\u00e1\u017en\u011b k\u0159es\u0165ansk\u00e1, demograficky a kulturn\u011b ovl\u00e1dnuta radik\u00e1ln\u00edmi islamisty a teroristick\u00fdmi spojenci, jako je Hizball\u00e1h. Dnes je zem\u011b t\u00e9m\u011b\u0159 ze 70 procent muslimsk\u00e1; k\u0159es\u0165an\u00e9 byli vyhn\u00e1ni nebo zavra\u017ed\u011bni. A pr\u00e1v\u011b tato demografick\u00e1 skupina se v\u0161emi sv\u00fdmi teroristick\u00fdmi sympatiemi je nyn\u00ed bez jak\u00e9koli kontroly p\u0159iv\u00e1d\u011bna na Z\u00e1pad.<\/span><\/p>\n<h3 id=\"h-ein-versagen-mit-system\" class=\"wp-block-heading\"><span dir=\"auto\">Syst\u00e9mov\u00e9 selh\u00e1n\u00ed<\/span><\/h3>\n<p><span dir=\"auto\">Ve stejn\u00fd den do\u0161lo na Old Dominion University k dal\u0161\u00edmu masakru. Tam Mohamed Bailor Jalloh zavra\u017edil instruktora americk\u00e9 arm\u00e1dy ROTC a v\u00e1\u017en\u011b zranil dva studenty, ne\u017e byl odv\u00e1\u017en\u00fdm studentem ubod\u00e1n k smrti.<\/span><\/p>\n<figure class=\"wp-block-embed is-type-rich is-provider-twitter wp-block-embed-twitter\">\n<div class=\"wp-block-embed__wrapper\">\n<div class=\"twitter-tweet twitter-tweet-rendered\"><iframe id=\"twitter-widget-2\" class=\"\" title=\"X P\u0159\u00edsp\u011bvek\" src=\"https:\/\/platform.twitter.com\/embed\/Tweet.html?dnt=true&amp;embedId=twitter-widget-2&amp;features=eyJ0ZndfdGltZWxpbmVfbGlzdCI6eyJidWNrZXQiOltdLCJ2ZXJzaW9uIjpudWxsfSwidGZ3X2ZvbGxvd2VyX2NvdW50X3N1bnNldCI6eyJidWNrZXQiOnRydWUsInZlcnNpb24iOm51bGx9LCJ0ZndfdHdlZXRfZWRpdF9iYWNrZW5kIjp7ImJ1Y2tldCI6Im9uIiwidmVyc2lvbiI6bnVsbH0sInRmd19yZWZzcmNfc2Vzc2lvbiI6eyJidWNrZXQiOiJvbiIsInZlcnNpb24iOm51bGx9LCJ0ZndfZm9zbnJfc29mdF9pbnRlcnZlbnRpb25zX2VuYWJsZWQiOnsiYnVja2V0Ijoib24iLCJ2ZXJzaW9uIjpudWxsfSwidGZ3X21peGVkX21lZGlhXzE1ODk3Ijp7ImJ1Y2tldCI6InRyZWF0bWVudCIsInZlcnNpb24iOm51bGx9LCJ0ZndfZXhwZXJpbWVudHNfY29va2llX2V4cGlyYXRpb24iOnsiYnVja2V0IjoxMjA5NjAwLCJ2ZXJzaW9uIjpudWxsfSwidGZ3X3Nob3dfYmlyZHdhdGNoX3Bpdm90c19lbmFibGVkIjp7ImJ1Y2tldCI6Im9uIiwidmVyc2lvbiI6bnVsbH0sInRmd19kdXBsaWNhdGVfc2NyaWJlc190b19zZXR0aW5ncyI6eyJidWNrZXQiOiJvbiIsInZlcnNpb24iOm51bGx9LCJ0ZndfdXNlX3Byb2ZpbGVfaW1hZ2Vfc2hhcGVfZW5hYmxlZCI6eyJidWNrZXQiOiJvbiIsInZlcnNpb24iOm51bGx9LCJ0ZndfdmlkZW9faGxzX2R5bmFtaWNfbWFuaWZlc3RzXzE1MDgyIjp7ImJ1Y2tldCI6InRydWVfYml0cmF0ZSIsInZlcnNpb24iOm51bGx9LCJ0ZndfbGVnYWN5X3RpbWVsaW5lX3N1bnNldCI6eyJidWNrZXQiOnRydWUsInZlcnNpb24iOm51bGx9LCJ0ZndfdHdlZXRfZWRpdF9mcm9udGVuZCI6eyJidWNrZXQiOiJvbiIsInZlcnNpb24iOm51bGx9fQ%3D%3D&amp;frame=false&amp;hideCard=false&amp;hideThread=false&amp;id=2032181612180586576&amp;lang=cs&amp;origin=https%3A%2F%2Freport24.news%2Fimportierter-terror-in-den-usa-libanesischer-neu-buerger-greift-synagoge-an%2F&amp;sessionId=04fea7cd764914802ca608defe2fd89185a6d8b3&amp;theme=light&amp;widgetsVersion=2615f7e52b7e0%3A1702314776716&amp;width=550px\" frameborder=\"0\" scrolling=\"no\" allowfullscreen=\"allowfullscreen\" data-tweet-id=\"2032181612180586576\" data-mce-fragment=\"1\"><\/iframe><\/div>\n<\/div>\n<\/figure>\n<p><span dir=\"auto\">Jalloh byl odsouzen\u00fd stoupenec IS, kter\u00e9ho p\u0159ed\u010dasn\u011b propustil z v\u011bzen\u00ed shov\u00edvav\u00fd levicov\u00fd soudn\u00ed syst\u00e9m. A \u2013 p\u0159ekvapen\u00ed, p\u0159ekvapen\u00ed \u2013 i on byl naturalizovan\u00fdm ob\u010danem. Stoupencem islamistick\u00e9ho kultu smrti, kter\u00fd svou nen\u00e1vist projevoval na vlastn\u00ed k\u016f\u017ei.<\/span><\/p>\n<p><span dir=\"auto\">Pravda, kterou tyto incidenty nemilosrdn\u011b odhaluj\u00ed, je tato: z\u00e1padn\u00ed imigra\u010dn\u00ed syst\u00e9m je nejen rozbit\u00fd, ale p\u0159edstavuje smrteln\u00e9 nebezpe\u010d\u00ed pro vlastn\u00ed obyvatelstvo. Pouh\u00e9 mluven\u00ed o \u201elep\u0161\u00ed kontrole\u201c zdaleka nesta\u010d\u00ed. Ti, kdo rozd\u00e1vaj\u00ed ob\u010danstv\u00ed terorist\u016fm, isl\u00e1msk\u00fdm extremist\u016fm a sympatizant\u016fm IS jako bonb\u00f3ny na karnevalu, jsou spolupachatel\u00e9.<\/span><\/p>\n<p><img decoding=\"async\" loading=\"lazy\" class=\"alignnone size-full wp-image-1185\" src=\"http:\/\/www.infokuryr.cz\/n\/wp-content\/uploads\/2021\/04\/kuryr-podpis.png\" alt=\"\" width=\"84\" height=\"24\" \/><\/p>\n<p>&nbsp;<\/p>\n","protected":false},"excerpt":{"rendered":"<p>Znovu se odhaluje krvav\u00e1 tv\u00e1\u0159 naprosto nekontrolovateln\u00e9 imigra\u010dn\u00ed politiky. Ti, kdo do zem\u011b vpou\u0161t\u011bj\u00ed kohokoli,&#8230;<\/p>\n","protected":false},"author":2,"featured_media":101996,"comment_status":"closed","ping_status":"closed","sticky":false,"template":"","format":"standard","meta":[],"categories":[7],"tags":[1188,448,37],"_links":{"self":[{"href":"https:\/\/www.infokuryr.cz\/n\/wp-json\/wp\/v2\/posts\/101995"}],"collection":[{"href":"https:\/\/www.infokuryr.cz\/n\/wp-json\/wp\/v2\/posts"}],"about":[{"href":"https:\/\/www.infokuryr.cz\/n\/wp-json\/wp\/v2\/types\/post"}],"author":[{"embeddable":true,"href":"https:\/\/www.infokuryr.cz\/n\/wp-json\/wp\/v2\/users\/2"}],"replies":[{"embeddable":true,"href":"https:\/\/www.infokuryr.cz\/n\/wp-json\/wp\/v2\/comments?post=101995"}],"version-history":[{"count":0,"href":"https:\/\/www.infokuryr.cz\/n\/wp-json\/wp\/v2\/posts\/101995\/revisions"}],"wp:featuredmedia":[{"embeddable":true,"href":"https:\/\/www.infokuryr.cz\/n\/wp-json\/wp\/v2\/media\/101996"}],"wp:attachment":[{"href":"https:\/\/www.infokuryr.cz\/n\/wp-json\/wp\/v2\/media?parent=101995"}],"wp:term":[{"taxonomy":"category","embeddable":true,"href":"https:\/\/www.infokuryr.cz\/n\/wp-json\/wp\/v2\/categories?post=101995"},{"taxonomy":"post_tag","embeddable":true,"href":"https:\/\/www.infokuryr.cz\/n\/wp-json\/wp\/v2\/tags?post=101995"}],"curies":[{"name":"wp","href":"https:\/\/api.w.org\/{rel}","templated":true}]}}