{"id":101993,"date":"2026-03-16T00:21:46","date_gmt":"2026-03-15T23:21:46","guid":{"rendered":"https:\/\/www.infokuryr.cz\/n\/?p=101993"},"modified":"2026-03-15T15:37:04","modified_gmt":"2026-03-15T14:37:04","slug":"zdravotni-pojistovny-rakouska-zdravotni-pojistovna-ogk-zneuziva-rakusany-zatimco-zadatele-o-azyl-zustavaji-neruseni","status":"publish","type":"post","link":"https:\/\/www.infokuryr.cz\/n\/2026\/03\/16\/zdravotni-pojistovny-rakouska-zdravotni-pojistovna-ogk-zneuziva-rakusany-zatimco-zadatele-o-azyl-zustavaji-neruseni\/","title":{"rendered":"Zdravotn\u00ed poji\u0161\u0165ovny: Rakousk\u00e1 zdravotn\u00ed poji\u0161\u0165ovna (\u00d6GK) zneu\u017e\u00edv\u00e1 Raku\u0161any, zat\u00edmco \u017eadatel\u00e9 o azyl z\u016fst\u00e1vaj\u00ed neru\u0161eni"},"content":{"rendered":"<div id=\"fb-root\"><\/div>\n<div class=\"elementor-element elementor-element-ce0c00d articlestyle elementor-widget elementor-widget-theme-post-content\" data-id=\"ce0c00d\" data-element_type=\"widget\" data-widget_type=\"theme-post-content.default\">\n<div class=\"elementor-widget-container\">\n<p><strong><span dir=\"auto\">Rakousk\u00fd syst\u00e9m zdravotn\u00edho poji\u0161t\u011bn\u00ed je na pokraji kolapsu. V\u00fdrazn\u00e9 deficity si vynucuj\u00ed drastick\u00e9 \u0161krty: Od b\u0159ezna a kv\u011btna 2026 se zv\u00fd\u0161\u00ed spolu\u00fa\u010dast na zubn\u00ed protetiku, p\u0159\u00edsn\u011bji bude regulov\u00e1na p\u0159eprava pacient\u016f a sn\u00ed\u017e\u00ed se nemocensk\u00e1. Celkem se m\u00e1 u\u0161et\u0159it 34 milion\u016f eur ro\u010dn\u011b, aby se syst\u00e9m do roku 2026 vr\u00e1til k vyrovnan\u00e9mu rozpo\u010dtu. B\u0159emeno dopadne na rakousk\u00e9 pojistn\u00edky, kte\u0159\u00ed budou muset akceptovat vy\u0161\u0161\u00ed pojistn\u00e9 a m\u00e9n\u011b d\u00e1vek. To se v\u0161ak net\u00fdk\u00e1 jedn\u00e9 skupiny: \u017eadatel\u016f o azyl, osob s ud\u011blenou dopl\u0148kovou ochranou a osob s uznan\u00fdm statusem azylanta. Pro n\u011b k \u017e\u00e1dn\u00fdm \u0161krt\u016fm nedojde.<\/span><\/strong><\/p>\n<p><span dir=\"auto\">N\u00e1klady na zdravotn\u00ed p\u00e9\u010di pro \u017eadatele o azyl nejsou jen ot\u00e1zkou n\u011bkolika eur. Z\u00e1kladn\u00ed zdravotn\u00ed p\u00e9\u010de poskytovan\u00e1 \u017eadatel\u016fm o azyl a ve v\u011bt\u0161in\u011b spolkov\u00fdch zem\u00ed i t\u011bm, kter\u00fdm byla ud\u011blena dopl\u0148kov\u00e1 ochrana, zahrnuje pln\u00e9 zdravotn\u00ed poji\u0161t\u011bn\u00ed prost\u0159ednictv\u00edm Rakousk\u00e9 zdravotn\u00ed poji\u0161\u0165ovny (\u00d6GK). P\u0159\u00edsp\u011bvek je pln\u011b hrazen spolkovou vl\u00e1dou nebo jednotliv\u00fdmi zem\u011bmi. To zahrnuje \u017e\u00e1dn\u00e9 poplatky za l\u00e9ky na p\u0159edpis, \u017e\u00e1dn\u00e9 spolu\u00fa\u010dasti na zdravotnick\u00e9 pom\u016fcky nebo asisten\u010dn\u00ed prost\u0159edky a plnou ambulantn\u00ed i l\u016f\u017ekovou l\u00e9\u010dbu. \u017dadatel\u00e9 o azyl se bez probl\u00e9m\u016f a bez p\u0159\u00edsp\u011bvk\u016f zapojuj\u00ed do b\u011b\u017en\u00e9ho syst\u00e9mu soci\u00e1ln\u00edho poji\u0161t\u011bn\u00ed a po\u017e\u00edvaj\u00ed stejn\u00fdch v\u00fdhod jako rakou\u0161t\u00ed ob\u010dan\u00e9. Naopak: zat\u00edmco Raku\u0161an\u00e9 budou v budoucnu muset platit v\u00edce, tato skupina nov\u00fdch obyvatel z\u016fst\u00e1v\u00e1 \u00fasporn\u00fdmi opat\u0159en\u00edmi nedot\u010dena. Sami zam\u011bstnanci \u00d6GK dokonce varovali p\u0159ed omezen\u00edm kryt\u00ed na z\u00e1kladn\u00ed p\u00e9\u010di s t\u00edm, \u017ee by to bylo dra\u017e\u0161\u00ed a neefektivn\u00ed. V sou\u010dasn\u00e9 dob\u011b z\u016fst\u00e1v\u00e1 fond pln\u00fd pouze pro ty, kte\u0159\u00ed nikdy neplatili p\u0159\u00edsp\u011bvky.<\/span><\/p>\n<p><span dir=\"auto\">D\u00edky tomu je Rakousko magnetem pro nekvalifikovanou migraci z \u0159ad chudobn\u00fdch. Ka\u017ed\u00fd, kdo neleg\u00e1ln\u011b p\u0159ekro\u010d\u00ed hranici bez vzd\u011bl\u00e1n\u00ed nebo majetku, se dostane do syst\u00e9mu, kter\u00fd mu okam\u017eit\u011b poskytuje komplexn\u00ed podporu. Mezi z\u00e1kladn\u00ed soci\u00e1ln\u00ed slu\u017eby (nyn\u00ed z velk\u00e9 \u010d\u00e1sti standardizovan\u00e9 v cel\u00e9 zemi) pat\u0159\u00ed dotace na n\u00e1jemn\u00e9 ve v\u00fd\u0161i 165 eur pro jednotlivce nebo 330 eur pro rodiny \u017eij\u00edc\u00ed v soukrom\u00e9m ubytov\u00e1n\u00ed, plus 260 eur na j\u00eddlo a 145 eur na d\u00edt\u011b m\u011bs\u00ed\u010dn\u011b. Poskytuje se dal\u0161\u00edch 40 eur na kapesn\u00e9, kter\u00e9 je ve V\u00eddni dopln\u011bno p\u0159\u00edsp\u011bvkem na voln\u00fd \u010das. Poskytuj\u00ed se tak\u00e9 ro\u010dn\u00ed p\u0159\u00edsp\u011bvky na oble\u010den\u00ed a\u017e do v\u00fd\u0161e 150 eur a p\u0159\u00edsp\u011bvky na \u0161koln\u00ed pot\u0159eby a\u017e do v\u00fd\u0161e 200 eur na d\u00edt\u011b. To \u010dasto p\u0159edstavuje v\u00edce ne\u017e 400 eur v hotovosti na dosp\u011bl\u00e9ho a 145 eur na d\u00edt\u011b, plus pln\u00e9 zdravotn\u00ed poji\u0161t\u011bn\u00ed a dal\u0161\u00ed v\u011bcn\u00e9 d\u00e1vky.<\/span><\/p>\n<p><span dir=\"auto\">Jakmile je ud\u011blen azyl, otev\u00edr\u00e1 se p\u0159\u00edstup k soci\u00e1ln\u00ed pomoci. Svobodn\u00ed osoby dost\u00e1vaj\u00ed a\u017e 1 230 eur m\u011bs\u00ed\u010dn\u011b, p\u00e1ry 1 722 eur, v\u010detn\u011b p\u0159\u00edsp\u011bvku na bydlen\u00ed a\u017e do v\u00fd\u0161e 30 procent. P\u0159\u00eddavky na d\u011bti se li\u0161\u00ed v jednotliv\u00fdch spolkov\u00fdch zem\u00edch, ale \u010dasto se pohybuj\u00ed od 150 do v\u00edce ne\u017e 300 eur na d\u00edt\u011b, dopln\u011bn\u00e9 p\u0159\u00edsp\u011bvkem pro samo\u017eivitele a\u017e do v\u00fd\u0161e 148 eur na prvn\u00ed d\u00edt\u011b. Poskytuj\u00ed se tak\u00e9 rodinn\u00e9 p\u0159\u00eddavky, kter\u00e9 za\u010d\u00ednaj\u00ed na 138,40 eurech od narozen\u00ed, od deseti let v\u011bku se zvy\u0161uj\u00ed na 171,80 eurech a od 19 let na 200,40 eurech. Bal\u00ed\u010dek dopl\u0148uj\u00ed pomoc s bydlen\u00edm a dal\u0161\u00ed dotace, jako je pomoc s n\u00e1bytkem nebo integra\u010dn\u00ed kurzy. Ve Vorarlbersku dost\u00e1vaj\u00ed plnou soci\u00e1ln\u00ed pomoc i osoby, kter\u00e9 po\u017e\u00edvaj\u00ed dopl\u0148kov\u00e9 ochrany; v ostatn\u00edch spolkov\u00fdch zem\u00edch, s v\u00fdjimkou V\u00eddn\u011b, z\u016fst\u00e1v\u00e1 v\u00fd\u0161e podpory na z\u00e1kladn\u00ed \u00farovni.<\/span><\/p>\n<p><span dir=\"auto\">Ve V\u00eddni posouvaj\u00ed \u201erud\u00ed\u201c (soci\u00e1ln\u011bdemokratick\u00e1 strana) tuto absurditu na zcela novou \u00farove\u0148. Jak ukazuje ned\u00e1vn\u00e1 anal\u00fdza Agenda Austria, hlavn\u00ed m\u011bsto je skute\u010dn\u00fdm r\u00e1jem soci\u00e1ln\u00edho zabezpe\u010den\u00ed. Maxim\u00e1ln\u00ed d\u00e1vky, maxim\u00e1ln\u00ed p\u0159ita\u017eliv\u00e9 faktory \u2013 to v\u0161e na \u00fakor pracuj\u00edc\u00edho obyvatelstva. V\u00edde\u0148 z\u016fst\u00e1v\u00e1 \u0161t\u011bdr\u00e1 na \u00fakor da\u0148ov\u00fdch poplatn\u00edk\u016f, a t\u00edm p\u0159itahuje pr\u00e1v\u011b ty, kte\u0159\u00ed kladou nejv\u011bt\u0161\u00ed z\u00e1t\u011b\u017e na soci\u00e1ln\u00ed syst\u00e9m. Kombinace okam\u017eit\u00fdch pln\u00fdch d\u00e1vek, bezbari\u00e9rov\u00e9ho p\u0159\u00edstupu ke zdravotn\u00ed p\u00e9\u010di a rodinn\u00fdch d\u00e1vek z Rakouska \u010din\u00ed nejatraktivn\u011bj\u0161\u00ed m\u011bsto v Evrop\u011b pro ty, kte\u0159\u00ed sem nechod\u00ed pracovat, ale sp\u00ed\u0161e profitovat z pen\u011bz pracuj\u00edc\u00edho obyvatelstva.<\/span><\/p>\n<figure class=\"wp-block-embed is-type-rich is-provider-twitter wp-block-embed-twitter\">\n<div class=\"wp-block-embed__wrapper\">\n<div class=\"twitter-tweet twitter-tweet-rendered\"><iframe id=\"twitter-widget-0\" class=\"\" title=\"X P\u0159\u00edsp\u011bvek\" src=\"https:\/\/platform.twitter.com\/embed\/Tweet.html?dnt=true&amp;embedId=twitter-widget-0&amp;features=eyJ0ZndfdGltZWxpbmVfbGlzdCI6eyJidWNrZXQiOltdLCJ2ZXJzaW9uIjpudWxsfSwidGZ3X2ZvbGxvd2VyX2NvdW50X3N1bnNldCI6eyJidWNrZXQiOnRydWUsInZlcnNpb24iOm51bGx9LCJ0ZndfdHdlZXRfZWRpdF9iYWNrZW5kIjp7ImJ1Y2tldCI6Im9uIiwidmVyc2lvbiI6bnVsbH0sInRmd19yZWZzcmNfc2Vzc2lvbiI6eyJidWNrZXQiOiJvbiIsInZlcnNpb24iOm51bGx9LCJ0ZndfZm9zbnJfc29mdF9pbnRlcnZlbnRpb25zX2VuYWJsZWQiOnsiYnVja2V0Ijoib24iLCJ2ZXJzaW9uIjpudWxsfSwidGZ3X21peGVkX21lZGlhXzE1ODk3Ijp7ImJ1Y2tldCI6InRyZWF0bWVudCIsInZlcnNpb24iOm51bGx9LCJ0ZndfZXhwZXJpbWVudHNfY29va2llX2V4cGlyYXRpb24iOnsiYnVja2V0IjoxMjA5NjAwLCJ2ZXJzaW9uIjpudWxsfSwidGZ3X3Nob3dfYmlyZHdhdGNoX3Bpdm90c19lbmFibGVkIjp7ImJ1Y2tldCI6Im9uIiwidmVyc2lvbiI6bnVsbH0sInRmd19kdXBsaWNhdGVfc2NyaWJlc190b19zZXR0aW5ncyI6eyJidWNrZXQiOiJvbiIsInZlcnNpb24iOm51bGx9LCJ0ZndfdXNlX3Byb2ZpbGVfaW1hZ2Vfc2hhcGVfZW5hYmxlZCI6eyJidWNrZXQiOiJvbiIsInZlcnNpb24iOm51bGx9LCJ0ZndfdmlkZW9faGxzX2R5bmFtaWNfbWFuaWZlc3RzXzE1MDgyIjp7ImJ1Y2tldCI6InRydWVfYml0cmF0ZSIsInZlcnNpb24iOm51bGx9LCJ0ZndfbGVnYWN5X3RpbWVsaW5lX3N1bnNldCI6eyJidWNrZXQiOnRydWUsInZlcnNpb24iOm51bGx9LCJ0ZndfdHdlZXRfZWRpdF9mcm9udGVuZCI6eyJidWNrZXQiOiJvbiIsInZlcnNpb24iOm51bGx9fQ%3D%3D&amp;frame=false&amp;hideCard=false&amp;hideThread=false&amp;id=2032010144213574084&amp;lang=cs&amp;origin=https%3A%2F%2Freport24.news%2Fkrankenkassen-oegk-schroepft-oesterreicher-asylanten-bleiben-unbehelligt%2F&amp;sessionId=bb0f2d0f3842045885038099fb37db51f8260958&amp;theme=light&amp;widgetsVersion=2615f7e52b7e0%3A1702314776716&amp;width=550px\" frameborder=\"0\" scrolling=\"no\" allowfullscreen=\"allowfullscreen\" data-tweet-id=\"2032010144213574084\" data-mce-fragment=\"1\"><\/iframe><\/div>\n<\/div>\n<\/figure>\n<p><span dir=\"auto\">Ekonom a nositel Nobelovy ceny Milton Friedman varoval, \u017ee \u201eje z\u0159ejm\u00e9, \u017ee nem\u016f\u017eete m\u00edt otev\u0159en\u00e9 hranice A z\u00e1rove\u0148 soci\u00e1ln\u00ed st\u00e1t.\u201c Na\u0161e ideologicky vymyt\u00e9 mozky vl\u00e1dy necht\u011bly naslouchat. Nyn\u00ed za to plat\u00edme v\u0161ichni.<\/span><\/p>\n<p><em><span dir=\"auto\">Od<a href=\"https:\/\/report24.news\/krankenkassen-oegk-schroepft-oesterreicher-asylanten-bleiben-unbehelligt\/\"> Chrise Vebera<\/a><\/span><\/em><\/p>\n<p>&nbsp;<\/p>\n<\/div>\n<\/div>\n","protected":false},"excerpt":{"rendered":"<p>Rakousk\u00fd syst\u00e9m zdravotn\u00edho poji\u0161t\u011bn\u00ed je na pokraji kolapsu. V\u00fdrazn\u00e9 deficity si vynucuj\u00ed drastick\u00e9 \u0161krty: Od&#8230;<\/p>\n","protected":false},"author":2,"featured_media":101994,"comment_status":"closed","ping_status":"closed","sticky":false,"template":"","format":"standard","meta":[],"categories":[7],"tags":[119,1503,120,9301],"_links":{"self":[{"href":"https:\/\/www.infokuryr.cz\/n\/wp-json\/wp\/v2\/posts\/101993"}],"collection":[{"href":"https:\/\/www.infokuryr.cz\/n\/wp-json\/wp\/v2\/posts"}],"about":[{"href":"https:\/\/www.infokuryr.cz\/n\/wp-json\/wp\/v2\/types\/post"}],"author":[{"embeddable":true,"href":"https:\/\/www.infokuryr.cz\/n\/wp-json\/wp\/v2\/users\/2"}],"replies":[{"embeddable":true,"href":"https:\/\/www.infokuryr.cz\/n\/wp-json\/wp\/v2\/comments?post=101993"}],"version-history":[{"count":0,"href":"https:\/\/www.infokuryr.cz\/n\/wp-json\/wp\/v2\/posts\/101993\/revisions"}],"wp:featuredmedia":[{"embeddable":true,"href":"https:\/\/www.infokuryr.cz\/n\/wp-json\/wp\/v2\/media\/101994"}],"wp:attachment":[{"href":"https:\/\/www.infokuryr.cz\/n\/wp-json\/wp\/v2\/media?parent=101993"}],"wp:term":[{"taxonomy":"category","embeddable":true,"href":"https:\/\/www.infokuryr.cz\/n\/wp-json\/wp\/v2\/categories?post=101993"},{"taxonomy":"post_tag","embeddable":true,"href":"https:\/\/www.infokuryr.cz\/n\/wp-json\/wp\/v2\/tags?post=101993"}],"curies":[{"name":"wp","href":"https:\/\/api.w.org\/{rel}","templated":true}]}}