{"id":101987,"date":"2026-03-16T00:18:59","date_gmt":"2026-03-15T23:18:59","guid":{"rendered":"https:\/\/www.infokuryr.cz\/n\/?p=101987"},"modified":"2026-03-15T16:13:29","modified_gmt":"2026-03-15T15:13:29","slug":"spanelsko-socialisticka-vlada-spousti-cenzurni-stroj-s-umelou-inteligenci-hodio","status":"publish","type":"post","link":"https:\/\/www.infokuryr.cz\/n\/2026\/03\/16\/spanelsko-socialisticka-vlada-spousti-cenzurni-stroj-s-umelou-inteligenci-hodio\/","title":{"rendered":"\u0160pan\u011blsko: Socialistick\u00e1 vl\u00e1da spou\u0161t\u00ed cenzurn\u00ed stroj s um\u011blou inteligenc\u00ed \u201eHODIO\u201c"},"content":{"rendered":"<div id=\"fb-root\"><\/div>\n<p><strong><span dir=\"auto\">Pod rou\u0161kou boje proti \u201enen\u00e1vistn\u00fdm projev\u016fm\u201c instaluje levicov\u00fd re\u017eim v Madridu masivn\u00ed sledovac\u00ed apar\u00e1t. C\u00edlem je tot\u00e1ln\u00ed kontrola nad ve\u0159ejnou diskus\u00ed a potla\u010dov\u00e1n\u00ed odli\u0161n\u00fdch n\u00e1zor\u016f online.<\/span><\/strong><\/p>\n<p><span dir=\"auto\">Socialistick\u00e1 vl\u00e1da pod veden\u00edm Pedra S\u00e1ncheze odhodila masku. S \u201eHODIO\u201c (zkratka, kter\u00e1 p\u0159\u00edzna\u010dn\u011b zn\u00ed jako \u0161pan\u011blsk\u00e9 slovo pro nen\u00e1vist, odio) byla\u00a0<\/span><a href=\"https:\/\/europeanconservative.com\/articles\/news\/spain-hodio-monitoring-social-media-hate-speech\/\" target=\"_blank\" rel=\"noreferrer noopener\"><span dir=\"auto\">aktivov\u00e1na<\/span><\/a><span dir=\"auto\"> platforma zalo\u017een\u00e1 na um\u011bl\u00e9 inteligenci . \u0160pan\u011blsk\u00e9 \u00fa\u0159ady tvrd\u00ed, \u017ee cht\u011bj\u00ed m\u011b\u0159it \u201enen\u00e1vistn\u00e9 projevy\u201c a \u201epolarizaci\u201c. Ve skute\u010dnosti se v\u0161ak jedn\u00e1 o orwellovsk\u00fd n\u00e1stroj pro komplexn\u00ed sledov\u00e1n\u00ed ob\u010dan\u016f na soci\u00e1ln\u00edch s\u00edt\u00edch.<\/span><\/p>\n<figure class=\"wp-block-embed is-type-rich is-provider-twitter wp-block-embed-twitter\">\n<div class=\"wp-block-embed__wrapper\">\n<div class=\"twitter-tweet twitter-tweet-rendered\"><iframe id=\"twitter-widget-0\" class=\"\" title=\"X P\u0159\u00edsp\u011bvek\" src=\"https:\/\/platform.twitter.com\/embed\/Tweet.html?dnt=true&amp;embedId=twitter-widget-0&amp;features=eyJ0ZndfdGltZWxpbmVfbGlzdCI6eyJidWNrZXQiOltdLCJ2ZXJzaW9uIjpudWxsfSwidGZ3X2ZvbGxvd2VyX2NvdW50X3N1bnNldCI6eyJidWNrZXQiOnRydWUsInZlcnNpb24iOm51bGx9LCJ0ZndfdHdlZXRfZWRpdF9iYWNrZW5kIjp7ImJ1Y2tldCI6Im9uIiwidmVyc2lvbiI6bnVsbH0sInRmd19yZWZzcmNfc2Vzc2lvbiI6eyJidWNrZXQiOiJvbiIsInZlcnNpb24iOm51bGx9LCJ0ZndfZm9zbnJfc29mdF9pbnRlcnZlbnRpb25zX2VuYWJsZWQiOnsiYnVja2V0Ijoib24iLCJ2ZXJzaW9uIjpudWxsfSwidGZ3X21peGVkX21lZGlhXzE1ODk3Ijp7ImJ1Y2tldCI6InRyZWF0bWVudCIsInZlcnNpb24iOm51bGx9LCJ0ZndfZXhwZXJpbWVudHNfY29va2llX2V4cGlyYXRpb24iOnsiYnVja2V0IjoxMjA5NjAwLCJ2ZXJzaW9uIjpudWxsfSwidGZ3X3Nob3dfYmlyZHdhdGNoX3Bpdm90c19lbmFibGVkIjp7ImJ1Y2tldCI6Im9uIiwidmVyc2lvbiI6bnVsbH0sInRmd19kdXBsaWNhdGVfc2NyaWJlc190b19zZXR0aW5ncyI6eyJidWNrZXQiOiJvbiIsInZlcnNpb24iOm51bGx9LCJ0ZndfdXNlX3Byb2ZpbGVfaW1hZ2Vfc2hhcGVfZW5hYmxlZCI6eyJidWNrZXQiOiJvbiIsInZlcnNpb24iOm51bGx9LCJ0ZndfdmlkZW9faGxzX2R5bmFtaWNfbWFuaWZlc3RzXzE1MDgyIjp7ImJ1Y2tldCI6InRydWVfYml0cmF0ZSIsInZlcnNpb24iOm51bGx9LCJ0ZndfbGVnYWN5X3RpbWVsaW5lX3N1bnNldCI6eyJidWNrZXQiOnRydWUsInZlcnNpb24iOm51bGx9LCJ0ZndfdHdlZXRfZWRpdF9mcm9udGVuZCI6eyJidWNrZXQiOiJvbiIsInZlcnNpb24iOm51bGx9fQ%3D%3D&amp;frame=false&amp;hideCard=false&amp;hideThread=false&amp;id=2031747097196708337&amp;lang=cs&amp;origin=https%3A%2F%2Freport24.news%2Fspanien-sozialisten-regierung-laesst-ki-zensurmaschine-hodio-von-der-leine%2F&amp;sessionId=8157a71ffe19fde92a5b35699476c45359e0e5be&amp;theme=light&amp;widgetsVersion=2615f7e52b7e0%3A1702314776716&amp;width=550px\" frameborder=\"0\" scrolling=\"no\" allowfullscreen=\"allowfullscreen\" data-tweet-id=\"2031747097196708337\" data-mce-fragment=\"1\"><\/iframe><\/div>\n<\/div>\n<\/figure>\n<p><span dir=\"auto\">Tento dystopick\u00fd projekt byl p\u0159\u00edhodn\u011b p\u0159edstaven tuto st\u0159edu na \u201eF\u00f3ru proti nen\u00e1visti\u201c v Madridu. Syst\u00e9m, vyvinut\u00fd st\u00e1tn\u00ed \u201eObservato\u0159\u00ed pro rasismus a xenofobii\u201c (OBERAXE) \u2013 agenturou Ministerstva pro za\u010dle\u0148ov\u00e1n\u00ed \u2013 m\u00e1 monitorovat a analyzovat velk\u00e9 mno\u017estv\u00ed online obsahu. Chladn\u00e9, vl\u00e1d\u011b loaj\u00e1ln\u00ed algoritmy pak rozhodnou, co je ozna\u010deno jako \u201epolarizace\u201c, \u201ediskriminace\u201c nebo \u201epolitick\u00fd konflikt\u201c.<\/span><\/p>\n<p><span dir=\"auto\">Co hodl\u00e1 re\u017eim s t\u011bmito daty d\u011blat? Pl\u00e1nuje vytvo\u0159it \u201eve\u0159ejn\u00e9 \u017eeb\u0159\u00ed\u010dky\u201c a ve\u0159ejn\u011b zostudit technologick\u00e9 spole\u010dnosti (jako je platforma X Elona Muska), kter\u00e9 si dovol\u00ed povolit svobodu projevu. Jednodu\u0161e \u0159e\u010deno: S\u00e1nchezova vl\u00e1da chce ve\u0159ejn\u011b ozna\u010dit a uml\u010det ne\u017e\u00e1douc\u00ed u\u017eivatele a kritick\u00e9 debaty. Pr\u00e1vn\u00edci a aktivist\u00e9 za ob\u010dansk\u00e1 pr\u00e1va ji\u017e bij\u00ed na poplach. Varuj\u00ed p\u0159ed gigantick\u00fdm sledovac\u00edm mechanismem, kter\u00fd by t\u011bm, kte\u0159\u00ed jsou u moci, umo\u017enil ovl\u00e1dat a manipulovat s ve\u0159ejn\u00fdm m\u00edn\u011bn\u00edm v re\u00e1ln\u00e9m \u010dase ve sv\u016fj prosp\u011bch.<\/span><\/p>\n<figure class=\"wp-block-embed is-type-rich is-provider-twitter wp-block-embed-twitter\">\n<div class=\"wp-block-embed__wrapper\">\n<div class=\"twitter-tweet twitter-tweet-rendered\"><iframe id=\"twitter-widget-1\" class=\"\" title=\"X P\u0159\u00edsp\u011bvek\" src=\"https:\/\/platform.twitter.com\/embed\/Tweet.html?dnt=true&amp;embedId=twitter-widget-1&amp;features=eyJ0ZndfdGltZWxpbmVfbGlzdCI6eyJidWNrZXQiOltdLCJ2ZXJzaW9uIjpudWxsfSwidGZ3X2ZvbGxvd2VyX2NvdW50X3N1bnNldCI6eyJidWNrZXQiOnRydWUsInZlcnNpb24iOm51bGx9LCJ0ZndfdHdlZXRfZWRpdF9iYWNrZW5kIjp7ImJ1Y2tldCI6Im9uIiwidmVyc2lvbiI6bnVsbH0sInRmd19yZWZzcmNfc2Vzc2lvbiI6eyJidWNrZXQiOiJvbiIsInZlcnNpb24iOm51bGx9LCJ0ZndfZm9zbnJfc29mdF9pbnRlcnZlbnRpb25zX2VuYWJsZWQiOnsiYnVja2V0Ijoib24iLCJ2ZXJzaW9uIjpudWxsfSwidGZ3X21peGVkX21lZGlhXzE1ODk3Ijp7ImJ1Y2tldCI6InRyZWF0bWVudCIsInZlcnNpb24iOm51bGx9LCJ0ZndfZXhwZXJpbWVudHNfY29va2llX2V4cGlyYXRpb24iOnsiYnVja2V0IjoxMjA5NjAwLCJ2ZXJzaW9uIjpudWxsfSwidGZ3X3Nob3dfYmlyZHdhdGNoX3Bpdm90c19lbmFibGVkIjp7ImJ1Y2tldCI6Im9uIiwidmVyc2lvbiI6bnVsbH0sInRmd19kdXBsaWNhdGVfc2NyaWJlc190b19zZXR0aW5ncyI6eyJidWNrZXQiOiJvbiIsInZlcnNpb24iOm51bGx9LCJ0ZndfdXNlX3Byb2ZpbGVfaW1hZ2Vfc2hhcGVfZW5hYmxlZCI6eyJidWNrZXQiOiJvbiIsInZlcnNpb24iOm51bGx9LCJ0ZndfdmlkZW9faGxzX2R5bmFtaWNfbWFuaWZlc3RzXzE1MDgyIjp7ImJ1Y2tldCI6InRydWVfYml0cmF0ZSIsInZlcnNpb24iOm51bGx9LCJ0ZndfbGVnYWN5X3RpbWVsaW5lX3N1bnNldCI6eyJidWNrZXQiOnRydWUsInZlcnNpb24iOm51bGx9LCJ0ZndfdHdlZXRfZWRpdF9mcm9udGVuZCI6eyJidWNrZXQiOiJvbiIsInZlcnNpb24iOm51bGx9fQ%3D%3D&amp;frame=false&amp;hideCard=false&amp;hideThread=false&amp;id=2031721335919964579&amp;lang=cs&amp;origin=https%3A%2F%2Freport24.news%2Fspanien-sozialisten-regierung-laesst-ki-zensurmaschine-hodio-von-der-leine%2F&amp;sessionId=8157a71ffe19fde92a5b35699476c45359e0e5be&amp;theme=light&amp;widgetsVersion=2615f7e52b7e0%3A1702314776716&amp;width=550px\" frameborder=\"0\" scrolling=\"no\" allowfullscreen=\"allowfullscreen\" data-tweet-id=\"2031721335919964579\" data-mce-fragment=\"1\"><\/iframe><\/div>\n<\/div>\n<\/figure>\n<p><span dir=\"auto\">P\u0159ipom\u00edn\u00e1me: I b\u011bhem tzv. koronavirov\u00e9 pandemie \u0161pan\u011blsk\u00e1 vl\u00e1da nestoudn\u011b p\u0159iznala, \u017ee Guardia Civil monitoruje soci\u00e1ln\u00ed m\u00e9dia, aby odhalila kritiku jej\u00ed politiky. Nyn\u00ed se tato praxe institucionalizuje a automatizuje. Obzvl\u00e1\u0161t\u011b z\u00e1ke\u0159n\u00e9: HODIO nep\u00e1tr\u00e1 po skute\u010dn\u00fdch zlo\u010dinech. Jde o v\u00e1gn\u00ed, pr\u00e1vn\u011b nepolapiteln\u00e9 pojmy, jako je \u201epolarizace\u201c nebo \u201esoci\u00e1ln\u00ed vliv\u201c n\u00e1zor\u016f. Kdo rozhoduje o tom, co polarizuje? Levicov\u00e1 vl\u00e1da, samoz\u0159ejm\u011b \u2013 kdo jin\u00fd?<\/span><\/p>\n<p><span dir=\"auto\">Krit\u00e9ria, podle kter\u00fdch cenzurn\u00ed stroj s um\u011blou inteligenc\u00ed hodnot\u00ed, samoz\u0159ejm\u011b z\u016fst\u00e1vaj\u00ed p\u0159\u00edsn\u011b st\u0159e\u017een\u00fdm tajemstv\u00edm. Neexistuje \u017e\u00e1dn\u00e1 transparentnost. Kdo dohl\u00ed\u017e\u00ed na dozorce? P\u0159irozen\u011b nikdo. Tento krok nep\u0159ich\u00e1z\u00ed n\u00e1hodou, a to v dob\u011b, kdy levicov\u00e9 elity st\u00e1le v\u00edce panika\u0159\u00ed ze ztr\u00e1ty kontroly. Obvi\u0148uj\u00ed soci\u00e1ln\u00ed s\u00edt\u011b ze \u0161\u00ed\u0159en\u00ed \u201eextr\u00e9mn\u00edch sd\u011blen\u00ed\u201c \u2013 \u010d\u00edm\u017e obvykle mysl\u00ed cokoli, co je v rozporu s politicky korektn\u00edm mainstreamem.<\/span><\/p>\n<p><span dir=\"auto\">Madrid tak kr\u00e1\u010d\u00ed v dokonal\u00e9m souladu s eurokraty v Bruselu. Prost\u0159ednictv\u00edm z\u00e1kon\u016f o cenzu\u0159e, jako je \u201eZ\u00e1kon o digit\u00e1ln\u00edch slu\u017eb\u00e1ch\u201c (DSA), EU ji\u017e nut\u00ed platformy jednat jako komplicov\u00e9 st\u00e1tn\u00ed kontroly ve\u0159ejn\u00e9ho m\u00edn\u011bn\u00ed. To v\u0161e pod z\u00e1minkou \u00fadajn\u00e9ho boje proti \u201e\u0161kodliv\u00e9mu obsahu\u201c nebo \u201eochrany nezletil\u00fdch\u201c. Ve skute\u010dnosti je v\u0161ak c\u00edlem potla\u010dit jakoukoli skute\u010dnou opozici a kritiku v jej\u00edm po\u010d\u00e1tc\u00edch.<\/span><\/p>\n<p><span dir=\"auto\">P\u0159esto\u017ee vl\u00e1da tvrd\u00ed, \u017ee probl\u00e9m bagatelizuje a uv\u00e1d\u00ed, \u017ee analyzuje pouze \u201eve\u0159ejn\u00fd\u201c obsah, neust\u00e1l\u00e9 algoritmick\u00e9 prohled\u00e1v\u00e1n\u00ed digit\u00e1ln\u00edch konverzac\u00ed ob\u010dan\u016f p\u0159edstavuje masivn\u00ed \u00fatok na soukrom\u00ed a z\u00e1kladn\u00ed pr\u00e1va. \u0160pan\u011blsko n\u00e1m v sou\u010dasn\u00e9 dob\u011b d\u011bsiv\u00fdm zp\u016fsobem ukazuje, jak rychle m\u016f\u017ee z\u00e1padn\u00ed demokracie sklouznout do stavu digit\u00e1ln\u00edho dohledu.<\/span><\/p>\n<p><span dir=\"auto\">Mimochodem, Ulrike Guerotov\u00e1, \u201ehrdinka\u201c mnoha \u010dlen\u016f odboje, 12. b\u0159ezna 2026 na platform\u011b X chv\u00e1lila Sanchezovou\u00a0<\/span><a href=\"https:\/\/x.com\/ulrikeguerot\/status\/2032176008715980945\" target=\"_blank\" rel=\"noreferrer noopener\"><span dir=\"auto\">jako \u201est\u00e1tnici\u201c.<\/span><\/a><span dir=\"auto\">\u00a0P\u0159esto na t\u00e9\u017ee platform\u011b neust\u00e1le zve\u0159ej\u0148uje nen\u00e1vistn\u00e9 projevy proti USA a Donaldu Trumpovi. Vyplat\u00ed se pe\u010dliv\u011b zkoumat sv\u00e9 idoly \u2013 ne v\u0161ichni maj\u00ed dobr\u00e9 \u00famysly.<\/span><\/p>\n<p><img decoding=\"async\" loading=\"lazy\" class=\"alignnone size-full wp-image-1185\" src=\"http:\/\/www.infokuryr.cz\/n\/wp-content\/uploads\/2021\/04\/kuryr-podpis.png\" alt=\"\" width=\"84\" height=\"24\" \/><\/p>\n<p>&nbsp;<\/p>\n","protected":false},"excerpt":{"rendered":"<p>Pod rou\u0161kou boje proti \u201enen\u00e1vistn\u00fdm projev\u016fm\u201c instaluje levicov\u00fd re\u017eim v Madridu masivn\u00ed sledovac\u00ed apar\u00e1t. C\u00edlem&#8230;<\/p>\n","protected":false},"author":2,"featured_media":101988,"comment_status":"closed","ping_status":"closed","sticky":false,"template":"","format":"standard","meta":[],"categories":[7],"tags":[63,144,440,117],"_links":{"self":[{"href":"https:\/\/www.infokuryr.cz\/n\/wp-json\/wp\/v2\/posts\/101987"}],"collection":[{"href":"https:\/\/www.infokuryr.cz\/n\/wp-json\/wp\/v2\/posts"}],"about":[{"href":"https:\/\/www.infokuryr.cz\/n\/wp-json\/wp\/v2\/types\/post"}],"author":[{"embeddable":true,"href":"https:\/\/www.infokuryr.cz\/n\/wp-json\/wp\/v2\/users\/2"}],"replies":[{"embeddable":true,"href":"https:\/\/www.infokuryr.cz\/n\/wp-json\/wp\/v2\/comments?post=101987"}],"version-history":[{"count":0,"href":"https:\/\/www.infokuryr.cz\/n\/wp-json\/wp\/v2\/posts\/101987\/revisions"}],"wp:featuredmedia":[{"embeddable":true,"href":"https:\/\/www.infokuryr.cz\/n\/wp-json\/wp\/v2\/media\/101988"}],"wp:attachment":[{"href":"https:\/\/www.infokuryr.cz\/n\/wp-json\/wp\/v2\/media?parent=101987"}],"wp:term":[{"taxonomy":"category","embeddable":true,"href":"https:\/\/www.infokuryr.cz\/n\/wp-json\/wp\/v2\/categories?post=101987"},{"taxonomy":"post_tag","embeddable":true,"href":"https:\/\/www.infokuryr.cz\/n\/wp-json\/wp\/v2\/tags?post=101987"}],"curies":[{"name":"wp","href":"https:\/\/api.w.org\/{rel}","templated":true}]}}