{"id":101983,"date":"2026-03-16T00:16:17","date_gmt":"2026-03-15T23:16:17","guid":{"rendered":"https:\/\/www.infokuryr.cz\/n\/?p=101983"},"modified":"2026-03-15T15:24:42","modified_gmt":"2026-03-15T14:24:42","slug":"brazilie-bude-byvaly-prezident-jair-bolsonaro-popraven-ve-vezeni","status":"publish","type":"post","link":"https:\/\/www.infokuryr.cz\/n\/2026\/03\/16\/brazilie-bude-byvaly-prezident-jair-bolsonaro-popraven-ve-vezeni\/","title":{"rendered":"Braz\u00edlie: Bude b\u00fdval\u00fd prezident Jair Bolsonaro popraven ve v\u011bzen\u00ed?"},"content":{"rendered":"<div id=\"fb-root\"><\/div>\n<p><strong><span dir=\"auto\">Pravicov\u00fd b\u00fdval\u00fd prezident je na jednotce intenzivn\u00ed p\u00e9\u010de a bojuje o \u017eivot. Kritici tvrd\u00ed, \u017ee sedmdes\u00e1tilet\u00fd mu\u017e je \u201epoliticky pron\u00e1sledov\u00e1n k smrti\u201c.<\/span><\/strong><\/p>\n<p><span dir=\"auto\">Jair Bolsonaro byl 12. b\u0159ezna p\u0159ijat na jednotku intenzivn\u00ed p\u00e9\u010de s z\u00e1palem plic. Bolsonaro trp\u011bl \u201evysokou hore\u010dkou, klesaj\u00edc\u00ed saturac\u00ed kysl\u00edku, pocen\u00edm a zimnic\u00ed,\u201c uv\u00e1d\u00ed se v l\u00e9ka\u0159sk\u00e9m bulletinu zve\u0159ejn\u011bn\u00e9m na Instagramu jeho man\u017eelkou Michelle.<\/span><\/p>\n<p><span dir=\"auto\">Z\u00e1pal plic je nyn\u00ed pro star\u0161\u00ed lidi \u010dasto \u017eivot ohro\u017euj\u00edc\u00ed. B\u00fdval\u00e1 hlava st\u00e1tu byla ji\u017e ve \u0161patn\u00e9m zdravotn\u00edm stavu od \u00fatoku no\u017eem, kter\u00fd byl proti n\u00ed sp\u00e1ch\u00e1n b\u011bhem volebn\u00ed kampan\u011b v roce 2018.<\/span><\/p>\n<p><span dir=\"auto\">V\u011bze\u0148sk\u00e9 podm\u00ednky si na n\u011bm i nad\u00e1le vyb\u00edraly svou da\u0148. Navzdory jeho v\u011bku a zdrav\u00ed v\u0161ak brazilsk\u00fd Nejvy\u0161\u0161\u00ed soud zam\u00edtl n\u011bkolik Bolsonarov\u00fdch \u017e\u00e1dost\u00ed o v\u00fdkon trestu v dom\u00e1c\u00edm v\u011bzen\u00ed.<\/span><\/p>\n<p><span dir=\"auto\">Jeho dlouholet\u00fd oponent, levicov\u00fd globalista In\u00e1cio Lula da Silva, odsouzen\u00fd na dvan\u00e1ct let za korupci, \u00faplatk\u00e1\u0159stv\u00ed a pran\u00ed \u0161pinav\u00fdch pen\u011bz, byl po 580 dnech propu\u0161t\u011bn; rozsudky byly zru\u0161eny. Lula se tak\u00e9 t\u011b\u0161\u00ed podpo\u0159e globalistick\u00fdch s\u00edt\u00ed, \u010c\u00edny a vzhledem k jeho podpo\u0159e Ham\u00e1su i isl\u00e1msk\u00fdch st\u00e1t\u016f.<\/span><\/p>\n<p><span dir=\"auto\">Odp\u016frce establishmentu, jako je Bolsonaro, v\u0161ak nem\u016f\u017ee o\u010dek\u00e1vat p\u0159\u00edzniv\u00e9 rozsudky soud\u016f. Naopak, re\u017eimy se opakovan\u011b uchyluj\u00ed k zab\u00edjen\u00ed ne\u017e\u00e1douc\u00edch osob prost\u0159ednictv\u00edm dlouh\u00fdch trest\u016f odn\u011bt\u00ed svobody a drsn\u00fdch v\u011bze\u0148sk\u00fdch podm\u00ednek.<\/span><\/p>\n<p><span dir=\"auto\">Dal\u0161\u00edm p\u0159\u00edkladem je britsk\u00fd kritik isl\u00e1mu Tommy Robinson, pro kter\u00e9ho byla politicky motivovan\u00e1 odsouzen\u00ed ve v\u011bznic\u00edch p\u0159epln\u011bn\u00fdch isl\u00e1msk\u00fdmi zlo\u010dinci v\u017edy extr\u00e9mn\u011b nebezpe\u010dn\u00e1.<\/span><\/p>\n<p><span dir=\"auto\">Bolsonaro vl\u00e1dl nejv\u011bt\u0161\u00ed latinskoamerick\u00e9 zemi od za\u010d\u00e1tku roku 2019 do konce roku 2022. B\u00fdval\u00fd kapit\u00e1n v\u00fdsadk\u00e1\u0159\u016f m\u011bl bl\u00edzko k mocn\u00e9mu evangelik\u00e1ln\u00edmu hnut\u00ed v Braz\u00edlii. Prosazoval neoliber\u00e1ln\u00ed hospod\u00e1\u0159skou politiku, odm\u00edtal kv\u00f3ty pro Afrobrazilce i homosexualitu a zaujal tvrd\u00fd postoj proti kriminalit\u011b.<\/span><\/p>\n<p><span dir=\"auto\">Kv\u016fli sv\u00e9mu odm\u00edtnut\u00ed koronavirov\u00e9 narativu se dostal pod zvl\u00e1\u0161tn\u00ed pozornost globalistick\u00e9ho establishmentu. Zleh\u010doval pandemii, objevoval se na ve\u0159ejnosti bez rou\u0161ky a neprosazoval o\u010dkov\u00e1n\u00ed. Ji\u017e v roce 2021 ho jeho odp\u016frci za\u017ealovali a tvrdili, \u017ee je zodpov\u011bdn\u00fd za 450 000 \u00famrt\u00ed na koronavirus v Braz\u00edlii.<\/span><\/p>\n<p><span dir=\"auto\">Volby na podzim roku 2022 byly kontroverzn\u00ed. Bolsonaro a jeho p\u0159\u00edznivci tvrdili, \u017ee do\u0161lo k volebn\u00edmu podvodu, a demonstrovali proti ofici\u00e1ln\u00edm v\u00fdsledk\u016fm. V z\u00e1\u0159\u00ed 2025 byl nakonec shled\u00e1n vinn\u00fdm z podn\u011bcov\u00e1n\u00ed sv\u00fdch stoupenc\u016f k \u00fatoku na Nejvy\u0161\u0161\u00ed soud, Prezidentsk\u00fd pal\u00e1c a budovu Kongresu v Bras\u00edlii 8. ledna 2023 a z pokusu o st\u00e1tn\u00ed p\u0159evrat.<\/span><\/p>\n<p><span dir=\"auto\">Verdikt soudnictv\u00ed, ovl\u00e1dan\u00e9ho globalistick\u00fdmi stoupenci, zn\u011bl 27 let, co\u017e se rovnalo smrti ve v\u011bzen\u00ed. Tommy Robinson v\u010dera na X napsal:<\/span><\/p>\n<p><span dir=\"auto\">Prezident Jair Bolsonaro je na jednotce intenzivn\u00ed p\u00e9\u010de se z\u00e1palem plic. Je politicky pron\u00e1sledov\u00e1n k smrti a mainstreamov\u00e1 m\u00e9dia se d\u00edvaj\u00ed jinam. Cel\u00fd sv\u011bt se d\u00edv\u00e1! Svoboda pro Jaira!<\/span><\/p>\n<figure class=\"wp-block-embed is-type-rich is-provider-twitter wp-block-embed-twitter\">\n<div class=\"wp-block-embed__wrapper\">\n<div class=\"twitter-tweet twitter-tweet-rendered\"><iframe id=\"twitter-widget-0\" class=\"\" title=\"X P\u0159\u00edsp\u011bvek\" src=\"https:\/\/platform.twitter.com\/embed\/Tweet.html?dnt=true&amp;embedId=twitter-widget-0&amp;features=eyJ0ZndfdGltZWxpbmVfbGlzdCI6eyJidWNrZXQiOltdLCJ2ZXJzaW9uIjpudWxsfSwidGZ3X2ZvbGxvd2VyX2NvdW50X3N1bnNldCI6eyJidWNrZXQiOnRydWUsInZlcnNpb24iOm51bGx9LCJ0ZndfdHdlZXRfZWRpdF9iYWNrZW5kIjp7ImJ1Y2tldCI6Im9uIiwidmVyc2lvbiI6bnVsbH0sInRmd19yZWZzcmNfc2Vzc2lvbiI6eyJidWNrZXQiOiJvbiIsInZlcnNpb24iOm51bGx9LCJ0ZndfZm9zbnJfc29mdF9pbnRlcnZlbnRpb25zX2VuYWJsZWQiOnsiYnVja2V0Ijoib24iLCJ2ZXJzaW9uIjpudWxsfSwidGZ3X21peGVkX21lZGlhXzE1ODk3Ijp7ImJ1Y2tldCI6InRyZWF0bWVudCIsInZlcnNpb24iOm51bGx9LCJ0ZndfZXhwZXJpbWVudHNfY29va2llX2V4cGlyYXRpb24iOnsiYnVja2V0IjoxMjA5NjAwLCJ2ZXJzaW9uIjpudWxsfSwidGZ3X3Nob3dfYmlyZHdhdGNoX3Bpdm90c19lbmFibGVkIjp7ImJ1Y2tldCI6Im9uIiwidmVyc2lvbiI6bnVsbH0sInRmd19kdXBsaWNhdGVfc2NyaWJlc190b19zZXR0aW5ncyI6eyJidWNrZXQiOiJvbiIsInZlcnNpb24iOm51bGx9LCJ0ZndfdXNlX3Byb2ZpbGVfaW1hZ2Vfc2hhcGVfZW5hYmxlZCI6eyJidWNrZXQiOiJvbiIsInZlcnNpb24iOm51bGx9LCJ0ZndfdmlkZW9faGxzX2R5bmFtaWNfbWFuaWZlc3RzXzE1MDgyIjp7ImJ1Y2tldCI6InRydWVfYml0cmF0ZSIsInZlcnNpb24iOm51bGx9LCJ0ZndfbGVnYWN5X3RpbWVsaW5lX3N1bnNldCI6eyJidWNrZXQiOnRydWUsInZlcnNpb24iOm51bGx9LCJ0ZndfdHdlZXRfZWRpdF9mcm9udGVuZCI6eyJidWNrZXQiOiJvbiIsInZlcnNpb24iOm51bGx9fQ%3D%3D&amp;frame=false&amp;hideCard=false&amp;hideThread=false&amp;id=2032606828731703694&amp;lang=cs&amp;origin=https%3A%2F%2Freport24.news%2Fbrasilien-wird-ex-praesident-jair-bolsonaro-im-gefaengnis-zu-tode-gebracht%2F&amp;sessionId=a5260cb9e992309c970425cbc67f82d44f5873c7&amp;theme=light&amp;widgetsVersion=2615f7e52b7e0%3A1702314776716&amp;width=550px\" frameborder=\"0\" scrolling=\"no\" allowfullscreen=\"allowfullscreen\" data-tweet-id=\"2032606828731703694\" data-mce-fragment=\"1\"><\/iframe><\/div>\n<\/div>\n<\/figure>\n<p><span dir=\"auto\">Je na\u010dase, aby Donald Trump a Marco Rubio, nebo dokonce Elon Musk a Javier Milei, za\u010dali jednat! Mo\u017en\u00e1 se Bolsonarovi je\u0161t\u011b poda\u0159\u00ed zachr\u00e1nit \u017eivot.<\/span><\/p>\n<p><img decoding=\"async\" loading=\"lazy\" class=\"alignnone size-full wp-image-1185\" src=\"http:\/\/www.infokuryr.cz\/n\/wp-content\/uploads\/2021\/04\/kuryr-podpis.png\" alt=\"\" width=\"84\" height=\"24\" \/><\/p>\n<p>&nbsp;<\/p>\n","protected":false},"excerpt":{"rendered":"<p>Pravicov\u00fd b\u00fdval\u00fd prezident je na jednotce intenzivn\u00ed p\u00e9\u010de a bojuje o \u017eivot. Kritici tvrd\u00ed, \u017ee&#8230;<\/p>\n","protected":false},"author":2,"featured_media":101984,"comment_status":"closed","ping_status":"closed","sticky":false,"template":"","format":"standard","meta":[],"categories":[7],"tags":[288,10742,1503],"_links":{"self":[{"href":"https:\/\/www.infokuryr.cz\/n\/wp-json\/wp\/v2\/posts\/101983"}],"collection":[{"href":"https:\/\/www.infokuryr.cz\/n\/wp-json\/wp\/v2\/posts"}],"about":[{"href":"https:\/\/www.infokuryr.cz\/n\/wp-json\/wp\/v2\/types\/post"}],"author":[{"embeddable":true,"href":"https:\/\/www.infokuryr.cz\/n\/wp-json\/wp\/v2\/users\/2"}],"replies":[{"embeddable":true,"href":"https:\/\/www.infokuryr.cz\/n\/wp-json\/wp\/v2\/comments?post=101983"}],"version-history":[{"count":0,"href":"https:\/\/www.infokuryr.cz\/n\/wp-json\/wp\/v2\/posts\/101983\/revisions"}],"wp:featuredmedia":[{"embeddable":true,"href":"https:\/\/www.infokuryr.cz\/n\/wp-json\/wp\/v2\/media\/101984"}],"wp:attachment":[{"href":"https:\/\/www.infokuryr.cz\/n\/wp-json\/wp\/v2\/media?parent=101983"}],"wp:term":[{"taxonomy":"category","embeddable":true,"href":"https:\/\/www.infokuryr.cz\/n\/wp-json\/wp\/v2\/categories?post=101983"},{"taxonomy":"post_tag","embeddable":true,"href":"https:\/\/www.infokuryr.cz\/n\/wp-json\/wp\/v2\/tags?post=101983"}],"curies":[{"name":"wp","href":"https:\/\/api.w.org\/{rel}","templated":true}]}}