{"id":101981,"date":"2026-03-16T00:15:33","date_gmt":"2026-03-15T23:15:33","guid":{"rendered":"https:\/\/www.infokuryr.cz\/n\/?p=101981"},"modified":"2026-03-15T15:21:43","modified_gmt":"2026-03-15T14:21:43","slug":"teror-v-severni-americe-dzihadiste-v-silenstvi-antisemitskych-vrazd","status":"publish","type":"post","link":"https:\/\/www.infokuryr.cz\/n\/2026\/03\/16\/teror-v-severni-americe-dzihadiste-v-silenstvi-antisemitskych-vrazd\/","title":{"rendered":"Teror v Severn\u00ed Americe: D\u017eih\u00e1dist\u00e9 \u200b\u200bv \u0161\u00edlenstv\u00ed antisemitsk\u00fdch vra\u017ed"},"content":{"rendered":"<div id=\"fb-root\"><\/div>\n<p><strong><span dir=\"auto\">\u00datok kamionu na \u017eidovskou \u0161kolku v Michiganu, st\u0159elba v synagoze v Torontu, vra\u017edy na univerzit\u011b ve Virginii. Fanati\u010dt\u00ed stoupenci isl\u00e1mu se pova\u017euj\u00ed za mu\u010dedn\u00edky i v Severn\u00ed Americe. Z\u00e1klady pro to polo\u017eili proisl\u00e1m\u0161t\u00ed levicov\u00ed liber\u00e1lov\u00e9.<\/span><\/strong><\/p>\n<p><span dir=\"auto\">V michigansk\u00e9m West Bloomfieldu 12. b\u0159ezna narazil americk\u00fd ob\u010dan libanonsk\u00e9ho p\u016fvodu sv\u00fdm n\u00e1kladn\u00edm vozem do synagogy a \u0161kolky, kde se zapojil do p\u0159est\u0159elky s bezpe\u010dnostn\u00edmi slo\u017ekami a\u00a0<\/span><a href=\"https:\/\/abc7news.com\/post\/suspect-michigan-synagogue-attack-lost-family-israeli-strike-lebanon-mayor\/18710074\/\" target=\"_blank\" rel=\"noreferrer noopener\"><span dir=\"auto\">zem\u0159el na n\u00e1sledky st\u0159eln\u00e9ho zran\u011bn\u00ed<\/span><\/a><span dir=\"auto\">\u00a0, kter\u00e9 si pravd\u011bpodobn\u011b s\u00e1m zp\u016fsobil. \u00da\u0159ady se domn\u00edvaj\u00ed, \u017ee rychl\u00fd z\u00e1sah bezpe\u010dnostn\u00edch slo\u017eek synagogy zabr\u00e1nil tomu, aby v Chr\u00e1mu Izraele a jeho \u0161kolce byli zabiti dal\u0161\u00ed lid\u00e9.<\/span><\/p>\n<h3 id=\"h-anschlag-in-michigan\" class=\"wp-block-heading\"><span dir=\"auto\">\u00datok v Michiganu<\/span><\/h3>\n<p><span dir=\"auto\">\u201eVozidlo mu\u017ee srazilo jednoho z \u010dlen\u016f bezpe\u010dnostn\u00ed slu\u017eby, kter\u00fd kr\u00e1tce upadl do bezv\u011bdom\u00ed,\u201c \u0159ekl novin\u00e1\u0159\u016fm \u0161erif okresu Oakland Michael Bouchard. V\u0161ech 140 d\u011bt\u00ed z mate\u0159sk\u00e9 \u0161koly bylo bezpe\u010dn\u011b evakuov\u00e1no. Nicm\u00e9n\u011b 30 policist\u016f bylo hospitalizov\u00e1no kv\u016fli nad\u00fdch\u00e1n\u00ed se kou\u0159e pot\u00e9, co se synagoga po n\u00e1razu n\u00e1kladn\u00edho vozu zaplnila kou\u0159em.<\/span><\/p>\n<p><span dir=\"auto\">Americk\u00e9 ministerstvo vnit\u0159n\u00ed bezpe\u010dnosti identifikovalo \u0159idi\u010de kamionu jako 41let\u00e9ho Aymana Mohamada Ghazaliho, kter\u00fd se narodil v Libanonu a v roce 2016 z\u00edskal americk\u00e9 ob\u010danstv\u00ed. FBI, kter\u00e1 vede vy\u0161et\u0159ov\u00e1n\u00ed, to popsala jako \u201e\u00a0<\/span><a href=\"https:\/\/www.welt.de\/politik\/ausland\/article69b2fdd86da168ad8c076b74\/anschlaege-in-den-usa-mann-faehrt-mit-lkw-in-synagoge-is-unterstuetzer-toetet-eine-person-in-universitaets-hoersaal.html\" target=\"_blank\" rel=\"noreferrer noopener\"><span dir=\"auto\">c\u00edlen\u00fd n\u00e1siln\u00fd \u010din proti \u017eidovsk\u00e9 komunit\u011b<\/span><\/a><span dir=\"auto\"> \u201c. Mu\u017e ozbrojen\u00fd pu\u0161kou byl b\u011bhem poty\u010dky zabit. Zpr\u00e1vy americk\u00fdch m\u00e9di\u00ed uv\u00e1d\u011bj\u00ed, \u017ee motivem byla smrt \u010dty\u0159 jeho p\u0159\u00edbuzn\u00fdch v boj\u00edch na Bl\u00edzk\u00e9m v\u00fdchod\u011b p\u0159edchoz\u00edho dne. Ghazali pl\u00e1noval zap\u00e1lit \u0161kolku a d\u011bti uvnit\u0159 \u2013 vezl velk\u00e9 mno\u017estv\u00ed ho\u0159lav\u00fdch materi\u00e1l\u016f a v\u00fdbu\u0161nin.<\/span><\/p>\n<h3 id=\"h-die-ublichen-phrasen-der-demokraten\" class=\"wp-block-heading\"><span dir=\"auto\">Obvykl\u00e9 fr\u00e1ze \u201edemokrat\u016f\u201c<\/span><\/h3>\n<p><span dir=\"auto\">\u201eTohle je srdcervouc\u00ed,\u201c prohl\u00e1sila guvern\u00e9rka Michiganu Gretchen Whitmerov\u00e1. \u201e\u017didovsk\u00e1 komunita v Michiganu by m\u011bla m\u00edt mo\u017enost \u017e\u00edt v m\u00edru a praktikovat svou v\u00edru.\u201c Tak\u017ee obvykl\u00e9 pr\u00e1zdn\u00e9 fr\u00e1ze a obvykl\u00e9 pokrytectv\u00ed.<\/span><\/p>\n<p><span dir=\"auto\">Michigan, veden\u00fd Demokratickou stranou v\u010detn\u011b Whitmera, je ba\u0161tou isl\u00e1mu v USA. M\u011bsto Dearborn v tom hraje v\u00fdznamnou roli. Z jeho p\u0159ibli\u017en\u011b 110 000 obyvatel je 55 procent ji\u017e muslim\u016f, p\u0159ev\u00e1\u017en\u011b Arab\u016f z Libanonu, S\u00fdrie, Ir\u00e1ku a Jemenu. Starostou je Abdullah Hussein Hammoud, p\u0159irozen\u011b \u010dlen Demokratick\u00e9 strany. V Dearbornu se nach\u00e1z\u00ed Isl\u00e1msk\u00e9 centrum Ameriky, Arabsko-americk\u00e9 n\u00e1rodn\u00ed muzeum a nejv\u011bt\u0161\u00ed me\u0161ita v Severn\u00ed Americe (o tom jsme informovali:\u00a0<\/span><a href=\"https:\/\/report24.news\/gruppenvergewaltigungen-terror-muslimische-buergermeister-islamisierung-auch-in-usa\/\" target=\"_blank\" rel=\"noreferrer noopener\"><span dir=\"auto\">hromadn\u00e9 zn\u00e1siln\u011bn\u00ed, teror, muslim\u0161t\u00ed starostov\u00e9: islamizace i v USA<\/span><\/a><span dir=\"auto\"> ).<\/span><\/p>\n<p><span dir=\"auto\">V\u011bt\u0161ina muslim\u016f v Michiganu samoz\u0159ejm\u011b nejsou terorist\u00e9, ale stejn\u011b jako v Evrop\u011b se ve velk\u00fdch muslimsk\u00fdch komunit\u00e1ch rozv\u00edjej\u00ed extremistick\u00e9 s\u00edly, kter\u00e9 pak vedou \u201eboj proti nep\u0159\u00e1tel\u016fm isl\u00e1mu\u201c vra\u017eedn\u00fdm zp\u016fsobem.<\/span><\/p>\n<h3 id=\"h-kein-einzelfall\" class=\"wp-block-heading\"><span dir=\"auto\">Toto nen\u00ed ojedin\u011bl\u00fd p\u0159\u00edpad<\/span><\/h3>\n<p><span dir=\"auto\">B\u011bhem posledn\u00edch t\u0159\u00ed let explodovaly antisemitsk\u00e9 incidenty jak na ve\u0159ejn\u00fdch prostranstv\u00edch, tak zejm\u00e9na na univerzit\u00e1ch v Severn\u00ed Americe. \u017didov\u0161t\u00ed studenti, zejm\u00e9na na elitn\u00edch univerzit\u00e1ch \u010dasto financovan\u00fdch Katarem, byli maskov\u00e1ni jako \u201ekritika Izraele\u201c a byli ter\u010dem zastra\u0161ov\u00e1n\u00ed a v\u00fdhr\u016f\u017eek.<\/span><\/p>\n<p><span dir=\"auto\">N\u00e1siln\u00e9 \u010diny na univerzit\u00e1ch a ve ve\u0159ejn\u00fdch prostor\u00e1ch p\u00e1chali na jedn\u00e9 stran\u011b fanati\u010dt\u00ed stoupenci isl\u00e1mu a na druh\u00e9 stran\u011b jejich levicov\u00ed spojenci, kryt\u00ed levicov\u011b liber\u00e1ln\u00edm proisl\u00e1msk\u00fdm establishmentem v m\u00e9di\u00edch, politice a univerzitn\u00ed administrativ\u011b.<\/span><\/p>\n<p><span dir=\"auto\">V tomto klimatu antisemitismus opakovan\u011b eskaluje v pokus o vra\u017edu. Nap\u0159\u00edklad za\u010d\u00e1tkem b\u0159ezna 2026\u00a0<\/span><a href=\"https:\/\/www.aurora-israel.co.il\/de\/Nach-Purim-Feierlichkeiten-fielen-Sch%C3%BCsse-auf-Synagoge-in-Toronto.\/\" target=\"_blank\" rel=\"noreferrer noopener\"><span dir=\"auto\">do\u0161lo po oslav\u00e1ch Purimu k p\u0159est\u0159elce v synagoze<\/span><\/a><span dir=\"auto\"> v Torontu.<\/span><\/p>\n<h3 id=\"h-islamistischer-mord-in-virginia\" class=\"wp-block-heading\"><span dir=\"auto\">Vra\u017eda islamisty ve Virginii<\/span><\/h3>\n<p><span dir=\"auto\">A stoupenci isl\u00e1mu, kte\u0159\u00ed se pova\u017euj\u00ed za osoby, kter\u00fdm All\u00e1h na\u0159\u00eddil zab\u00edjet, se neomezuj\u00ed v\u017edy jen na nen\u00e1vid\u011bn\u00e9 \u017didy. Nap\u0159\u00edklad ve \u010dtvrtek do\u0161lo k teroristick\u00e9mu \u00fatoku se st\u0159elnou zbran\u00ed na Old Dominion University v Norfolku ve Virginii. Jeden \u010dlov\u011bk byl zabit a dva dal\u0161\u00ed, oba p\u0159\u00edslu\u0161n\u00edci americk\u00e9 arm\u00e1dy, byli zran\u011bni.<\/span><\/p>\n<p><span dir=\"auto\">St\u0159elec v tomto p\u0159\u00edpad\u011b byl tak\u00e9 zabit. Podle agentky FBI zem\u0159el rukou skupiny student\u016f Sboru pro v\u00fdcvik d\u016fstojn\u00edk\u016f v z\u00e1loze (ROTC), kte\u0159\u00ed ho zkrotili. Uvedla, \u017ee podez\u0159el\u00fd p\u0159ed zah\u00e1jen\u00edm palby vyk\u0159ikl \u201eAll\u00e1hu Akbar\u201c. \u00da\u0159edn\u00edci FBI identifikovali st\u0159elce jako Mohameda Jalloha.<\/span><\/p>\n<p><span dir=\"auto\">Mu\u017e se v roce 2016 p\u0159iznal k poskytov\u00e1n\u00ed materi\u00e1ln\u00ed podpory Isl\u00e1msk\u00e9mu st\u00e1tu. Z v\u011bzen\u00ed byl propu\u0161t\u011bn v roce 2024. Naivn\u00ed v\u00edra v rehabilitaci takov\u00fdch jedinc\u016f se uk\u00e1zala jako osudn\u00e1.<\/span><\/p>\n<p><span dir=\"auto\">Pro ty, kte\u0159\u00ed cht\u011bj\u00ed b\u00fdt dezinformov\u00e1ni nebo dost\u00e1vat ne\u00fapln\u00e9 informace, doporu\u010dujeme sledovat mainstreamov\u00e1 m\u00e9dia. Rakousk\u00e9 noviny \u201e\u00a0<\/span><a href=\"https:\/\/kurier.at\/chronik\/welt\/usa-bewaffneter-lkw-synagoge-detroit-michigan\/403140207\" target=\"_blank\" rel=\"noreferrer noopener\"><span dir=\"auto\">Kurier<\/span><\/a><span dir=\"auto\">\u00a0\u201c, stejn\u011b jako v\u0161echny ostatn\u00ed tiskov\u00e9 agentury, uv\u00e1d\u011bj\u00ed:\u00a0<\/span><em><span dir=\"auto\">\u201eFBI tak\u00e9 ozn\u00e1mila, \u017ee\u00a0<\/span><strong><span dir=\"auto\">\u00a0osoba zapojen\u00e1 do incidentu je mrtv\u00e1.<\/span><\/strong><span dir=\"auto\">\u00a0\u201c Dodaly, \u017ee v tuto chv\u00edli nemohou b\u00fdt zve\u0159ejn\u011bny \u017e\u00e1dn\u00e9 dal\u0161\u00ed informace o osob\u011b ani jej\u00edm motivu.<\/span><\/em><\/p>\n<p><a href=\"https:\/\/report24.news\/terror-in-nordamerika-dschihadisten-in-judenfeindlicher-mordlust\/\"><em><span dir=\"auto\">Eric Angerer<\/span><\/em><\/a><\/p>\n<p>&nbsp;<\/p>\n","protected":false},"excerpt":{"rendered":"<p>\u00datok kamionu na \u017eidovskou \u0161kolku v Michiganu, st\u0159elba v synagoze v Torontu, vra\u017edy na univerzit\u011b&#8230;<\/p>\n","protected":false},"author":2,"featured_media":101982,"comment_status":"closed","ping_status":"closed","sticky":false,"template":"","format":"standard","meta":[],"categories":[7],"tags":[1503,10741,37],"_links":{"self":[{"href":"https:\/\/www.infokuryr.cz\/n\/wp-json\/wp\/v2\/posts\/101981"}],"collection":[{"href":"https:\/\/www.infokuryr.cz\/n\/wp-json\/wp\/v2\/posts"}],"about":[{"href":"https:\/\/www.infokuryr.cz\/n\/wp-json\/wp\/v2\/types\/post"}],"author":[{"embeddable":true,"href":"https:\/\/www.infokuryr.cz\/n\/wp-json\/wp\/v2\/users\/2"}],"replies":[{"embeddable":true,"href":"https:\/\/www.infokuryr.cz\/n\/wp-json\/wp\/v2\/comments?post=101981"}],"version-history":[{"count":0,"href":"https:\/\/www.infokuryr.cz\/n\/wp-json\/wp\/v2\/posts\/101981\/revisions"}],"wp:featuredmedia":[{"embeddable":true,"href":"https:\/\/www.infokuryr.cz\/n\/wp-json\/wp\/v2\/media\/101982"}],"wp:attachment":[{"href":"https:\/\/www.infokuryr.cz\/n\/wp-json\/wp\/v2\/media?parent=101981"}],"wp:term":[{"taxonomy":"category","embeddable":true,"href":"https:\/\/www.infokuryr.cz\/n\/wp-json\/wp\/v2\/categories?post=101981"},{"taxonomy":"post_tag","embeddable":true,"href":"https:\/\/www.infokuryr.cz\/n\/wp-json\/wp\/v2\/tags?post=101981"}],"curies":[{"name":"wp","href":"https:\/\/api.w.org\/{rel}","templated":true}]}}