{"id":101974,"date":"2026-03-16T00:11:13","date_gmt":"2026-03-15T23:11:13","guid":{"rendered":"https:\/\/www.infokuryr.cz\/n\/?p=101974"},"modified":"2026-03-15T15:09:52","modified_gmt":"2026-03-15T14:09:52","slug":"thomas-roper-zelenskyj-vyhrozuje-poslancum-kteri-nebudou-hlasovat-pro-nej-povolanim-na-frontu","status":"publish","type":"post","link":"https:\/\/www.infokuryr.cz\/n\/2026\/03\/16\/thomas-roper-zelenskyj-vyhrozuje-poslancum-kteri-nebudou-hlasovat-pro-nej-povolanim-na-frontu\/","title":{"rendered":"Thomas R\u00f6per: Zelenskyj vyhro\u017euje poslanc\u016fm, kte\u0159\u00ed nebudou hlasovat pro n\u011bj, povol\u00e1n\u00edm na frontu"},"content":{"rendered":"<div id=\"fb-root\"><\/div>\n<p><strong><span dir=\"auto\">Demokracie po ukrajinsk\u00e9m: \u00a0Zelenskyj, kter\u00fd st\u00e1le v\u00edce ztr\u00e1c\u00ed podporu ve sv\u00e9 vlastn\u00ed parlamentn\u00ed skupin\u011b, vyhro\u017euje \u010dlen\u016fm parlamentu odvodem na frontu, pokud nebudou hlasovat pro z\u00e1kony, kter\u00e9 po\u017eaduje.<\/span><\/strong><\/p>\n<p><span dir=\"auto\">Ukrajinsk\u00fd model demokracie byl v\u017edy velmi sv\u00e9r\u00e1zn\u00fd. Ukrajina byla od sv\u00e9ho zalo\u017een\u00ed vysoce zkorumpovan\u00fdm st\u00e1tem, kde bylo naprosto norm\u00e1ln\u00ed, \u017ee z\u00e1stupci r\u016fzn\u00fdch z\u00e1jmov\u00fdch skupin chodili po parlamentu s kufry pln\u00fdmi pen\u011bz p\u0159ed d\u016fle\u017eit\u00fdmi hlasov\u00e1n\u00edmi a sna\u017eili se koupit hlasy od poslanc\u016f. Na Ukrajin\u011b bylo tak\u00e9 naprosto norm\u00e1ln\u00ed, \u017ee mnoho politik\u016f p\u0159ed ka\u017ed\u00fdmi volbami m\u011bnilo stranickou p\u0159\u00edslu\u0161nost a p\u0159id\u00e1valo se k aktu\u00e1ln\u011b dominantn\u00ed frakci, aby z\u016fstalo v parlamentu. A bylo norm\u00e1ln\u00ed, \u017ee oligarchov\u00e9 financovali volebn\u00ed kampan\u011b des\u00edtek poslanc\u016f, aby je mohli ovl\u00e1dat a kontrolovat jejich volebn\u00ed chov\u00e1n\u00ed.<\/span><\/p>\n<p><span dir=\"auto\">Ale te\u010f se zd\u00e1, \u017ee se v ukrajinsk\u00e9m parlamentu n\u011bco m\u011bn\u00ed. Ne sm\u011brem k v\u011bt\u0161\u00ed demokracii, ale zjevn\u011b se st\u00e1le v\u00edce \u010dlen\u016f parlamentu ob\u00e1v\u00e1, \u017ee budou jednoho dne vol\u00e1ni k odpov\u011bdnosti za sv\u00e9 volebn\u00ed chov\u00e1n\u00ed b\u011bhem v\u00e1lky, proto\u017ee sv\u00fdm jedn\u00e1n\u00edm nejen p\u0159isp\u00edvaj\u00ed k finan\u010dn\u00ed a ekonomick\u00e9 zk\u00e1ze Ukrajiny, ale tak\u00e9 k jej\u00edmu vylid\u0148ov\u00e1n\u00ed v d\u016fsledku obrovsk\u00fdch ztr\u00e1t v dnes ji\u017e nevyhrateln\u00e9 a tud\u00ed\u017e zcela zbyte\u010dn\u00e9 v\u00e1lce.<\/span><\/p>\n<p><span dir=\"auto\">Tak alespo\u0148 interpretuji skute\u010dnost, \u017ee parlament st\u00e1le v\u00edce odm\u00edt\u00e1 schvalovat z\u00e1kony po\u017eadovan\u00e9 Zelenskym a odm\u00edt\u00e1 je. To by bylo pochopiteln\u00e9, kdyby se to t\u00fdkalo pouze frakc\u00ed z jin\u00fdch stran, ale i frakce Zelensk\u00e9ho vl\u00e1dnouc\u00ed strany Sluha lidu st\u00e1le v\u00edce odm\u00edt\u00e1 n\u00e1sledovat sv\u00e9ho v\u016fdce, a to i v d\u016fle\u017eit\u00fdch legislativn\u00edch z\u00e1le\u017eitostech.<\/span><\/p>\n<p><span dir=\"auto\">Ukrajinsk\u00e1 m\u00e9dia informuj\u00ed, \u017ee Nejvy\u0161\u0161\u00ed rada se nach\u00e1z\u00ed v nejhor\u0161\u00ed krizi od voleb v roce 2019, proto\u017ee poslanci \u201eztratili motivaci\u201c spolupracovat se Zelensk\u00fdm. Podle parlamentn\u00edch zdroj\u016f je Rada \u201evy\u010derpan\u00e1\u201c. Vl\u00e1dnouc\u00ed strana Sluha lidu, kter\u00e1 obvykle dr\u017e\u00ed pohodlnou v\u011bt\u0161inu, si ji\u017e nedok\u00e1\u017ee zajistit v\u011bt\u0161inu ani pro n\u00e1vrhy z\u00e1kon\u016f t\u00fdkaj\u00edc\u00ed se st\u00e1tn\u00edch financ\u00ed pot\u00e9, co Zelensk\u00e9ho frakce v posledn\u00edch letech podpo\u0159ila v\u0161echny z\u00e1kony, kter\u00e9 Zelensk\u00e9ho prosazoval. Ukrajinsk\u00fd zpravodajsk\u00fd port\u00e1l Strana p\u00ed\u0161e, \u017ee poslanci jsou \u201eunaven\u00ed\u201c a \u201eztratili motivaci hr\u00e1t pouze vedlej\u0161\u00ed role v one-man show\u201c.<\/span><\/p>\n<p><span dir=\"auto\">V sou\u010dasn\u00e9 dob\u011b krize ovliv\u0148uje i z\u00e1kony, kter\u00e9 jsou pro ve\u0159ejn\u00e9 finance z\u00e1sadn\u00ed, jako jsou reformy po\u017eadovan\u00e9 MMF pro poskytov\u00e1n\u00ed dal\u0161\u00edch \u00fav\u011br\u016f. Tyto reformy maj\u00ed prim\u00e1rn\u011b za c\u00edl sn\u00ed\u017eit zb\u00fdvaj\u00edc\u00ed st\u00e1tn\u00ed podporu obyvatelstva a d\u00e1le zv\u00fd\u0161it \u017eivotn\u00ed n\u00e1klady. Dokonce se uv\u00e1d\u00ed odpor v\u016f\u010di z\u00e1kon\u016fm nezbytn\u00fdm pro realizaci \u00fav\u011bru EU ve v\u00fd\u0161i 90 miliard eur a pro vstup do EU.<\/span><\/p>\n<p><span dir=\"auto\">Odpor v\u016f\u010di reform\u00e1m po\u017eadovan\u00fdm MMF je pochopiteln\u00fd, proto\u017ee \u0161krty zb\u00fdvaj\u00edc\u00edch dotac\u00ed na energie na Ukrajin\u011b byly v\u017edy jednou z politicky nejcitliv\u011bj\u0161\u00edch ot\u00e1zek. I p\u0159ed v\u00e1lkou byly ceny energi\u00ed tak vysok\u00e9, \u017ee mnoho d\u016fchodc\u016f si muselo vybrat mezi vyt\u00e1p\u011bn\u00edm a j\u00eddlem, pokud nem\u011bli d\u011bti, kter\u00e9 by jim mohly finan\u010dn\u011b pomoci. A od roku 2022 se situace zhor\u0161ila.<\/span><\/p>\n<p><span dir=\"auto\">Odpor v\u016f\u010di z\u00e1kon\u016fm po\u017eadovan\u00fdm EU je v\u0161ak pravd\u011bpodobn\u011b sp\u00ed\u0161e zp\u016fsoben t\u00edm, \u017ee poslanci cht\u011bj\u00ed vynutit volby, proto\u017ee na Ukrajin\u011b roste nespokojenost pot\u00e9, co u\u017e osm let neprob\u011bhly prezidentsk\u00e9 ani parlamentn\u00ed volby, a proto je legitimita vl\u00e1dy st\u00e1le v\u00edce zpochyb\u0148ov\u00e1na vzhledem k rychle se zhor\u0161uj\u00edc\u00edm \u017eivotn\u00edm podm\u00ednk\u00e1m, v\u00e1lce, ztr\u00e1t\u00e1m a brut\u00e1ln\u00edmu nucen\u00e9mu n\u00e1boru na otev\u0159en\u00e9 ulici.<\/span><\/p>\n<p><span dir=\"auto\">Zelenskyj proto nyn\u00ed otev\u0159en\u011b pohrozil poslanc\u016fm a \u0159ekl, \u017ee je po\u0161le dop\u0159edu, pokud nebudou hlasovat tak, jak si p\u0159eje. Ukrajinsk\u00e1 pravda\u00a0<\/span><a href=\"https:\/\/tass.ru\/mezhdunarodnaya-panorama\/26766019\"><u><span dir=\"auto\">citovala<\/span><\/u><\/a><span dir=\"auto\">\u00a0Zelensk\u00e9ho:<\/span><\/p>\n<p><em><span dir=\"auto\">\u201ePodle ukrajinsk\u00e9ho pr\u00e1va mus\u00ed poslanci bu\u010f slou\u017eit v parlamentu, nebo jsem p\u0159ipraven s nimi vyjedn\u00e1vat o z\u00e1konu, kter\u00fdm se m\u011bn\u00ed mobiliza\u010dn\u00ed p\u0159edpisy, aby mohli j\u00edt na frontu. Ti, kte\u0159\u00ed neslou\u017e\u00ed st\u00e1tu v parlamentu, by mu m\u011bli slou\u017eit na front\u011b. To je m\u016fj postoj.\u201c<\/span><\/em><\/p>\n<p><span dir=\"auto\">Ozn\u00e1mil tak\u00e9 setk\u00e1n\u00ed s Davidem Arachamjou, p\u0159edsedou frakce \u201eSluha lidu\u201c, aby projednali zp\u016fsoby, jak p\u0159ekonat krizi v Rad\u011b.<\/span><\/p>\n<p><a href=\"https:\/\/anti-spiegel.ru\/2026\/selensky-droht-abgeordneten-die-nicht-in-seinem-sinne-abstimmen-mit-einberufung-an-die-front\/\">Thomas R\u00f6per<\/a><\/p>\n<p><img decoding=\"async\" loading=\"lazy\" class=\"alignnone  wp-image-22016\" src=\"http:\/\/www.infokuryr.cz\/n\/wp-content\/uploads\/2023\/01\/Thomas-Roper-298x300.jpg\" alt=\"\" width=\"168\" height=\"169\" srcset=\"https:\/\/www.infokuryr.cz\/n\/wp-content\/uploads\/2023\/01\/Thomas-Roper-298x300.jpg 298w, https:\/\/www.infokuryr.cz\/n\/wp-content\/uploads\/2023\/01\/Thomas-Roper-150x150.jpg 150w, https:\/\/www.infokuryr.cz\/n\/wp-content\/uploads\/2023\/01\/Thomas-Roper.jpg 596w\" sizes=\"(max-width: 168px) 100vw, 168px\" \/><\/p>\n<p>&nbsp;<\/p>\n","protected":false},"excerpt":{"rendered":"<p>Demokracie po ukrajinsk\u00e9m: \u00a0Zelenskyj, kter\u00fd st\u00e1le v\u00edce ztr\u00e1c\u00ed podporu ve sv\u00e9 vlastn\u00ed parlamentn\u00ed skupin\u011b, vyhro\u017euje&#8230;<\/p>\n","protected":false},"author":2,"featured_media":101975,"comment_status":"closed","ping_status":"closed","sticky":false,"template":"","format":"standard","meta":[],"categories":[7],"tags":[169,557,269,2064,1000],"_links":{"self":[{"href":"https:\/\/www.infokuryr.cz\/n\/wp-json\/wp\/v2\/posts\/101974"}],"collection":[{"href":"https:\/\/www.infokuryr.cz\/n\/wp-json\/wp\/v2\/posts"}],"about":[{"href":"https:\/\/www.infokuryr.cz\/n\/wp-json\/wp\/v2\/types\/post"}],"author":[{"embeddable":true,"href":"https:\/\/www.infokuryr.cz\/n\/wp-json\/wp\/v2\/users\/2"}],"replies":[{"embeddable":true,"href":"https:\/\/www.infokuryr.cz\/n\/wp-json\/wp\/v2\/comments?post=101974"}],"version-history":[{"count":0,"href":"https:\/\/www.infokuryr.cz\/n\/wp-json\/wp\/v2\/posts\/101974\/revisions"}],"wp:featuredmedia":[{"embeddable":true,"href":"https:\/\/www.infokuryr.cz\/n\/wp-json\/wp\/v2\/media\/101975"}],"wp:attachment":[{"href":"https:\/\/www.infokuryr.cz\/n\/wp-json\/wp\/v2\/media?parent=101974"}],"wp:term":[{"taxonomy":"category","embeddable":true,"href":"https:\/\/www.infokuryr.cz\/n\/wp-json\/wp\/v2\/categories?post=101974"},{"taxonomy":"post_tag","embeddable":true,"href":"https:\/\/www.infokuryr.cz\/n\/wp-json\/wp\/v2\/tags?post=101974"}],"curies":[{"name":"wp","href":"https:\/\/api.w.org\/{rel}","templated":true}]}}