{"id":101970,"date":"2026-03-15T06:54:38","date_gmt":"2026-03-15T05:54:38","guid":{"rendered":"https:\/\/www.infokuryr.cz\/n\/?p=101970"},"modified":"2026-03-15T06:54:38","modified_gmt":"2026-03-15T05:54:38","slug":"okupace-ceskoslovenska-nemeckem","status":"publish","type":"post","link":"https:\/\/www.infokuryr.cz\/n\/2026\/03\/15\/okupace-ceskoslovenska-nemeckem\/","title":{"rendered":"OKUPACE \u010cESKOSLOVENSKA N\u011aMECKEM"},"content":{"rendered":"<div id=\"fb-root\"><\/div>\n<h3><strong>15. b\u0159ezen 1939<\/strong> \u2013 p\u0159ipom\u00edn\u00e1 a nav\u011bky bude p\u0159ipom\u00ednat <strong><u>OKUPACI \u010cESKOSLOVENSKA<\/u> <u>NACISTICK\u00ddM<\/u> <u>N\u011aMECKEM<\/u><\/strong><\/h3>\n<p>Toto datum, nejen v to dne\u0161n\u00ed v\u00fdro\u010d\u00ed (<strong>87. v\u00fdro\u010d\u00ed<\/strong>), ale kdykoliv p\u0159i jeho vysloven\u00ed <strong>MUS\u00cd <\/strong>n\u00e1m v\u0161em \u010cech\u016fm, Slov\u00e1k\u016fm, Slovan\u016fm nav\u011bky <strong>jako varovn\u00e9 memento<\/strong> p\u0159ipom\u00ednat skute\u010dnou, opravdovou <strong>OKUPACI<\/strong> \u010ceskoslovensk\u00e9 republiky <strong>N\u011aMECKEM<\/strong>, po n\u00ed\u017e okam\u017eit\u011b n\u00e1sledovalo drastick\u00e9 pron\u00e1sledov\u00e1n\u00ed, v\u011bzn\u011bn\u00ed, mu\u010den\u00ed, popravy a zab\u00edjen\u00ed \u010desk\u00fdch a slovensk\u00fdch vlastenc\u016f, komunist\u016f, \u010dlen\u016f Sokola, odboj\u00e1\u0159\u016f, jejich rodin, p\u0159\u00edbuzn\u00fdch, zn\u00e1m\u00fdch a v\u0161ech t\u011bch, kdo se jak\u00fdmkoli i sebemen\u0161\u00edm zp\u016fsobem \u201eprovinil\u201c proti nov\u011b nastolovan\u00e9mu a nastolen\u00e9mu n\u011bmeck\u00e9mu nacistick\u00e9mu hitlerovsk\u00e9mu \u201epo\u0159\u00e1dku\u201c.<\/p>\n<p>Jm\u00e9nem pam\u00e1tky sta tis\u00edc\u016f v\u0161ech n\u011bmeck\u00fdmi nacisty umu\u010den\u00fdch, povra\u017ed\u011bn\u00fdch, zplynovan\u00fdch, pov\u011b\u0161en\u00fdch, zast\u0159elen\u00fdch na\u0161ich spoluob\u010dan\u016f <strong><em>(365.000 ob\u011bt\u00ed na \u017eivotech!!)<\/em><\/strong> \u2013 ob\u010dan\u016f \u010ceskoslovenska jsme my, \u010ce\u0161i a Slov\u00e1ci a p\u0159\u00edslu\u0161n\u00edci v\u0161ech dal\u0161\u00edch n\u00e1rod\u016f \u017eij\u00edc\u00edch tehdy v\u00a0pospolitosti v\u00a0\u010ceskoslovensk\u00e9 republice povinni pravdiv\u011b informovat na\u0161e d\u011bti, vnuky, pravnuky o hr\u016fz\u00e1ch, zv\u011brstvech a zlo\u010dinech N\u011bmecka, <strong>kter\u00e9 nastaly pr\u00e1v\u011b okupac\u00ed N\u011bmeckem, tedy dnem 15. b\u0159eznem 1939. <\/strong><\/p>\n<p><strong><em>\u0158ekne-li se kdykoliv a kdekoliv slovo \u201eokupace\u201c v\u00a0souvislosti s\u00a0\u010ceskoslovenskem, okam\u017eit\u011b se n\u00e1m v\u00a0mysli mus\u00ed vybavit pr\u00e1v\u011b tato skute\u010dn\u00e1 n\u011bmeck\u00e1 okupace! Ne ta, jak je, a bylo v\u00edce jak 37 let, z\u00e1m\u011brn\u011b vsugerov\u00e1v\u00e1no a v\u0161emo\u017en\u011b i podprahov\u011b podsouv\u00e1no lidem, zejm\u00e9na v\u017edy lehce zmanipulovan\u00e9 nic neznaj\u00edc\u00ed ml\u00e1de\u017ei, v\u0161em narozen\u00fdm po listopadu 89, sov\u011btsk\u00e1, pr\u00fd okupace!!<\/em><\/strong><\/p>\n<p><strong>Ta sov\u011btsk\u00e1, pr\u00fd okupace, ve skute\u010dnosti a v\u00a0porovn\u00e1n\u00ed s\u00a0tou opravdovou n\u011bmeckou genocidn\u00ed, likvida\u010dn\u00ed n\u00e1\u0161 n\u00e1rod nikdy \u017e\u00e1dnou okupac\u00ed nebyla!<\/strong><\/p>\n<p>D\u00e1 to je\u0161t\u011b mnoho a mnoho pr\u00e1ce zm\u011bnit k\u00a0pravd\u011b my\u0161len\u00ed lid\u00ed, aby p\u0159i slov\u011b okupace jim na mysli okam\u017eit\u011b vyvstala ta n\u011bmeck\u00e1 likviduj\u00edc\u00ed a vyvra\u017e\u010fuj\u00edc\u00ed \u010desk\u00fd a slovensk\u00fd n\u00e1rod!!<\/p>\n<p>Mlad\u00ed lid\u00e9 dnes, bohu\u017eel, p\u0159i slov\u011b okupace absolutn\u011b v\u016fbec nic nev\u011bd\u00ed, nic neznaj\u00ed, ale v\u017edy jen ze sebe vyprsknou \u2013 \u00a0to zmanipulovan\u00e9 a neust\u00e1le jen om\u00edlan\u00e9 a jim podsouvan\u00e9 &#8211; okupace Ruskem, nebo okupace Sov\u011btsk\u00fdm svazem, nebo okupace \u201erus\u00e1ky\u201c v\u00a0srpnu 1968!! A dost!! Nic nev\u011bd\u00ed, nic neznaj\u00ed, nato\u017e pak o t\u00e9 skute\u010dn\u00e9 n\u011bmeck\u00e9 \u010desk\u00fd n\u00e1rod vyvra\u017e\u010fuj\u00edc\u00ed okupaci, kter\u00e1 za\u010dala pr\u00e1v\u011b on\u00edm dnem, tedy <strong>15. b\u0159eznem 1939, <\/strong>jemu\u017e p\u0159edch\u00e1zel Mnichovsk\u00fd dikt\u00e1t \u2013 tedy zrada Z\u00e1padu nad \u010ceskoslovenskem.<\/p>\n<p>Pokud se i t\u00edmto nezm\u011bn\u00ed my\u0161len\u00ed a uva\u017eov\u00e1n\u00ed lid\u00ed, zejm\u00e9na t\u011bch mlad\u00fdch, k\u00a0pravd\u011b, \u010desk\u00fd n\u00e1rod bude zahuben a zahyne a dokonce ztrat\u00ed i sv\u00e9 p\u016fvodn\u00ed \u00fazem\u00ed, svou zemi. <em>(Co\u017epak svou zemi neztr\u00e1c\u00ed ji\u017e nyn\u00ed? Nep\u0159ed\u00e1v\u00e1 ji snad dobrovoln\u011b migrant\u016fm zejm\u00e9na novodob\u00fdm nacistick\u00fdm okupant\u016fm &#8211; Ukrajinc\u016fm?)<\/em><\/p>\n<p>A po pravd\u011b, necht\u011bl bych ani \u017e\u00edt a nechci ani \u017e\u00edt v\u00a0takov\u00e9m prolhan\u00e9m, fale\u0161n\u00e9m, pokryteck\u00e9m n\u00e1rod\u011b, kter\u00fd se nech\u00e1 lehce obalamutit a <strong>nech\u00e1 si zlo\u010dinci vnutit jin\u00e9 d\u011bjiny a p\u0159epsat svou historii!<\/strong> <u>To rad\u011b<\/u>j<u>i a\u0165 takov<\/u>\u00fd<u> n\u00e1rod zah<\/u>y<u>ne<\/u>!<\/p>\n<p><strong>Znovu, 15. b\u0159ezen 1939<\/strong> je jedn\u00edm z\u00a0nejtragi\u010dt\u011bj\u0161\u00edch dn\u016f v\u00a0d\u011bjin\u00e1ch \u010ceskoslovenska a \u010desk\u00e9ho a slovensk\u00e9ho n\u00e1roda. Pln\u011b zavr\u0161il a dorazil ZRADU \u010deskoslovensk\u00e9 politick\u00e9 bur\u017eoazn\u00ed \u201eelity\u201c, kter\u00e1 naprosto tup\u011b, jako i dnes <em>(vlastn\u011b nejen dnes, ale celou tu polistopadovou dobu)<\/em> je orientovan\u00e1 v\u00fdhradn\u011b na z\u00e1pad, tj. na USA, na Velkou Brit\u00e1nii, na Francii, pota\u017emo Belgii, Holandsko a cel\u00fd ten v\u017edy pokryteck\u00fd, ned\u016fv\u011bryhodn\u00fd a hlavn\u011b zr\u00e1dn\u00fd z\u00e1pad, a na N\u011bmecko sv\u00e9 vrahy!!<\/p>\n<p><strong>15. b\u0159ezen 1939<\/strong> je stejn\u011b tragick\u00fd a smutn\u011b srovnateln\u00fd s\u00a0jin\u00fdmi tragick\u00fdmi dny na\u0161ich d\u011bjin. Nap\u0159\u00edklad s\u00a0dnem <strong>8. listopadu 1620<\/strong> (bitva na B\u00edl\u00e9 ho\u0159e), s\u00a0dnem <strong>30. z\u00e1\u0159\u00ed 1938<\/strong> (Mnichovsk\u00e1 zrada), se\u00a0<strong>17. listopadem 1989<\/strong> (p\u0159evrat v\u00a0\u010cSSR a n\u00e1stup k\u00a0likvidaci \u010ceskoslovenska, n\u00e1stup k\u00a0fa\u0161izaci spole\u010dnosti a\u017e k\u00a0nastolen\u00ed sou\u010dasn\u00e9 fa\u0161istick\u00e9 diktatury), se dnem <strong>12. b\u0159ezna 1999<\/strong> (vstup zbytku toho, co z\u016fstalo po \u010cSSR, tedy \u00fazem\u00ed s\u00a0n\u00e1zvem \u010desk\u00e1 republika do teroristick\u00e9ho zlo\u010dineck\u00e9ho paktu NATO), se dnem <strong>1. kv\u011btna 2004<\/strong> (vstup zbytku toho, co z\u016fstalo po \u010cSSR, tedy \u00fazem\u00ed s\u00a0n\u00e1zvem \u010desk\u00e1 republika do evropsk\u00e9 fa\u0161istick\u00e9 \u010dtvrt\u00e9 \u0159\u00ed\u0161e s\u00a0n\u00e1zvem Evropsk\u00e1 unie), se dnem <strong>9. b\u0159eznem 2023<\/strong> (inaugurace \u010deskoslovensk\u00e9ho velezr\u00e1dce a vlastizr\u00e1dce, nacisty \u2013 gener\u00e1la teroristick\u00e9ho paktu NATO Pavla za prezidenta toho zbytku, co z\u016fstalo po \u010cSSR).<\/p>\n<p><img decoding=\"async\" loading=\"lazy\" class=\"wp-image-86010 aligncenter\" src=\"http:\/\/www.infokuryr.cz\/n\/wp-content\/uploads\/2025\/08\/OKUPACE-CESKOSLOVENSKA-300x187.jpg\" alt=\"\" width=\"797\" height=\"497\" srcset=\"https:\/\/www.infokuryr.cz\/n\/wp-content\/uploads\/2025\/08\/OKUPACE-CESKOSLOVENSKA-300x187.jpg 300w, https:\/\/www.infokuryr.cz\/n\/wp-content\/uploads\/2025\/08\/OKUPACE-CESKOSLOVENSKA-768x479.jpg 768w, https:\/\/www.infokuryr.cz\/n\/wp-content\/uploads\/2025\/08\/OKUPACE-CESKOSLOVENSKA.jpg 926w\" sizes=\"(max-width: 797px) 100vw, 797px\" \/><\/p>\n<h3><strong><u>D\u00e1le k\u00a015. b\u0159eznu 1939 a n\u00e1sledn\u00e9 n\u011bmeck\u00e9 oku<\/u><\/strong><strong>p<u>aci<\/u><\/strong><\/h3>\n<p>Dobrovoln\u00fdm vzd\u00e1n\u00edm se \u010ceskoslovenska bez boje (ano v\u00edm, m\u00edsty ne, ale m\u00edste\u010dky, se opravdu dokonce bojovalo \u2013 nap\u0159. pos\u00e1dka ve Fr\u00fddku \u2013 M\u00edstku, a nevedla si \u0161patn\u011b) <strong>tedy velezradou a vlastizradou nejvy\u0161\u0161\u00edch politik\u016f, <\/strong>vyd\u00e1n\u00edm cel\u00e9ho zbytku ji\u017e tak Mnichovem 38 okle\u0161t\u011bn\u00e9 republiky do pa\u0159\u00e1t\u016f hitlerovsk\u00e9ho N\u011bmecka a za\u010dlen\u011bn\u00edm do Velkon\u011bmeck\u00e9 t\u0159et\u00ed \u0159\u00ed\u0161e si nacistick\u00e9 N\u011bmecko neskute\u010dn\u011b pomohlo, nebo\u0165 zes\u00edlilo k\u00a0dal\u0161\u00edm p\u0159ipravovan\u00fdm vojensk\u00fdm agres\u00edm nam\u00ed\u0159en\u00fdm hlavn\u011b na v\u00fdchod proti Sov\u011btsk\u00e9mu svazu.<\/p>\n<p>Uv\u011bdomte si, \u017ee v\u00a0t\u00e9 dob\u011b, ve t\u0159ic\u00e1t\u00fdch letech pat\u0159ilo vysoce rozvinut\u00e9, pr\u016fmyslov\u00e9 \u010ceskoslovensko mezi deset nejvysp\u011blej\u0161\u00edch ekonomik sv\u011bta!! <em>(Po rozpadu Rakousko-Uherska toti\u017e 70% pr\u016fmyslu, tov\u00e1ren a v\u00fdroby toho cel\u00e9ho kolosu, tj. rakousko-uhersk\u00e9ho mocn\u00e1\u0159stv\u00ed z\u016fstalo v\u00a0\u010desk\u00fdch zem\u00edch, to znamen\u00e1 na \u00fazem\u00ed nov\u011b vznikl\u00e9 \u010ceskoslovensk\u00e9 republiky.)<\/em> Tak\u00e9 jsme m\u011bli vynikaj\u00edc\u00ed zbrojn\u00ed pr\u016fmysl, kdy jsme pat\u0159ili mezi p\u011bt nejv\u011bt\u0161\u00edch sv\u011btov\u00fdch v\u00fdrobc\u016f a v\u00fdvozc\u016f zbran\u00ed!! Vyr\u00e1b\u011bli jsme velice kvalitn\u00ed zbran\u011b, po kter\u00fdch byla v\u00a0cel\u00e9m sv\u011bt\u011b popt\u00e1vka, prost\u011b \u010deskoslovensk\u00e9 zbran\u011b m\u011bly ve sv\u011bt\u011b zvuk a dobr\u00e9 jm\u00e9no, proto\u017ee byly na vysok\u00e9 technick\u00e9 \u00farovni, spolehliv\u00e9, lehce ovladateln\u00e9 a p\u0159itom za p\u0159ijatelnou cenu.<\/p>\n<p><strong>Toto v\u0161e jsme dobrovoln\u011b, bez boje vydali do pa\u0159\u00e1t\u016f Hitlerovi!!<\/strong> Hitler mohl b\u00fdt na sebe py\u0161n\u00fd a spokojen\u00fd! A tak\u00e9 byl! Za\u010dlen\u011bn\u00edm na\u0161\u00ed ekonomiky, pr\u016fmyslu a zem\u011bd\u011blstv\u00ed, lidsk\u00e9ho pracovn\u00edho potenci\u00e1lu do \u0159\u00ed\u0161e N\u011bmecko, samoz\u0159ejm\u011b, zes\u00edlilo. Jenom zabr\u00e1n\u00edm (ukraden\u00edm) na\u0161ich, \u010deskoslovensk\u00fdch zbran\u00ed, vojensk\u00e9 techniky \u2013 d\u011bl, tank\u016f, letadel, obrn\u011bn\u00fdch vozidel, kulomet\u016f, pu\u0161ek, pistol\u00ed, milion\u016f kus\u016f gran\u00e1t\u016f, <strong>miliardy<\/strong> p\u011bchotn\u00ed munice <strong>vzrostl okam\u017eit\u011b vojensk\u00fd potenci\u00e1l nacistick\u00e9ho N\u011bmecka o 25%!!!<\/strong> Dobrovoln\u011b &#8211; vlastizradou Bene\u0161e a bur\u017eoazn\u00ed vl\u00e1dy <strong>jsme Hitlerovi do pa\u0159\u00e1t\u016f dali:<\/strong> 582 letadel, 581 protiletadlov\u00fdch d\u011bl, 2.175 d\u011bl lehk\u00e9ho a t\u011b\u017ek\u00e9ho d\u011blost\u0159electva, 735 minomet\u016f, 468 t\u011b\u017ek\u00fdch tank\u016f, 43.876 kulomet\u016f, 114.000 pistol\u00ed, 1.020.000 pu\u0161ek, 3.000.000 gran\u00e1t\u016f, 1.000.000.000 p\u011bchotn\u00ed munice!! Hezk\u00fd d\u00e1rek, hezk\u00fd n\u00e1\u0161, \u010deskoslovensk\u00fd vklad Hitlerovi do za\u010d\u00e1tku v\u00e1lky, \u017ee?! Kde si mysl\u00edte, \u017ee to v\u0161echno pou\u017eil? \u2013 Na v\u00fdchodn\u00ed front\u011b ze za\u010d\u00e1tku proti Polsku, ale zejm\u00e9na a hlavn\u011b proti Sov\u011btsk\u00e9mu svazu, proti jeho obyvatel\u016fm, proti na\u0161im slovansk\u00fdm bratr\u016fm!! Na\u0161imi zbran\u011bmi, na\u0161\u00ed munic\u00ed byli st\u0159\u00edleni, zab\u00edjeni sov\u011bt\u0161t\u00ed voj\u00e1ci \u2013 obr\u00e1nci sv\u00e9 vlastn\u00ed zem\u011b, bomby u n\u00e1s vyroben\u00e9 ni\u010dily, pusto\u0161ily, srovn\u00e1valy se zem\u00ed rusk\u00e1, ukrajinsk\u00e1, b\u011blorusk\u00e1 m\u011bsta a vesnice, zab\u00edjely jejich obyvatele, \u017eeny, d\u011bti, starce, bezbrann\u00e9, v\u0161echny!! <strong><em>(pozn. srovnejte s\u00a0dne\u0161kem, kdy op\u011bt pos\u00edl\u00e1me na\u0161e zbran\u011b a munici na nacistickou Ukrajinu, aby vra\u017edily na\u0161e rusk\u00e9, slovansk\u00e9 bratry!!)<\/em><\/strong><\/p>\n<p><strong>A to je\u0161t\u011b ale v\u016fbec nen\u00ed v\u0161echno \u2013 <em>(k\u00a0hanb\u011b cel\u00e9ho \u010desk\u00e9ho n\u00e1roda)<\/em>!!<\/strong> Cel\u00e1 na\u0161e ekonomika (pr\u016fmysl, zem\u011bd\u011blstv\u00ed, ve\u0161ker\u00e1 v\u00fdroba a lidsk\u00fd potenci\u00e1l) byla za\u010dlen\u011bna do \u0159\u00ed\u0161e, byla podrobena a slou\u017eila z\u00e1jm\u016fm T\u0159et\u00ed \u0159\u00ed\u0161e, tedy k\u00a0dobyva\u010dn\u00e9 n\u011bmeck\u00e9 agresi!! Od prvn\u00edho dne okupace, prakticky a\u017e do osvobozen\u00ed, tedy <strong>a\u017e do 9. kv\u011btna 1945!!<\/strong> Lid\u00e9 v\u00a0tov\u00e1rn\u00e1ch a ve slu\u017eb\u00e1ch, na pol\u00edch, na \u00fa\u0159adech, na po\u0161t\u00e1ch, \u017eeleznic\u00edch poctiv\u011b pracovali pro N\u011bmce. Ano, v\u00edm\u2026 museli. Za jakoukoliv sabot\u00e1\u017e hrozil p\u0159inejmen\u0161\u00edm koncentra\u010dn\u00ed t\u00e1bor, v\u011bt\u0161inou poprava, smrt<em>. (Rusov\u00e9 by klidn\u011b o n\u00e1s \u010ce\u0161\u00edch mohli napsat, \u017ee jsme kolaborovali s\u00a0N\u011bmci celou v\u00e1lku, a to cel\u00fd n\u00e1rod,\u2026 a vid\u00edte \u2013 Rusov\u00e9 to nikdy nenap\u00ed\u0161ou! To jen my, \u010ce\u0161i jsme p\u011bkn\u00ed hajzlov\u00e9 ve vztahu k\u00a0Rusku. Ne my v\u0161ichni \u010ce\u0161i, ale cel\u00e1 ta polistopadov\u00e1 pak\u00e1\u017e, cel\u00e1 ta havloidn\u00ed fa\u0161istick\u00e1 sebranka a, bohu\u017eel, vymozkovan\u00e9 polistopadov\u00e9 mlad\u00e9 generace)<\/em><\/p>\n<p><strong>Pro\u010d toto v\u0161e tak p\u00ed\u0161i\u2026??<\/strong> Proto, \u017ee chci, abyste si laskav\u011b uv\u011bdomili, \u017ee p\u0159es to v\u0161echno, co jsme my Sov\u011btsk\u00e9mu svazu zp\u016fsobili, ano i svou zbab\u011blost\u00ed, \u017ee jsme dopustili jako n\u00e1rod, jako celek, \u017ee n\u00e1s prezident a bur\u017eoazn\u00ed vl\u00e1da zradili, \u017ee se hitlerovci u n\u00e1s dovyzbrojili, \u017ee cel\u00e1 na\u0161e ekonomika slou\u017eila poctiv\u011b z\u00e1jm\u016fm T\u0159et\u00ed \u0159\u00ed\u0161e tedy vra\u017ed\u011bn\u00ed, zab\u00edjen\u00ed, genocid\u011b na v\u00fdchod\u011b, proti Sov\u011btsk\u00e9mu svazu, tak p\u0159esto v\u0161echno n\u00e1s ten SOV\u011aTSK\u00dd SVAZ a jeho RUD\u00c1 ARM\u00c1DA od toho fa\u0161istick\u00e9mu n\u011bmeck\u00e9ho teroru a okupace OSVOBODILY!!! N\u011bmci zavra\u017edili, umu\u010dili v\u00a0koncentra\u010dn\u00edch t\u00e1borech, popravili 365.000 \u010deskoslovensk\u00fdch obyvatel!!<\/p>\n<p>Za to, abychom my p\u0159e\u017eili, polo\u017eilo sv\u00e9 vlastn\u00ed \u017eivoty na \u00fazem\u00ed \u010ceskoslovenska na 144.000 sov\u011btsk\u00fdch voj\u00e1k\u016f Rud\u00e9 arm\u00e1dy!! Jim pat\u0159\u00ed OBROVSK\u00dd VD\u011aK, \u00daCTA, POD\u011aKOV\u00c1N\u00cd!! \u010cest jejich pam\u00e1tce nav\u017edy!! Kdyby n\u00e1s neosvobodila Rud\u00e1 arm\u00e1da, ne\u017eili bychom!!<\/p>\n<p><img decoding=\"async\" loading=\"lazy\" class=\"wp-image-101972 aligncenter\" src=\"http:\/\/www.infokuryr.cz\/n\/wp-content\/uploads\/2026\/03\/okupace1-1-300x265.jpg\" alt=\"\" width=\"744\" height=\"657\" srcset=\"https:\/\/www.infokuryr.cz\/n\/wp-content\/uploads\/2026\/03\/okupace1-1-300x265.jpg 300w, https:\/\/www.infokuryr.cz\/n\/wp-content\/uploads\/2026\/03\/okupace1-1.jpg 600w\" sizes=\"(max-width: 744px) 100vw, 744px\" \/><\/p>\n<h4><strong>SROVN\u00c1N\u00cd DVOU OUPAC\u00cd, Z\u00a0NICH\u017d JEN JEDNA BYLA OPRAVDOVOU, SKUTE\u010cNOU, GENOCIDN\u00cd, VYHLAZOVAC\u00cd<\/strong><\/h4>\n<h4><strong>A DRUH\u00c1 BYLA \u201eOKUPAC\u00cd\u201c, NEBO\u0164 TO VE SKUTE\u010cNOSTI \u017d\u00c1DN\u00c1 OKUPACE NEBYLA.<\/strong><\/h4>\n<p>Za\u010dnu tou druhou, nepravou, \u00fadajnou, kterou \u010de\u0161t\u00ed vlastizr\u00e1dci, nen\u00e1vistn\u00edci \u010desk\u00e9ho n\u00e1roda a jeho fanati\u010dt\u00ed nep\u0159\u00e1tel\u00e9, kolaboranti Z\u00e1padu a USA, zaprodanci, \u010de\u0161t\u00ed \u201evlasovci\u201c, \u201ehavlist\u00e9\u201c a cel\u00e1 ta polistopadov\u00e1 nejen politick\u00e1 sme\u010dka vn\u00edmaj\u00ed takto:<\/p>\n<ul>\n<li><u>\u017e\u00e1dn\u00e1 vyp\u00e1len\u00e1 vesnice s \u017e\u00e1dn\u00fdmi jej\u00edmi vyvra\u017ed\u011bn\u00fdmi obyvateli<\/u> v dob\u011b t\u00e9 sov\u011btsk\u00e9 pr\u00fd okupace je daleko a nesrovnateln\u011b hor\u0161\u00ed zlo\u010din ne\u017e des\u00edtky vyp\u00e1len\u00fdch jin\u00fdch vesnic i s jejich vyvra\u017ed\u011bn\u00fdmi obyvateli za n\u011bmeck\u00e9 nacistick\u00e9 okupace <strong>(Lidice<\/strong> \u2013 vyp\u00e1leny N\u011bmci 10. 6. 1942, obyvatelstvo i s\u00a0d\u011btmi vyvra\u017ed\u011bno; <strong>Le\u017e\u00e1ky<\/strong> &#8211; vyp\u00e1leny N\u011bmci 24. 6. 1942, obyvatelstvo vyvra\u017ed\u011bno; <strong>Ju\u0159\u00ed\u010dk\u016fv ml\u00fdn<\/strong> \u2013 vyp\u00e1len N\u011bmci 3. 4. 1945, obyvatelstvo vyvra\u017ed\u011bno; <strong>Z\u00e1k\u0159ov<\/strong> \u2013 vyp\u00e1len N\u011bmci 18. \u2013 20. 4. 1945, obyvatelstvo vyvra\u017ed\u011bno; <strong>Plo\u0161tina<\/strong> \u2013 vyp\u00e1lena N\u011bmci 19. 4. 1945, obyvatelstvo vyvra\u017ed\u011bno; <strong>Prlov<\/strong> \u2013 vyp\u00e1len N\u011bmci 23. 4. 1945, obyvatelstvo vyvra\u017ed\u011bno; <strong>Va\u0159\u00e1kovy paseky<\/strong> \u2013 vyp\u00e1leny N\u011bmci 2. 5. 1945, obyvatelstvo vyvra\u017ed\u011bno; <strong>Leskovice<\/strong> \u2013 vyp\u00e1leny N\u011bmci 5. \u2013 6. 5. 1945, obyvatelstvo vyvra\u017ed\u011bno; <strong>Javo\u0159\u00ed\u010dko<\/strong> \u2013 vyp\u00e1leno N\u011bmci 5. 5. 1945, obyvatelstvo vyvra\u017ed\u011bno, d\u00e1le des\u00edtky vyp\u00e1len\u00fdch N\u011bmci vesnic, obc\u00ed na \u00fazem\u00ed Slovenska),<\/li>\n<li><u>\u017e\u00e1dn\u00e9 umu\u010den\u00e9 d\u011bti<\/u> za t\u00e9 sov\u011btsk\u00e9 pr\u00fd okupace je daleko hor\u0161\u00ed zlo\u010din ne\u017e 82 umu\u010den\u00fdch \u201ejenom\u201c lidick\u00fdch d\u011bt\u00ed za n\u011bmeck\u00e9 nacistick\u00e9 okupace <em>(nelze nep\u0159ipomenout besti\u00e1ln\u00ed zlo\u010din N\u011aMC\u016e sp\u00e1chan\u00fd na bezbrann\u00fdch lidick\u00fdch d\u011btech, kdy i naprosto mal\u00e9 d\u011bti ve v\u011bku dvou, t\u0159\u00ed let a\u017e patn\u00e1cti let byly umu\u010deny, zavra\u017ed\u011bny udu\u0161en\u00edm ve speci\u00e1ln\u011b pro to p\u0159ipraven\u00e9m n\u00e1kladn\u00edm vozidle, jeho\u017e korba \u2013 n\u00e1stavba byla uzp\u016fsobena jako plynov\u00e1 komora, kde tato d\u011bcka byla udu\u0161ena v\u00fdfukov\u00fdmi plyny! <strong>Takto byly na\u0161e lidick\u00e9 d\u011bti zavra\u017ed\u011bny N\u011bmci dne 2. \u010dervence 1942 v t\u00e1bo\u0159e Chelmno. <\/strong>D\u011bti byly nahn\u00e1ny do n\u00e1kladn\u00edch automobil\u016f se vzduchot\u011bsn\u00fdmi korbami. Po nastartov\u00e1n\u00ed motoru byly v\u00fdfukov\u00e9 plyny vypou\u0161t\u011bny do korby, kde byly nama\u010dk\u00e1ny nah\u00e9 d\u011bti. Jak dlouho a v jak\u00fdch k\u0159e\u010d\u00edch chudinky um\u00edraly?!),<\/em><\/li>\n<li><u>\u017e\u00e1dn\u00e9 popravy \u010deskoslovensk\u00fdch obyvatel v pankr\u00e1ck\u00e9 seker\u00e1rn\u011b a na kobylisk\u00e9 st\u0159elnici<\/u> za t\u00e9 sov\u011btsk\u00e9 pr\u00fd okupace je daleko hor\u0161\u00ed zlo\u010din ne\u017e tis\u00edce takto popraven\u00fdch obyvatel za n\u011bmeck\u00e9 nacistick\u00e9 okupace,<\/li>\n<li><u>\u017e\u00e1dn\u00e9 uzav\u0159en\u00ed \u010desk\u00fdch vysok\u00fdch \u0161kol, \u017e\u00e1dn\u00e9 popravy \u010desk\u00fdch vysoko\u0161kolsk\u00fdch student\u016f<\/u>, \u017e\u00e1dn\u00e9 deportace \u010desk\u00fdch vysoko\u0161kolsk\u00fdch student\u016f do koncentra\u010dn\u00edch t\u00e1bor\u016f za t\u00e9 sov\u011btsk\u00e9 pr\u00fd okupace jsou daleko a nesrovnateln\u011b hor\u0161\u00edmi zlo\u010diny ne\u017e pr\u00e1v\u011b za n\u011bmeck\u00e9 okupace uzav\u0159en\u00ed vysok\u00fdch \u0161kol, za n\u011bmeck\u00e9 okupace popraven\u00fdch dev\u00edti student\u016f, za n\u011bmeck\u00e9 okupace odvle\u010den\u00fdch 1.200 vysoko\u0161kol\u00e1k\u016f do n\u011bmeck\u00fdch koncentra\u010dn\u00edch t\u00e1bor\u016f <em>(17. 11. 1939 zast\u0159eleno N\u011bmci v\u00a0ruzy\u0148sk\u00fdch kas\u00e1rn\u00e1ch dev\u011bt p\u0159edstavitel\u016f studentsk\u00fdch spolk\u016f, jedn\u00edm z\u00a0nich byl i student Jan Opletal, \u010desk\u00e9 vysok\u00e9 \u0161koly uzav\u0159eny N\u011bmci na t\u0159i roky),<\/em><\/li>\n<li><strong>400 ob\u011bt\u00ed na \u017eivotech<\/strong> v\u00a0dob\u011b cel\u00e9 t\u00e9 sov\u011btsk\u00e9 pr\u00fd okupace (trvala 23 let, od 21. srpna 1968 \u2013 21. \u010dervna 1991) je daleko a nesrovnateln\u011b hor\u0161\u00ed zlo\u010din ne\u017e <strong>000 ob\u011bt\u00ed N\u011bmci zabit\u00fdch<\/strong>, umu\u010den\u00fdch, popraven\u00fdch \u010deskoslovensk\u00fdch obyvatel za n\u011bmeck\u00e9 nacistick\u00e9 okupace (trvala 6 let, od 15. b\u0159ezna 1939 \u2013 9. kv\u011btna 1945). <strong>Tak\u017ee je\u0161t\u011b jednou &#8211; 400 mrtv\u00fdch je daleko a nesrovnateln\u011b hor\u0161\u00ed zlo\u010din ne\u017e 365.000 mrtv\u00fdch!! <\/strong>K\u00a0t\u011bm \u010d\u00edsl\u016fm ob\u011bt\u00ed se je\u0161t\u011b vr\u00e1t\u00edm,<\/li>\n<li><u>\u017e\u00e1dn\u00e1 prov\u00e1d\u011bn\u00e1 genocida na \u010desk\u00e9m a slovensk\u00e9m n\u00e1rodu<\/u> v\u00a0dob\u011b cel\u00e9 t\u00e9 sov\u011btsk\u00e9 pr\u00fd okupace je daleko a nesrovnateln\u011b hor\u0161\u00ed zlo\u010din ne\u017e c\u00edlen\u00e1, d\u016fkladn\u011b prov\u00e1d\u011bn\u00e1 genocida, tj. likvidace \u010desk\u00e9ho a slovensk\u00e9ho n\u00e1roda N\u011bmci za n\u011bmeck\u00e9 nacistick\u00e9 okupace,<\/li>\n<li><u>v\u010dasn\u00e1 a bleskurychl\u00e1 pomoc a podpora p\u0159\u00e1tel, z\u00e1chrana na\u0161imi p\u0159\u00e1teli<\/u> (Sov\u011btsk\u00fdm svazem, SSSR, rusk\u00fdm lidem a n\u00e1rodem a sp\u0159\u00e1telen\u00fdmi zem\u011bmi sdru\u017een\u00fdmi vojensky Var\u0161avskou smlouvou, j\u00ed\u017e jsme ostatn\u011b tak\u00e9 byli \u010dlenem) za t\u00e9 sov\u011btsk\u00e9 pr\u00fd okupace je daleko a nesrovnateln\u011b hor\u0161\u00ed zlo\u010din ne\u017e <strong>ZRADA Velk\u00e9 Brit\u00e1nie a Francie v\u00a0Mnichov\u011b v\u00a0z\u00e1\u0159\u00ed 1938 <\/strong>(v noci ze dne 29. na 30.), kdy zcela hanebn\u011b a bezosty\u0161n\u011b n\u00e1s pr\u00e1v\u011b tito dne\u0161n\u00ed vnucovan\u00ed n\u00e1m fale\u0161n\u00ed spojenci zradili a vydali do sp\u00e1r\u016f a pa\u0159\u00e1t\u016f nacistick\u00e9ho hitlerovsk\u00e9ho N\u011bmecka!<\/li>\n<\/ul>\n<p><strong><u>P\u0159itom bilance ob\u011bt\u00ed na \u017eivotech celkov\u011b za dobu cel\u00e9 t\u00e9 sov\u011btsk\u00e9 pr\u00fd okupace<\/u><\/strong> (od 21. srpna 1968 \u2013 do 21. \u010dervna 1991, za 23 let)<strong> je 400 lid\u00ed<\/strong>, z toho do konce roku 1968 137 lid\u00ed! Toto je p\u0159esn\u00fd \u00fadaj, kter\u00fd sami p\u0159iznali \u010de\u0161t\u00ed historici t\u00e9 sou\u010dasn\u00e9 doby \u2013 tedy doby zcela chorobn\u011b nep\u0159\u00e1telsk\u00e9 a nen\u00e1vistn\u00e9 ke v\u0161emu rusk\u00e9mu! A tito \u2013 k Rusku zl\u00ed historici zp\u0159esnili takto po\u010det ob\u011bt\u00ed t\u00e9 sov\u011btsk\u00e9 pr\u00fd okupace. Do konce roku 1968 <strong>ZEM\u0158ELO<\/strong> 137 lid\u00ed. Pr\u016fm\u011br ob\u011bt\u00ed na \u017eivotech za jeden rok cel\u00e9 t\u00e9 23 let\u00e9 sov\u011btsk\u00e9 pr\u00fd okupace je tak 17 (ano, slovy sedmn\u00e1ct) lid\u00ed! <strong>Zaj\u00edmav\u00e9 \u2013 \u010dt\u011bte d\u00e1le \u2013 ti historici dokonce sami p\u00ed\u0161ou, \u017ee ZEM\u0158ELO!! Ne byli zast\u0159eleni, ne byli umu\u010deni, ne byli pov\u011b\u0161eni, nebyla jim setnuta hlava, nebyli zplynov\u00e1ni!!<\/strong><\/p>\n<p>Tyto ob\u011bti na \u017eivotech, tito lid\u00e9, kte\u0159\u00ed \u2013 jak p\u00ed\u0161ou i sami \u010de\u0161t\u00ed historici, <strong>ZEM\u0158ELI<\/strong> (tedy b\u011bhem t\u00e9 sov\u011btsk\u00e9 pr\u00fd okupace), <strong>nep\u0159i\u0161li rozhodn\u011b o \u017eivoty v d\u016fsledku n\u011bjak\u00fdch urputn\u00fdch boj\u016f a state\u010dn\u00e9m br\u00e1n\u011bn\u00ed sv\u00e9 zem\u011b se zbran\u011bmi v rukou proti p\u0159ich\u00e1zej\u00edc\u00edm vojsk\u016fm arm\u00e1d p\u011bti zem\u00ed Var\u0161avsk\u00e9 smlouvy <\/strong><em>(mainstream by jist\u011b jenom napsal proti vojsk\u016fm Sov\u011btsk\u00e9ho svazu!)<\/em><strong>, ale v naprost\u00e9 v\u011bt\u0161in\u011b p\u0159\u00edpad\u016f to byly ne\u0161\u0165astn\u00e9 nehody, tragick\u00e9 n\u00e1hody a ne\u00famysln\u00e1 zabit\u00ed mnohdy i zcela zbyte\u010dn\u011b \u00famysln\u011b vyprovokovan\u00e1<\/strong>. Mnoz\u00ed z t\u011bch srpnov\u00fdch a po srpnov\u00fdch tragicky zahynul\u00fdch ob\u010dan\u016f \u010ceskoslovenska byli provokat\u00e9\u0159i!! (A\u0165 se v\u00e1m to l\u00edb\u00ed, nebo nel\u00edb\u00ed, je to tak! A bylo tomu tak i v Liberci!!)<\/p>\n<p>Nikdy (naprosto NIKDY!!) \u017e\u00e1dn\u00fd sov\u011btsk\u00fd\/rusk\u00fd voj\u00e1k (nebo jin\u00fd voj\u00e1k zem\u00ed Var\u0161avsk\u00e9 smlouvy) nevzal samopal a neza\u010dal p\u00e1lit do bezbrann\u00fdch obyvatel jako nap\u0159\u00edklad <strong>10. \u010dervna 1942 na Hor\u00e1kov\u011b statku v Lidic\u00edch, kdy po zuby ozbrojen\u00ed N\u011bmci za\u010dali p\u00e1lit, post\u0159\u00edleli a pozab\u00edjeli v\u0161echny mu\u017ee jen tak!<\/strong> Pak se klidn\u011b proch\u00e1zeli mezi mrtvolami a ka\u017ed\u00e9mu je\u0161t\u011b vp\u00e1lili pro jistotu r\u00e1nu do hlavy. Pot\u00e9 se \u0161li fotografovat, veselit a op\u00edjet. <strong>B\u011bhem tedy jen n\u011bkolika m\u00e1lo hodin n\u011bme\u010dt\u00ed fa\u0161ist\u00e9 pozab\u00edjeli jen v jedn\u00e9 vesnici a jen na jedin\u00e9m dvorku v\u00edce lid\u00ed, ne\u017e ti Rusov\u00e9 a cel\u00e1 Var\u0161avsk\u00e1 smlouva za celou dobu trv\u00e1n\u00ed t\u00e9 sov\u011btsk\u00e9 pr\u00fd okupace na \u00fazem\u00ed cel\u00e9ho \u010ceskoslovenska!! <\/strong>Jist\u011b havloid\u00e9, pravdol\u00e1ska\u0159i, svolo\u010d z\u00a0kav\u00e1ren, nic neznaj\u00edc\u00ed Ukrajinci a dal\u0161\u00ed proamerick\u00e1 \u0161p\u00edna v\u00e1m budou ukazovat post\u0159\u00edlen\u00e9 zdi t\u0159eba na N\u00e1rodn\u00edm muzeu na V\u00e1clavsk\u00e9m n\u00e1m\u011bst\u00ed, snad i jinde. No a co?! Pro v\u00fdstrahu a mo\u017en\u00e1 i ze strachu bych do vzduchu a nad hlavy lid\u00ed a davu st\u0159\u00edlel i j\u00e1.<\/p>\n<p><img decoding=\"async\" loading=\"lazy\" class=\"wp-image-101973 aligncenter\" src=\"http:\/\/www.infokuryr.cz\/n\/wp-content\/uploads\/2026\/03\/okuupace2-300x200.jpg\" alt=\"\" width=\"806\" height=\"537\" srcset=\"https:\/\/www.infokuryr.cz\/n\/wp-content\/uploads\/2026\/03\/okuupace2-300x200.jpg 300w, https:\/\/www.infokuryr.cz\/n\/wp-content\/uploads\/2026\/03\/okuupace2-768x512.jpg 768w, https:\/\/www.infokuryr.cz\/n\/wp-content\/uploads\/2026\/03\/okuupace2.jpg 945w\" sizes=\"(max-width: 806px) 100vw, 806px\" \/><\/p>\n<p><strong><u>Bilance ob\u011bt\u00ed na \u017eivotech celkov\u011b za dobu cel\u00e9 n\u011bmeck\u00e9 nacistick\u00e9 okupace<\/u><\/strong> (od 15. b\u0159ezna 1939 \u2013 do 9. kv\u011btna 1945, za 6 let), kter\u00e1 trvala podstatn\u011b krat\u0161\u00ed dobu (6 let n\u011bmeck\u00fdch proti 23 rok\u016fm sov\u011btsk\u00fdm) ne\u017e ta sov\u011btsk\u00e1 pr\u00fd okupace, <strong>je 365.000 N\u011aMCI ZABIT\u00ddCH \u010deskoslovensk\u00fdch obyvatel!!<\/strong> (tj. p\u0159\u00edmo zast\u0159elen\u00fdch, ob\u011b\u0161en\u00fdch, popraven\u00fdch, zplynovan\u00fdch<\/p>\n<p><strong>Ale hrajeme si \u0161t\u011bst\u00edm bez sebe na to, jak N\u011bmce za to v\u0161echno milujeme, kamar\u00e1d\u00edme se s nimi, obj\u00edm\u00e1me se s nimi v jedovat\u00e9m had\u00edm fa\u0161istick\u00e9m hn\u00edzd\u011b \u010ctvrt\u00e9 \u0159\u00ed\u0161e zvan\u00e9 Evropsk\u00e1 unie (ostatn\u011b EU zalo\u017eili pora\u017een\u00ed nacisti\u010dt\u00ed pohlav\u00e1\u0159i a eses\u00e1ci), vl\u00eds\u00e1v\u00e1me se jim do p\u0159\u00edzn\u011b, nejen, \u017ee p\u0159ed nimi pon\u00ed\u017een\u011b kle\u010d\u00edme, olizujeme jim nejen boty, ale i jejich an\u00e1ly, podb\u00edziv\u011b a \u00falisn\u011b nechceme na jejich zlo\u010diny \u2013 genocidu \u010desk\u00e9ho n\u00e1roda vzpom\u00ednat, nechceme si to pamatovat, je n\u00e1m vnucov\u00e1no muset nev\u011bd\u011bt, muset neznat, muset zapomenout!<\/strong><\/p>\n<p>A na druhou stranu <strong>muset <\/strong><strong>nen\u00e1vid\u011bt tehdej\u0161\u00ed Sov\u011btsk\u00fd svaz, dne\u0161n\u00ed Rusko<\/strong> (ale to je jedno, a\u0165 SSSR, nebo Rusko \u2013 hlavn\u011b je &#8211; Rusy nen\u00e1vid\u011bt, nesn\u00e1\u0161et, plivat na n\u011b, \u0161tv\u00e1t proti nim, popichovat je na pro n\u011b nejcitliv\u011bj\u0161\u00edch m\u00edstech \u2013 druh\u00e1 sv\u011btov\u00e1 v\u00e1lka, dr\u00e1\u017edit, pomlouvat, \u0161kodit, ni\u010dit a hanobit pam\u00e1tn\u00edky rudoarm\u011bjc\u016f \u2013 na\u0161ich osvoboditel\u016f od tehdej\u0161\u00edho n\u011bmeck\u00e9ho hitlerovsk\u00e9ho fa\u0161ismu a nacismu, oslavovat nacisty a fa\u0161ouny, stav\u011bt \u00famysln\u011b provokativn\u00ed pomn\u00edky vlasovc\u016fm \u2026) <strong>za to, \u017ee n\u00e1s p\u0159ed skute\u010dn\u00fdmi bestiemi, vrahy, okupanty, likvid\u00e1tory na\u0161eho n\u00e1roda dvakr\u00e1t zachr\u00e1nili!!<\/strong><\/p>\n<p><strong>Ano 2 x n\u00e1s Sov\u011btsk\u00fd svaz zachr\u00e1nil \u2013 v kv\u011btnu 1945 a v srpnu 1968!!<\/strong> <em>(a vlastn\u011b n\u00e1s zachr\u00e1nili <strong>i v\u00a0roce 1947<\/strong>, kdy bylo takov\u00e9 sucho a ne\u00faroda, \u017ee by cel\u00fd \u010desk\u00fd a slovensk\u00fd n\u00e1rod vychc\u00edpaly hlady, a SSSR n\u00e1m op\u011bt okam\u017eit\u011b pomohl tentokr\u00e1te obrovsk\u00fdmi dod\u00e1vkami obil\u00ed, i kdy\u017e ve v\u00e1lkou zni\u010den\u00e9m SSSR lid\u00e9 sami m\u011bli m\u00e1lo a um\u00edrali od hladu!!)<\/em><\/p>\n<p><strong><em>Mgr. Petr Michal\u016f<\/em><\/strong><\/p>\n<p><img decoding=\"async\" loading=\"lazy\" class=\"alignnone  wp-image-98803\" src=\"http:\/\/www.infokuryr.cz\/n\/wp-content\/uploads\/2026\/02\/petr-michalu-279x300.jpg\" alt=\"\" width=\"144\" height=\"155\" srcset=\"https:\/\/www.infokuryr.cz\/n\/wp-content\/uploads\/2026\/02\/petr-michalu-279x300.jpg 279w, https:\/\/www.infokuryr.cz\/n\/wp-content\/uploads\/2026\/02\/petr-michalu-768x826.jpg 768w, https:\/\/www.infokuryr.cz\/n\/wp-content\/uploads\/2026\/02\/petr-michalu.jpg 886w\" sizes=\"(max-width: 144px) 100vw, 144px\" \/><\/p>\n<p>&nbsp;<\/p>\n","protected":false},"excerpt":{"rendered":"<p>15. b\u0159ezen 1939 \u2013 p\u0159ipom\u00edn\u00e1 a nav\u011bky bude p\u0159ipom\u00ednat OKUPACI \u010cESKOSLOVENSKA NACISTICK\u00ddM N\u011aMECKEM Toto datum,&#8230;<\/p>\n","protected":false},"author":2,"featured_media":101971,"comment_status":"closed","ping_status":"closed","sticky":false,"template":"","format":"standard","meta":[],"categories":[6],"tags":[76,84,111,673],"_links":{"self":[{"href":"https:\/\/www.infokuryr.cz\/n\/wp-json\/wp\/v2\/posts\/101970"}],"collection":[{"href":"https:\/\/www.infokuryr.cz\/n\/wp-json\/wp\/v2\/posts"}],"about":[{"href":"https:\/\/www.infokuryr.cz\/n\/wp-json\/wp\/v2\/types\/post"}],"author":[{"embeddable":true,"href":"https:\/\/www.infokuryr.cz\/n\/wp-json\/wp\/v2\/users\/2"}],"replies":[{"embeddable":true,"href":"https:\/\/www.infokuryr.cz\/n\/wp-json\/wp\/v2\/comments?post=101970"}],"version-history":[{"count":0,"href":"https:\/\/www.infokuryr.cz\/n\/wp-json\/wp\/v2\/posts\/101970\/revisions"}],"wp:featuredmedia":[{"embeddable":true,"href":"https:\/\/www.infokuryr.cz\/n\/wp-json\/wp\/v2\/media\/101971"}],"wp:attachment":[{"href":"https:\/\/www.infokuryr.cz\/n\/wp-json\/wp\/v2\/media?parent=101970"}],"wp:term":[{"taxonomy":"category","embeddable":true,"href":"https:\/\/www.infokuryr.cz\/n\/wp-json\/wp\/v2\/categories?post=101970"},{"taxonomy":"post_tag","embeddable":true,"href":"https:\/\/www.infokuryr.cz\/n\/wp-json\/wp\/v2\/tags?post=101970"}],"curies":[{"name":"wp","href":"https:\/\/api.w.org\/{rel}","templated":true}]}}