{"id":101965,"date":"2026-03-15T06:36:25","date_gmt":"2026-03-15T05:36:25","guid":{"rendered":"https:\/\/www.infokuryr.cz\/n\/?p=101965"},"modified":"2026-03-15T06:36:25","modified_gmt":"2026-03-15T05:36:25","slug":"trumpa-prekvapila-odveta-kdyz-iran-zahajil-honbu-za-americkymi-teroristy-pomoci-dronu","status":"publish","type":"post","link":"https:\/\/www.infokuryr.cz\/n\/2026\/03\/15\/trumpa-prekvapila-odveta-kdyz-iran-zahajil-honbu-za-americkymi-teroristy-pomoci-dronu\/","title":{"rendered":"Trumpa \u201ep\u0159ekvapila\u201c odveta, kdy\u017e \u00cdr\u00e1n zah\u00e1jil honbu za \u201eamerick\u00fdmi teroristy\u201c pomoc\u00ed dron\u016f"},"content":{"rendered":"<div id=\"fb-root\"><\/div>\n<h3>Teher\u00e1n varoval civilisty v sousedn\u00edch st\u00e1tech, aby se vyh\u00fdbali jak\u00fdmkoli za\u0159\u00edzen\u00edm spojen\u00fdm s USA<\/h3>\n<div class=\"article__text text \">\n<p><span dir=\"auto\">\u00cdr\u00e1nsk\u00e9 s\u00edly \u00fadajn\u011b zah\u00e1jily nov\u00e9 raketov\u00e9 a dronov\u00e9 \u00fatoky na n\u011bkolik americk\u00fdch vojensk\u00fdch z\u00e1kladen v regionu. Teher\u00e1n varoval civilisty, aby se dr\u017eeli d\u00e1l od Ameri\u010dan\u016f, jeliko\u017e v\u00e1lka se Spojen\u00fdmi st\u00e1ty a Izraelem nevykazuje \u017e\u00e1dn\u00e9 zn\u00e1mky \u00fastupu.<\/span><\/p>\n<p><span dir=\"auto\">Americk\u00e1 za\u0159\u00edzen\u00ed v Ir\u00e1ku, Bahrajnu a Kuvajtu se podle Isl\u00e1msk\u00fdch revolu\u010dn\u00edch gard (IRGC) dostala pod \u00fatok v \u0161estn\u00e1ct\u00e9m dni konfliktu.<\/span><\/p>\n<p><em><span dir=\"auto\">\u201eNa\u0161e smrt\u00edc\u00ed drony bod po bodu prohled\u00e1vaj\u00ed \u00fakryty americk\u00fdch voj\u00e1k\u016f v regionu a po z\u00edsk\u00e1n\u00ed zpravodajsk\u00fdch informac\u00ed p\u0159esn\u011b zas\u00e1hnou ka\u017ed\u00e9ho americk\u00e9ho teroristu v oblasti,\u201c<\/span><\/em><span dir=\"auto\">\u00a0dodal mluv\u010d\u00ed nejvy\u0161\u0161\u00edho \u00edr\u00e1nsk\u00e9ho vojensk\u00e9ho velen\u00ed.<\/span><\/p>\n<p><span dir=\"auto\">Prezident Donald Trump prohl\u00e1sil, \u017ee odvetn\u00e9 \u00fatoky \u00cdr\u00e1nu na spojence, kte\u0159\u00ed host\u00ed americk\u00e9 z\u00e1kladny na Bl\u00edzk\u00e9m v\u00fdchod\u011b, byly\u00a0<\/span><em><span dir=\"auto\">\u201enejv\u011bt\u0161\u00edm p\u0159ekvapen\u00edm, kter\u00e9 z cel\u00e9 v\u011bci za\u017eil\u201c.<\/span><\/em><\/p>\n<p><strong><span dir=\"auto\">Zde jsou nejnov\u011bj\u0161\u00ed informace, kter\u00e9 v\u00e1s RT pr\u016fb\u011b\u017en\u011b informuje:<\/span><\/strong><\/p>\n<ul>\n<li><span dir=\"auto\">\u00cdr\u00e1nsk\u00fd ostrov Charg byl\u00a0<\/span><em><span dir=\"auto\">\u201ezcela zni\u010den\u201c,<\/span><\/em><span dir=\"auto\">\u00a0ale\u00a0<\/span><em><span dir=\"auto\">\u201emo\u017en\u00e1 ho zas\u00e1hneme je\u0161t\u011b n\u011bkolikr\u00e1t jen tak pro z\u00e1bavu,\u201c<\/span><\/em><span dir=\"auto\">\u00a0prohl\u00e1sil prezident Donald Trump, co\u017e vyvolalo obavy z hlub\u0161\u00edho\u00a0<\/span><a href=\"https:\/\/www.rt.com\/business\/634790-gulf-states-billion-losses-oil\/\" target=\"_blank\" rel=\"noopener noreferrer\"><span dir=\"auto\">ot\u0159esu<\/span><\/a><span dir=\"auto\">\u00a0pro glob\u00e1ln\u00ed dod\u00e1vky energie, pokud bude po\u0161kozena infrastruktura hlavn\u00edho \u00edr\u00e1nsk\u00e9ho exportn\u00edho centra ropy.<\/span><\/li>\n<li><span dir=\"auto\">Trump d\u0159\u00edve b\u011bhem dne po\u017eadoval, aby \u010c\u00edna, Japonsko a dal\u0161\u00ed zem\u011b z\u00e1visl\u00e9 na dod\u00e1vk\u00e1ch ropy p\u0159es strategicky d\u016fle\u017eit\u00fd Hormuzsk\u00fd pr\u016fliv nasadily sv\u00e9 n\u00e1mo\u0159n\u00ed jednotky k ochran\u011b n\u00e1mo\u0159n\u00ed dopravy. \u00cdr\u00e1n tvrd\u00ed, \u017ee vodn\u00ed cesta z\u016fst\u00e1v\u00e1 otev\u0159en\u00e1 a bezpe\u010dn\u00e1 pro plavbu \u2013 ale pouze pro\u00a0<\/span><em><span dir=\"auto\">\u201e\u00a0<\/span><a href=\"https:\/\/www.rt.com\/india\/634861-iranian-envoy-india-oil-hormuz\/\" target=\"_blank\" rel=\"noopener noreferrer\"><span dir=\"auto\">p\u0159\u00e1telsk\u00e9<\/span><\/a><span dir=\"auto\">\u00a0\u201c<\/span><\/em><span dir=\"auto\">\u00a0zem\u011b.<\/span><\/li>\n<li><span dir=\"auto\">Teher\u00e1n se vysm\u00edval Washingtonu za\u00a0<\/span><em><span dir=\"auto\">\u201e\u017eebr\u00e1n\u00ed\u201c<\/span><\/em><span dir=\"auto\">\u00a0o pomoc pot\u00e9, co se jeho bezpe\u010dnostn\u00ed de\u0161tn\u00edk sl\u00edben\u00fd region\u00e1ln\u00edm spojenc\u016fm\u00a0<\/span><em><span dir=\"auto\">\u201euk\u00e1zal jako d\u011brav\u00fd\u201c.<\/span><\/em><span dir=\"auto\">\u00a0\u00cdr\u00e1nsk\u00fd ministr zahrani\u010d\u00ed Seyed Abbas Araghchi vyzval sousedn\u00ed st\u00e1ty, kter\u00e9 host\u00ed americk\u00e9 vojensk\u00e9 z\u00e1kladny, aby\u00a0<\/span><em><span dir=\"auto\">\u201evyhnaly zahrani\u010dn\u00ed agresory\u201c,<\/span><\/em><span dir=\"auto\">\u00a0kte\u0159\u00ed\u00a0<\/span><em><span dir=\"auto\">\u201esp\u00ed\u0161e probl\u00e9my vyvol\u00e1vaj\u00ed, ne\u017e aby je odrazovali\u201c.<\/span><\/em><\/li>\n<\/ul>\n<p><em><strong><span dir=\"auto\">Sledujte na\u0161e \u017eiv\u00e9 zpravodajstv\u00ed n\u00ed\u017ee, kde najdete pr\u016fb\u011b\u017en\u00e9 aktualizace:\u00a0<\/span><\/strong><\/em><\/p>\n<\/div>\n<div class=\"article__updates-dates\">\n<div class=\"updates-dates__des\">\n<div class=\"js-listing\">\n<div class=\"js-listing__content\">\n<ul class=\"card-list\">\n<li class=\"card-list__item\">\n<div class=\"updates-dates\">\n<p class=\"updates-dates__date\"><span dir=\"auto\">15. b\u0159ezna 2026<\/span><\/p>\n<p><strong class=\"updates-dates__time\"><span dir=\"auto\">04:53 GMT<\/span><\/strong><\/p>\n<div class=\"updates-dates__text text\">\n<p><span dir=\"auto\">Hizball\u00e1h uvedl, \u017ee odp\u00e1lil rakety na izraelsk\u00e9 jednotky v lokalit\u011b Calf Hill severn\u011b od osady Kfar Juval. Skupina tak\u00e9 informovala o d\u011blost\u0159eleck\u00e9 palb\u011b nam\u00ed\u0159en\u00e9 proti voj\u00e1k\u016fm v bod\u011b D\u017eib\u00eda naproti libanonsk\u00e9mu pohrani\u010dn\u00edmu m\u011bstu Meiss el-D\u017eabal.<\/span><\/p>\n<p><span dir=\"auto\">Izraelsk\u00e1 arm\u00e1da nepotvrdila \u017e\u00e1dn\u00e9 ob\u011bti ani \u0161kody p\u0159i \u00faderech, jeliko\u017e z\u00e1b\u011bry \u0161\u00ed\u0159en\u00e9 Press TV \u00fadajn\u011b ukazuj\u00ed, jak se protivzdu\u0161n\u00e1 obrana pokou\u0161\u00ed rakety zachytit.<\/span><\/p>\n<div style=\"width: 268px;\" class=\"wp-video\"><!--[if lt IE 9]><script>document.createElement('video');<\/script><![endif]-->\n<video class=\"wp-video-shortcode\" id=\"video-101965-1\" width=\"268\" height=\"480\" preload=\"metadata\" controls=\"controls\"><source type=\"video\/mp4\" src=\"http:\/\/www.infokuryr.cz\/n\/wp-content\/uploads\/2026\/03\/69b63c7885f540519900e5cd.mp4?_=1\" \/><a href=\"http:\/\/www.infokuryr.cz\/n\/wp-content\/uploads\/2026\/03\/69b63c7885f540519900e5cd.mp4\">http:\/\/www.infokuryr.cz\/n\/wp-content\/uploads\/2026\/03\/69b63c7885f540519900e5cd.mp4<\/a><\/video><\/div>\n<p>&nbsp;<\/p>\n<ul class=\"card-list\">\n<li class=\"card-list__item\">\n<div class=\"updates-dates\"><strong class=\"updates-dates__time\"><span dir=\"auto\">04:52 GMT<\/span><\/strong><\/p>\n<div class=\"updates-dates__text text\">\n<p><span dir=\"auto\">\u00cdr\u00e1nsk\u00e9 Isl\u00e1msk\u00e9 revolu\u010dn\u00ed gardy (IRGC) tvrd\u00ed, \u017ee v noci za\u00fato\u010dily na izraelsk\u00e9 i americk\u00e9 vojensk\u00e9 objekty v regionu, v\u010detn\u011b leteck\u00e9 z\u00e1kladny Harir pobl\u00ed\u017e Erbilu v Ir\u00e1ku a z\u00e1kladen Ali Al-Salem a Arifjan v Kuvajtu, kde se nach\u00e1zej\u00ed americk\u00e9 jednotky.<\/span><\/p>\n<\/div>\n<\/div>\n<\/li>\n<li class=\"card-list__item\">\n<div class=\"updates-dates\"><strong class=\"updates-dates__time\"><span dir=\"auto\">04:45 GMT<\/span><\/strong><\/p>\n<div class=\"updates-dates__text text\">\n<p><span dir=\"auto\">Prezident Trump odm\u00edtl nab\u00eddku Vladimira Zelensk\u00e9ho na pomoc v boji proti \u00edr\u00e1nsk\u00fdm dron\u016fm na Bl\u00edzk\u00e9m v\u00fdchod\u011b.<\/span><\/p>\n<p><em><span dir=\"auto\">\u201eNepot\u0159ebujeme pomoc,\u201c<\/span><\/em><span dir=\"auto\">\u00a0\u0159ekl Trump v telefonick\u00e9m rozhovoru pro NBC News a dodal, \u017ee Zelenskyj je\u00a0<\/span><em><span dir=\"auto\">\u201eposledn\u00ed \u010dlov\u011bk, od kter\u00e9ho bychom pomoc pot\u0159ebovali\u201c.<\/span><\/em><\/p>\n<p><span dir=\"auto\">Od zah\u00e1jen\u00ed americko-izraelsk\u00fdch \u00fader\u016f na \u00cdr\u00e1n koncem minul\u00e9ho m\u011bs\u00edce Zelenskyj opakovan\u011b signalizoval svou p\u0159ipravenost zapojit se do konfliktu a tvrdil, \u017ee Washington po\u017e\u00e1dal o pomoc s obranou americk\u00fdch prost\u0159edk\u016f um\u00edst\u011bn\u00fdch v Persk\u00e9m z\u00e1livu p\u0159ed \u00edr\u00e1nsk\u00fdmi odvetn\u00fdmi \u00fatoky. V p\u00e1tek znovu prohl\u00e1sil, \u017ee bez kyjevsk\u00e9\u00a0<\/span><em><span dir=\"auto\">\u201eodbornosti\u201c<\/span><\/em><span dir=\"auto\">\u00a0nebude Washington schopen\u00a0<\/span><em><span dir=\"auto\">\u201estabilizovat situaci\u201c.<\/span><\/em><\/p>\n<\/div>\n<\/div>\n<\/li>\n<li class=\"card-list__item\">\n<div class=\"updates-dates\"><strong class=\"updates-dates__time\"><span dir=\"auto\">04:40 GMT<\/span><\/strong><\/p>\n<div class=\"updates-dates__text text\">\n<p><span dir=\"auto\">Sir\u00e9ny protiletadlov\u00e9 ochrany se rozezn\u011bly v centr\u00e1ln\u00edm Izraeli pot\u00e9, co raketov\u00fd \u00fatok z \u00cdr\u00e1nu spustil v n\u011bkolika oblastech\u00a0<\/span><em><span dir=\"auto\">\u201ehlasit\u00e9 exploze\u201c<\/span><\/em><span dir=\"auto\">\u00a0, uvedla izraelsk\u00e1 televizn\u00ed stanice Channel 12.<\/span><\/p>\n<p><span dir=\"auto\">Zpr\u00e1vy uv\u00e1d\u011bj\u00ed, \u017ee v n\u011bkter\u00fdch \u010d\u00e1stech regionu dopadaly trosky, zat\u00edmco izraelsk\u00e1 z\u00e1chrann\u00e1 slu\u017eba o\u0161et\u0159ovala \u010dty\u0159i zran\u011bn\u00e9 osoby cestou do kryt\u016f.<\/span><\/p>\n<\/div>\n<\/div>\n<\/li>\n<li class=\"card-list__item\">\n<div class=\"updates-dates\"><strong class=\"updates-dates__time\"><span dir=\"auto\">04:39 GMT<\/span><\/strong><\/p>\n<div class=\"updates-dates__text text\">\n<p><span dir=\"auto\">Dubajsk\u00e9 \u00fa\u0159ady potvrdily \u00fasp\u011b\u0161n\u00e9 zachycen\u00ed neidentifikovan\u00fdch projektil\u016f protivzdu\u0161nou obranou v oblastech Marina a Al Sufouh.<\/span><\/p>\n<\/div>\n<\/div>\n<\/li>\n<li class=\"card-list__item\">\n<div class=\"updates-dates\"><strong class=\"updates-dates__time\"><span dir=\"auto\">04:22 GMT<\/span><\/strong><\/p>\n<div class=\"updates-dates__text text\">\n<p><span dir=\"auto\">Podle ministerstva obrany bylo p\u0159es noc nad Rij\u00e1dem a v\u00fdchodn\u00edmi oblastmi Sa\u00fadsk\u00e9 Ar\u00e1bie zachyceno nejm\u00e9n\u011b 30 dron\u016f.<\/span><\/p>\n<\/div>\n<\/div>\n<\/li>\n<li class=\"card-list__item\">\n<div class=\"updates-dates\"><strong class=\"updates-dates__time\"><span dir=\"auto\">03:51 GMT<\/span><\/strong><\/p>\n<div class=\"updates-dates__text text\">\n<p><span dir=\"auto\">Ministerstvo v\u00e1lky zve\u0159ejnilo video, na kter\u00e9m americk\u00fd bombard\u00e9r B-52 Stratofortress vzl\u00e9t\u00e1 na no\u010dn\u00ed misi proti \u00cdr\u00e1nu.\u00a0<\/span><em><span dir=\"auto\">\u201e\u00datoky americk\u00fdch sil jsou i nad\u00e1le nep\u0159edv\u00eddateln\u00e9, dynamick\u00e9 a rozhodn\u00e9,\u201c<\/span><\/em><span dir=\"auto\">\u00a0uvedlo CENTCOM v p\u0159\u00edsp\u011bvku na X.<\/span><\/p>\n<div class=\"rtcode\">\n<div class=\"twitter-tweet twitter-tweet-rendered\"><iframe id=\"twitter-widget-0\" class=\"\" title=\"X P\u0159\u00edsp\u011bvek\" src=\"https:\/\/platform.twitter.com\/embed\/Tweet.html?creatorScreenName=RT_com&amp;dnt=false&amp;embedId=twitter-widget-0&amp;features=eyJ0ZndfdGltZWxpbmVfbGlzdCI6eyJidWNrZXQiOltdLCJ2ZXJzaW9uIjpudWxsfSwidGZ3X2ZvbGxvd2VyX2NvdW50X3N1bnNldCI6eyJidWNrZXQiOnRydWUsInZlcnNpb24iOm51bGx9LCJ0ZndfdHdlZXRfZWRpdF9iYWNrZW5kIjp7ImJ1Y2tldCI6Im9uIiwidmVyc2lvbiI6bnVsbH0sInRmd19yZWZzcmNfc2Vzc2lvbiI6eyJidWNrZXQiOiJvbiIsInZlcnNpb24iOm51bGx9LCJ0ZndfZm9zbnJfc29mdF9pbnRlcnZlbnRpb25zX2VuYWJsZWQiOnsiYnVja2V0Ijoib24iLCJ2ZXJzaW9uIjpudWxsfSwidGZ3X21peGVkX21lZGlhXzE1ODk3Ijp7ImJ1Y2tldCI6InRyZWF0bWVudCIsInZlcnNpb24iOm51bGx9LCJ0ZndfZXhwZXJpbWVudHNfY29va2llX2V4cGlyYXRpb24iOnsiYnVja2V0IjoxMjA5NjAwLCJ2ZXJzaW9uIjpudWxsfSwidGZ3X3Nob3dfYmlyZHdhdGNoX3Bpdm90c19lbmFibGVkIjp7ImJ1Y2tldCI6Im9uIiwidmVyc2lvbiI6bnVsbH0sInRmd19kdXBsaWNhdGVfc2NyaWJlc190b19zZXR0aW5ncyI6eyJidWNrZXQiOiJvbiIsInZlcnNpb24iOm51bGx9LCJ0ZndfdXNlX3Byb2ZpbGVfaW1hZ2Vfc2hhcGVfZW5hYmxlZCI6eyJidWNrZXQiOiJvbiIsInZlcnNpb24iOm51bGx9LCJ0ZndfdmlkZW9faGxzX2R5bmFtaWNfbWFuaWZlc3RzXzE1MDgyIjp7ImJ1Y2tldCI6InRydWVfYml0cmF0ZSIsInZlcnNpb24iOm51bGx9LCJ0ZndfbGVnYWN5X3RpbWVsaW5lX3N1bnNldCI6eyJidWNrZXQiOnRydWUsInZlcnNpb24iOm51bGx9LCJ0ZndfdHdlZXRfZWRpdF9mcm9udGVuZCI6eyJidWNrZXQiOiJvbiIsInZlcnNpb24iOm51bGx9fQ%3D%3D&amp;frame=false&amp;hideCard=false&amp;hideThread=false&amp;id=2032988700942926171&amp;lang=cs&amp;maxWidth=560px&amp;origin=https%3A%2F%2Fwww.rt.com%2Fnews%2F635011-iran-us-israel-war-updates%2F&amp;sessionId=0fa8bcd6435904d0bbbd848250e66266056b0d5e&amp;siteScreenName=RT_com&amp;theme=light&amp;widgetsVersion=2615f7e52b7e0%3A1702314776716&amp;width=550px\" frameborder=\"0\" scrolling=\"no\" allowfullscreen=\"allowfullscreen\" data-tweet-id=\"2032988700942926171\" data-mce-fragment=\"1\"><\/iframe><\/div>\n<\/div>\n<\/div>\n<\/div>\n<\/li>\n<li class=\"card-list__item\">\n<div class=\"updates-dates\"><strong class=\"updates-dates__time\"><span dir=\"auto\">03:40 GMT<\/span><\/strong><\/p>\n<div class=\"updates-dates__text text\">\n<p><span dir=\"auto\">Izraelsk\u00e9 obrann\u00e9 s\u00edly (IDF) zaznamenaly novou salvu raket odp\u00e1len\u00fdch z \u00cdr\u00e1nu sm\u011brem k Izraeli a varuj\u00ed ob\u010dany, aby hledali \u00fakryt, proto\u017ee syst\u00e9my protivzdu\u0161n\u00e9 obrany\u00a0<\/span><em><span dir=\"auto\">\u201epracuj\u00ed na zachycen\u00ed hrozby\u201c.<\/span><\/em><\/p>\n<\/div>\n<\/div>\n<\/li>\n<li class=\"card-list__item\">\n<div class=\"updates-dates\"><strong class=\"updates-dates__time\"><span dir=\"auto\">03:25 GMT<\/span><\/strong><\/p>\n<div class=\"updates-dates__text text\">\n<p><span dir=\"auto\">Vysok\u00fd vojensk\u00fd velitel jemensk\u00fdch H\u00fat\u00ed\u016f varoval, \u017ee by skupina mohla podle Press TV zablokovat dal\u0161\u00ed strategickou vodn\u00ed cestu, aby pomohla \u00cdr\u00e1nu odrazit prob\u00edhaj\u00edc\u00ed americko-izraelsk\u00fd \u00fatok.<\/span><\/p>\n<p><em><span dir=\"auto\">\u201eJakmile bude rozhodnuto o intervenci, prvn\u00edm opat\u0159en\u00edm by mohlo b\u00fdt ofici\u00e1ln\u00ed vyhl\u00e1\u0161en\u00ed n\u00e1mo\u0159n\u00ed blok\u00e1dy Spojen\u00fdch st\u00e1t\u016f a sionistick\u00e9ho re\u017eimu,\u201c<\/span><\/em><span dir=\"auto\">\u00a0\u0159ekl v sobotu Abed al-Thawr.\u00a0\u00a0<\/span><em><span dir=\"auto\">\u201eObchodn\u00ed lod\u011b a v\u00e1le\u010dn\u00e9 lod\u011b, v\u010detn\u011b letadlov\u00fdch lod\u00ed, sm\u011b\u0159uj\u00edc\u00ed na americkou p\u016fdu a okupovan\u00e1 \u00fazem\u00ed, by proto mohly b\u00fdt zastaveny.\u201c<\/span><\/em><\/p>\n<p><span dir=\"auto\">Pr\u016fliv B\u00e1b el-Mandeb je d\u016fle\u017eit\u00fdm n\u00e1mo\u0159n\u00edm uzlem, kter\u00fdm proch\u00e1z\u00ed odhadem 10 % sv\u011btov\u00e9ho obchodu s ropou. H\u00fat\u00edov\u00e9 ji\u017e d\u0159\u00edve uvalili podobnou n\u00e1mo\u0159n\u00ed blok\u00e1du na lod\u011b vlastn\u011bn\u00e9 Izraelem nebo s Izraelem spojen\u00e9 lod\u011b v Rud\u00e9m mo\u0159i na znak solidarity s Palestinci v p\u00e1smu Gazy b\u011bhem izraelsk\u00e9 vojensk\u00e9 kampan\u011b v t\u00e9to oblasti.<\/span><\/p>\n<div class=\"article__cover\">\n<div class=\"media\"><picture><source srcset=\"https:\/\/mf.b37mrtl.ru\/files\/2026.03\/original\/69b627382030273c097dfa5f.jpg\" sizes=\"991px\" data-srcset=\"https:\/\/mf.b37mrtl.ru\/files\/2026.03\/original\/69b627382030273c097dfa5f.jpg\" \/><img decoding=\"async\" loading=\"lazy\" class=\"read-more__cover lazyautosizes lazyloaded aligncenter\" src=\"https:\/\/mf.b37mrtl.ru\/files\/2026.03\/original\/69b627382030273c097dfa5f.jpg\" sizes=\"991px\" alt=\"RT\" width=\"775\" height=\"517\" data-sizes=\"auto\" data-src=\"https:\/\/mf.b37mrtl.ru\/files\/2026.03\/original\/69b627382030273c097dfa5f.jpg\" \/><\/picture>\n<div class=\"media__footer media__footer_bottom \">\n<div class=\"media__title media__title_footer\"><span dir=\"auto\"><em>Satelitn\u00ed pohled na \u00fa\u017einu Bab el-Mandeb 28. b\u0159ezna 2015 \u00a9 USGS \/ NASA Landsat \/ Orbital Horizon \/ Gallo Images \/ Getty Images<\/em><\/p>\n<p><\/span><\/div>\n<\/div>\n<\/div>\n<\/div>\n<\/div>\n<\/div>\n<\/li>\n<li class=\"card-list__item\">\n<div class=\"updates-dates\"><strong class=\"updates-dates__time\"><span dir=\"auto\">02:34 GMT<\/span><\/strong><\/p>\n<div class=\"updates-dates__text text\">\n<p><span dir=\"auto\">Mluv\u010d\u00ed \u00edr\u00e1nsk\u00e9ho \u00fast\u0159ed\u00ed Chat\u00e1m al-Anb\u00edja obvinil Spojen\u00e9 st\u00e1ty a Izrael z nasazen\u00ed p\u0159ezna\u010den\u00e9 kopie \u00edr\u00e1nsk\u00e9ho dronu \u0160\u00e1hed-136 \u2013 ozna\u010den\u00e9 jako\u00a0<\/span><em><span dir=\"auto\">\u201eLucas\u201c<\/span><\/em><span dir=\"auto\">\u00a0\u2013 k prov\u00e1d\u011bn\u00ed \u00fatok\u016f na civiln\u00ed infrastrukturu v zem\u00edch regionu v r\u00e1mci \u00famysln\u00e9 operace pod fale\u0161nou vlajkou, jej\u00edm\u017e c\u00edlem je zmanipulovat Isl\u00e1mskou republiku.<\/span><\/p>\n<p><em><span dir=\"auto\">\u201eJak \u00cdr\u00e1nsk\u00e1 isl\u00e1msk\u00e1 republika opakovan\u011b ozn\u00e1mila, zam\u011b\u0159uje se pouze na c\u00edle, centra a z\u00e1jmy Spojen\u00fdch st\u00e1t\u016f a sionistick\u00e9ho re\u017eimu a vyd\u00e1n\u00edm ofici\u00e1ln\u00edho prohl\u00e1\u0161en\u00ed p\u0159eb\u00edr\u00e1 plnou odpov\u011bdnost za jak\u00e9koli m\u00edsto, na kter\u00e9 se zam\u011b\u0159\u00ed,\u201c<\/span><\/em><span dir=\"auto\">\u00a0prohl\u00e1sil mluv\u010d\u00ed.<\/span><\/p>\n<p><span dir=\"auto\">V posledn\u00edch dnech v\u0161ak do\u0161lo k s\u00e9rii\u00a0<\/span><em><span dir=\"auto\">\u201epodez\u0159el\u00fdch \u00fatok\u016f\u201c<\/span><\/em><span dir=\"auto\">\u00a0na za\u0159\u00edzen\u00ed v sp\u0159\u00e1telen\u00fdch sousedn\u00edch zem\u00edch, v\u010detn\u011b Turecka, Kuvajtu a Ir\u00e1ku, kter\u00e9 z\u00e1padn\u00ed m\u00e9dia okam\u017eit\u011b p\u0159ipsala \u00edr\u00e1nsk\u00fdm sil\u00e1m, uvedl mluv\u010d\u00ed.<\/span><\/p>\n<p><iframe loading=\"lazy\" title=\"CENTCOM commander details LUCAS attack drones\" width=\"640\" height=\"360\" src=\"https:\/\/www.youtube.com\/embed\/lTCfnfBrJZw?start=1&#038;feature=oembed\" frameborder=\"0\" allow=\"accelerometer; autoplay; clipboard-write; encrypted-media; gyroscope; picture-in-picture; web-share\" referrerpolicy=\"strict-origin-when-cross-origin\" allowfullscreen><\/iframe><\/p>\n<p><img decoding=\"async\" loading=\"lazy\" class=\"alignnone size-full wp-image-1185\" src=\"http:\/\/www.infokuryr.cz\/n\/wp-content\/uploads\/2021\/04\/kuryr-podpis.png\" alt=\"\" width=\"84\" height=\"24\" \/><\/p>\n<\/div>\n<\/div>\n<\/li>\n<\/ul>\n<\/div>\n<\/div>\n<\/li>\n<\/ul>\n<\/div>\n<\/div>\n<\/div>\n<\/div>\n","protected":false},"excerpt":{"rendered":"<p>Teher\u00e1n varoval civilisty v sousedn\u00edch st\u00e1tech, aby se vyh\u00fdbali jak\u00fdmkoli za\u0159\u00edzen\u00edm spojen\u00fdm s USA \u00cdr\u00e1nsk\u00e9&#8230;<\/p>\n","protected":false},"author":2,"featured_media":81525,"comment_status":"closed","ping_status":"closed","sticky":false,"template":"","format":"standard","meta":[],"categories":[7],"tags":[2856,38,452,1863,889],"_links":{"self":[{"href":"https:\/\/www.infokuryr.cz\/n\/wp-json\/wp\/v2\/posts\/101965"}],"collection":[{"href":"https:\/\/www.infokuryr.cz\/n\/wp-json\/wp\/v2\/posts"}],"about":[{"href":"https:\/\/www.infokuryr.cz\/n\/wp-json\/wp\/v2\/types\/post"}],"author":[{"embeddable":true,"href":"https:\/\/www.infokuryr.cz\/n\/wp-json\/wp\/v2\/users\/2"}],"replies":[{"embeddable":true,"href":"https:\/\/www.infokuryr.cz\/n\/wp-json\/wp\/v2\/comments?post=101965"}],"version-history":[{"count":0,"href":"https:\/\/www.infokuryr.cz\/n\/wp-json\/wp\/v2\/posts\/101965\/revisions"}],"wp:featuredmedia":[{"embeddable":true,"href":"https:\/\/www.infokuryr.cz\/n\/wp-json\/wp\/v2\/media\/81525"}],"wp:attachment":[{"href":"https:\/\/www.infokuryr.cz\/n\/wp-json\/wp\/v2\/media?parent=101965"}],"wp:term":[{"taxonomy":"category","embeddable":true,"href":"https:\/\/www.infokuryr.cz\/n\/wp-json\/wp\/v2\/categories?post=101965"},{"taxonomy":"post_tag","embeddable":true,"href":"https:\/\/www.infokuryr.cz\/n\/wp-json\/wp\/v2\/tags?post=101965"}],"curies":[{"name":"wp","href":"https:\/\/api.w.org\/{rel}","templated":true}]}}