{"id":101964,"date":"2026-03-15T06:31:01","date_gmt":"2026-03-15T05:31:01","guid":{"rendered":"https:\/\/www.infokuryr.cz\/n\/?p=101964"},"modified":"2026-03-15T06:31:01","modified_gmt":"2026-03-15T05:31:01","slug":"michael-svatos-par-novych-postrehu-z-ruske-fronty","status":"publish","type":"post","link":"https:\/\/www.infokuryr.cz\/n\/2026\/03\/15\/michael-svatos-par-novych-postrehu-z-ruske-fronty\/","title":{"rendered":"Michael Svato\u0161: P\u00e1r nov\u00fdch post\u0159eh\u016f z rusk\u00e9 fronty"},"content":{"rendered":"<div id=\"fb-root\"><\/div>\n<p>V\u010dera vypukla neuv\u011b\u0159iteln\u00e1 komedie.<\/p>\n<p>R\u00e1no nejprve sv\u00e9hlav\u00fd kyjevsk\u00fd vojev\u016fdce Zelenskyj sebev\u011bdom\u011b roztruboval do cel\u00e9ho sv\u011bta, \u017ee dod\u00e1 na St\u0159edn\u00ed v\u00fdchod na ochranu proti ir\u00e1nsk\u00fdm zabij\u00e1ck\u00fdm dron\u016fm \u201cHESA-136 \u0160ahid\u201d, kter\u00e9 tamn\u00ed ajatoll\u00e1hov\u00e9 \u00fasp\u011b\u0161n\u011b po des\u00edtk\u00e1ch vypou\u0161t\u011bj\u00ed p\u0159es Persk\u00fd z\u00e1liv na sv\u00e9 nep\u0159\u00e1tele, a vypaluj\u00ed jimi americk\u00e9 banky, vojensk\u00e9 z\u00e1kladny, i m\u00edstn\u00ed rafinerie, desetitis\u00edce ukrajinsk\u00fdch st\u00edhac\u00edch dron\u016f, kter\u00e9 jsou \u00fadajn\u011b nejlep\u0161\u00ed na sv\u011bt\u011b.\u00a0\u00a0A odpoledne u\u017e prezident USA Donald Trump r\u00e1zn\u011b vzk\u00e1zal p\u0159es Atlantik do Kyjeva, \u017ee ukrajinsk\u00e9 st\u00edhac\u00ed drony na St\u0159edn\u00edm v\u00fdchod\u011b nikdo nepot\u0159ebuje, proto\u017ee americk\u00e9 zbrojovky vyr\u00e1b\u011bj\u00ed vlastn\u00ed st\u00edhac\u00ed drony, a ty jsou mnohem lep\u0161\u00ed. A to je mimochodem pravda. Ostatn\u011b posu\u010fte sami.<\/p>\n<p>Zarputil\u00fd odp\u016frce m\u00edru a v\u00e1le\u010dn\u00edk Zelenskyj nab\u00edz\u00ed cel\u00e9mu sv\u011btu dod\u00e1vky t\u011bch \u00fadajn\u011b nejlep\u0161\u00edch st\u00edhac\u00edch dron\u016f na cel\u00e9m sv\u011bt\u011b, a ty p\u0159itom v noci z p\u00e1tku na sobotu 14. b\u0159ezna 2026 nedok\u00e1zaly ani odrazit n\u00e1let rusk\u00fdch dron\u016f Geranium-2, (defacto HESA-136 \u0160ahid), na vlastn\u00ed hlavn\u00ed m\u011bsto.<\/p>\n<div id=\"attachment_24257\" class=\"wp-caption aligncenter\" style=\"width: 840px;\"><img decoding=\"async\" loading=\"lazy\" class=\" wp-image-24257\" src=\"https:\/\/www.michalapetr.com\/wp-content\/uploads\/2026\/03\/photo_2026-03-14_08-19-19.jpg\" sizes=\"(max-width: 1280px) 100vw, 1280px\" srcset=\"https:\/\/www.michalapetr.com\/wp-content\/uploads\/2026\/03\/photo_2026-03-14_08-19-19.jpg 1280w, https:\/\/www.michalapetr.com\/wp-content\/uploads\/2026\/03\/photo_2026-03-14_08-19-19-300x225.jpg 300w, https:\/\/www.michalapetr.com\/wp-content\/uploads\/2026\/03\/photo_2026-03-14_08-19-19-1030x773.jpg 1030w, https:\/\/www.michalapetr.com\/wp-content\/uploads\/2026\/03\/photo_2026-03-14_08-19-19-768x576.jpg 768w, https:\/\/www.michalapetr.com\/wp-content\/uploads\/2026\/03\/photo_2026-03-14_08-19-19-705x529.jpg 705w, https:\/\/www.michalapetr.com\/wp-content\/uploads\/2026\/03\/photo_2026-03-14_08-19-19-450x338.jpg 450w\" alt=\"\" width=\"840\" height=\"630\" aria-describedby=\"caption-attachment-24257\" \/><\/p>\n<p id=\"caption-attachment-24257\" class=\"wp-caption-text\">Sobotn\u00ed cestou na Kyjev sp\u00e1lily rusk\u00e9 drony Geranium\/\u0160ah\u00edd\u00a0\u00a0<a href=\"https:\/\/t.me\/ukrpravda_news\/75964\">za Charkovem jeden kompletn\u00ed vlak<\/a>.<\/p>\n<\/div>\n<div id=\"attachment_24258\" class=\"wp-caption aligncenter\" style=\"width: 855px;\"><img decoding=\"async\" loading=\"lazy\" class=\" wp-image-24258\" src=\"https:\/\/www.michalapetr.com\/wp-content\/uploads\/2026\/03\/photo_2026-03-14_17-59-01.jpg\" sizes=\"(max-width: 960px) 100vw, 960px\" srcset=\"https:\/\/www.michalapetr.com\/wp-content\/uploads\/2026\/03\/photo_2026-03-14_17-59-01.jpg 960w, https:\/\/www.michalapetr.com\/wp-content\/uploads\/2026\/03\/photo_2026-03-14_17-59-01-225x300.jpg 225w, https:\/\/www.michalapetr.com\/wp-content\/uploads\/2026\/03\/photo_2026-03-14_17-59-01-773x1030.jpg 773w, https:\/\/www.michalapetr.com\/wp-content\/uploads\/2026\/03\/photo_2026-03-14_17-59-01-768x1024.jpg 768w, https:\/\/www.michalapetr.com\/wp-content\/uploads\/2026\/03\/photo_2026-03-14_17-59-01-529x705.jpg 529w, https:\/\/www.michalapetr.com\/wp-content\/uploads\/2026\/03\/photo_2026-03-14_17-59-01-450x600.jpg 450w\" alt=\"\" width=\"855\" height=\"1140\" aria-describedby=\"caption-attachment-24258\" \/><\/p>\n<p id=\"caption-attachment-24258\" class=\"wp-caption-text\" style=\"text-align: justify;\">Na druh\u00fd vlak narazily drony Geranium\/\u0160ah\u00edd kousek za m\u011bstem Sumy,\u00a0<a href=\"https:\/\/t.me\/ukrpravda_news\/75998\">a tak ho sp\u00e1lily taky<\/a>. K vypalov\u00e1n\u00ed vlak\u016f mus\u00ed b\u00fdt dron Geranium-2 vybaven optickou hlavic\u00ed, a bu\u010f um\u011blou inteligenc\u00ed, a nebo satelitn\u00edm on-line spojen\u00edm s oper\u00e1torem.<\/p>\n<\/div>\n<div id=\"attachment_24259\" class=\"wp-caption aligncenter\" style=\"width: 805px;\"><img decoding=\"async\" loading=\"lazy\" class=\" wp-image-24259\" src=\"https:\/\/www.michalapetr.com\/wp-content\/uploads\/2026\/03\/4c7a779c5a2a40da6e4c2cf389326b22.jpg\" sizes=\"(max-width: 900px) 100vw, 900px\" srcset=\"https:\/\/www.michalapetr.com\/wp-content\/uploads\/2026\/03\/4c7a779c5a2a40da6e4c2cf389326b22.jpg 900w, https:\/\/www.michalapetr.com\/wp-content\/uploads\/2026\/03\/4c7a779c5a2a40da6e4c2cf389326b22-300x168.jpg 300w, https:\/\/www.michalapetr.com\/wp-content\/uploads\/2026\/03\/4c7a779c5a2a40da6e4c2cf389326b22-768x429.jpg 768w, https:\/\/www.michalapetr.com\/wp-content\/uploads\/2026\/03\/4c7a779c5a2a40da6e4c2cf389326b22-705x394.jpg 705w, https:\/\/www.michalapetr.com\/wp-content\/uploads\/2026\/03\/4c7a779c5a2a40da6e4c2cf389326b22-450x252.jpg 450w\" alt=\"\" width=\"805\" height=\"450\" aria-describedby=\"caption-attachment-24259\" \/><\/p>\n<p id=\"caption-attachment-24259\" class=\"wp-caption-text\" style=\"text-align: justify;\">Sobotn\u00ed cestou na Kyjev rusk\u00e9 drony tak\u00e9 vypalovaly ukrajinsk\u00e9 po\u0161ty. Podle sv\u00fdch hl\u00e1\u0161en\u00ed\u00a0<a href=\"https:\/\/www.pravda.com.ua\/eng\/news\/2026\/03\/14\/8025545\/\">ukrajinsk\u00e1 m\u00e9dia v\u010dera p\u0159iznala<\/a>, \u017ee rusk\u00e9 drony zni\u010dily n\u011bkolik pobo\u010dek tzv. Ukropo\u0161ty oblastech Sumy, Charkov, a Dn\u011bpropetrovsk.<\/p>\n<\/div>\n<div id=\"attachment_24263\" class=\"wp-caption aligncenter\" style=\"width: 803px;\"><img decoding=\"async\" loading=\"lazy\" class=\" wp-image-24263\" src=\"https:\/\/www.michalapetr.com\/wp-content\/uploads\/2026\/03\/650666035_122161214984654935_6101606597207757456_n.jpg\" sizes=\"(max-width: 1280px) 100vw, 1280px\" srcset=\"https:\/\/www.michalapetr.com\/wp-content\/uploads\/2026\/03\/650666035_122161214984654935_6101606597207757456_n.jpg 1280w, https:\/\/www.michalapetr.com\/wp-content\/uploads\/2026\/03\/650666035_122161214984654935_6101606597207757456_n-300x200.jpg 300w, https:\/\/www.michalapetr.com\/wp-content\/uploads\/2026\/03\/650666035_122161214984654935_6101606597207757456_n-1030x686.jpg 1030w, https:\/\/www.michalapetr.com\/wp-content\/uploads\/2026\/03\/650666035_122161214984654935_6101606597207757456_n-768x512.jpg 768w, https:\/\/www.michalapetr.com\/wp-content\/uploads\/2026\/03\/650666035_122161214984654935_6101606597207757456_n-705x470.jpg 705w, https:\/\/www.michalapetr.com\/wp-content\/uploads\/2026\/03\/650666035_122161214984654935_6101606597207757456_n-450x300.jpg 450w\" alt=\"\" width=\"803\" height=\"535\" aria-describedby=\"caption-attachment-24263\" \/><\/p>\n<p id=\"caption-attachment-24263\" class=\"wp-caption-text\" style=\"text-align: justify;\">Na v\u00fdchodn\u00edm p\u0159edm\u011bst\u00ed Kyjeva rusk\u00e9 drony v\u010dera\u00a0<a href=\"https:\/\/www.pravda.com.ua\/eng\/news\/2026\/03\/14\/8025545\/\">uvid\u011bly i tamn\u00ed hlavn\u00ed Ukropo\u0161tu, a tak ji vyp\u00e1lily taky<\/a>. Dal\u0161\u00ed hlavn\u00ed po\u0161tu vyp\u00e1lily cestou na Kyjev ve m\u011bst\u011b Nikopol, a kousek za n\u00edm ve vesnici Vyshchetarasivka vy\u010dmuchaly ukrajinskou mobiln\u00ed po\u0161tu, a tak j\u00ed p\u0159ichystaly stejn\u00fd osud. Ukrajin\u0161t\u00ed po\u0161\u0165\u00e1ci v\u010dera zkr\u00e1tka nem\u011bli dobr\u00fd den, a ani nejlep\u0161\u00ed st\u00edhac\u00ed drony na sv\u011bt\u011b \u201cslavn\u00e9ho\u201d v\u00e1le\u010dn\u00edka Zelensk\u00e9ho jim nijak nepomohly.<\/p>\n<\/div>\n<div id=\"attachment_24265\" class=\"wp-caption aligncenter\" style=\"width: 820px;\"><img decoding=\"async\" loading=\"lazy\" class=\" wp-image-24265\" src=\"https:\/\/www.michalapetr.com\/wp-content\/uploads\/2026\/03\/650343685_122161214870654935_6550808025498429182_n.jpg\" sizes=\"(max-width: 1280px) 100vw, 1280px\" srcset=\"https:\/\/www.michalapetr.com\/wp-content\/uploads\/2026\/03\/650343685_122161214870654935_6550808025498429182_n.jpg 1280w, https:\/\/www.michalapetr.com\/wp-content\/uploads\/2026\/03\/650343685_122161214870654935_6550808025498429182_n-300x200.jpg 300w, https:\/\/www.michalapetr.com\/wp-content\/uploads\/2026\/03\/650343685_122161214870654935_6550808025498429182_n-1030x686.jpg 1030w, https:\/\/www.michalapetr.com\/wp-content\/uploads\/2026\/03\/650343685_122161214870654935_6550808025498429182_n-768x512.jpg 768w, https:\/\/www.michalapetr.com\/wp-content\/uploads\/2026\/03\/650343685_122161214870654935_6550808025498429182_n-705x470.jpg 705w, https:\/\/www.michalapetr.com\/wp-content\/uploads\/2026\/03\/650343685_122161214870654935_6550808025498429182_n-450x300.jpg 450w\" alt=\"\" width=\"820\" height=\"546\" aria-describedby=\"caption-attachment-24265\" \/><\/p>\n<p id=\"caption-attachment-24265\" class=\"wp-caption-text\">Krom\u011b po\u0161t a vlak\u016f v\u010dera rusk\u00e9 drony Geranium-2\/\u0160ah\u00edd vypalovaly cestou na Kyjev a v Kyjev\u011b i vlakov\u00e1 n\u00e1dra\u017e\u00ed.\u00a0<a href=\"https:\/\/www.facebook.com\/photo?fbid=122161214858654935&amp;set=pcb.122161215140654935\">Toto v Kyjev\u011b.<\/a><\/p>\n<\/div>\n<div id=\"attachment_24266\" class=\"wp-caption aligncenter\" style=\"width: 701px;\"><img decoding=\"async\" loading=\"lazy\" class=\" wp-image-24266\" src=\"https:\/\/www.michalapetr.com\/wp-content\/uploads\/2026\/03\/6240319011761aa76dafa343a178fa49.jpg\" sizes=\"(max-width: 900px) 100vw, 900px\" srcset=\"https:\/\/www.michalapetr.com\/wp-content\/uploads\/2026\/03\/6240319011761aa76dafa343a178fa49.jpg 900w, https:\/\/www.michalapetr.com\/wp-content\/uploads\/2026\/03\/6240319011761aa76dafa343a178fa49-300x168.jpg 300w, https:\/\/www.michalapetr.com\/wp-content\/uploads\/2026\/03\/6240319011761aa76dafa343a178fa49-768x429.jpg 768w, https:\/\/www.michalapetr.com\/wp-content\/uploads\/2026\/03\/6240319011761aa76dafa343a178fa49-705x394.jpg 705w, https:\/\/www.michalapetr.com\/wp-content\/uploads\/2026\/03\/6240319011761aa76dafa343a178fa49-450x252.jpg 450w\" alt=\"\" width=\"701\" height=\"392\" aria-describedby=\"caption-attachment-24266\" \/><\/p>\n<p id=\"caption-attachment-24266\" class=\"wp-caption-text\" style=\"text-align: justify;\">V Kyjev\u011b samotn\u00e9m se potom v\u010dera rusk\u00e9 drony Geranium\/\u0160ah\u00edd snesly na v\u00fd\u0161kov\u00e9 budovy. Tuto rozestav\u011bnou budovu trefil dron, proto\u017ee na raketu jde o mal\u00e9 po\u0161kozen\u00ed.<\/p>\n<\/div>\n<p>Podle v\u00fdpo\u010dt\u016f ukrajinsk\u00fdch m\u00e9di\u00ed v\u010derej\u0161\u00ed \u00fatok skupinky rusk\u00fdch dron\u016f na Kyjev, kter\u00fd podle sv\u00e9ho prezidenta Zelensk\u00e9ho disponuje t\u011bmi nejlep\u0161\u00edmi st\u00edhac\u00edmi drony na sv\u011bt\u011b, zni\u010dil, vyp\u00e1lil, a nebo po\u0161kodil 184 jednotliv\u00fdch objekt\u016f, jen v \u0161esti okresech Kyjevsk\u00e9 administrativn\u00ed oblasti Ukrajiny, (Brovary, Obukhiv, Vy\u0161horod, Bucha, Boryspil a B\u00edl\u00e1 Cerkva). Celkem bylo rusk\u00fdmi drony v Kyjev\u011b zasa\u017eeno\u00a0<span dir=\"auto\">\u00a041 bytov\u00fdch dom\u016f a 43 rodinn\u00fdch dom\u016f. \u00datok po\u0161kodil tak\u00e9 studentsk\u00e9 koleje, vzd\u011bl\u00e1vac\u00ed instituce, sklady, pr\u016fmyslov\u00e9 prostory, kostel, nedokon\u010den\u00e9 budovy, des\u00edtky nebytov\u00fdch budov, a 60 aut. Zasa\u017eeny byly i n\u011bkter\u00e9 budovy m\u011bstsk\u00e9 infrastruktury a slu\u017eeb. Zem\u0159ely nejm\u00e9n\u011b 4 osoby, a n\u011bkolik des\u00edtek utrp\u011blo r\u016fzn\u00e1 zran\u011bn\u00ed.\u00a0<\/span><\/p>\n<p>Nejvy\u0161\u0161\u00ed v\u016fdce Ukrajiny Zelenskyj v\u010dera, z\u0159ejm\u011b aby dodal v\u00e1hu sv\u00fdm tvrzen\u00edm, \u017ee disponuje flotilami t\u011bch nejlep\u0161\u00edch st\u00edhac\u00edch dron\u016f na sv\u011bt\u011b, zaryt\u011b tvrdil, \u017ee jeho vojska v noci na sobotu p\u0159i rusk\u00e9m n\u00e1letu zni\u010dila 460 ze 498 \u00fato\u010d\u00edc\u00edch raket a dron\u016f. Dokonce byla jeho vojska pr\u00fd tak dobr\u00e1, \u017ee sest\u0159elila i v\u0161echny \u00fato\u010d\u00edc\u00ed rusk\u00e9 rakety a st\u0159ely, krom\u011b Iskander\u016f, pr\u00fd sest\u0159elila 58.\u00a0<a href=\"https:\/\/www.pravda.com.ua\/eng\/news\/2026\/03\/14\/8025539\/\">Jak jde logicky dohromady 184 vyp\u00e1len\u00fdch a zni\u010den\u00fdch budov jen v samotn\u00e9m Kyjev\u011b<\/a>, a dal\u0161\u00ed des\u00edtky v t\u011b\u017ece zasa\u017een\u00e9m Z\u00e1poro\u017e\u00ed, a dal\u0161\u00ed budovy a vlaky zni\u010den\u00e9 sobotn\u00edmi cestami rusk\u00fdch dron\u016f na Kyjev, se sest\u0159elen\u00edm tolika dron\u016f, st\u0159el a balistick\u00fdch raket t\u011bmi nejlep\u0161\u00edmi st\u00edhac\u00edmi drony na sv\u011bt\u011b, ch\u00e1pou asi jen tv\u016frci politick\u00fdch a v\u00e1le\u010dn\u00fdch propagandistick\u00fdch tragikomedi\u00ed. Zelenskyj se v\u010dera chlubil, \u017ee zni\u010dil 92,37% rusk\u00fdch raket, st\u0159el a dron\u016f, vypu\u0161t\u011bn\u00fdch proti Ukrajin\u011b v sobotu. \u017de mu p\u0159itom jeho vlastn\u00ed hlavn\u00ed m\u011bsto ho\u0159\u00ed doslova pod zadkem, a Krom Kyjeva nem\u00e1 \u017e\u00e1dn\u00e9 ukrajinsk\u00e9 m\u011bsto tak\u0159ka \u017e\u00e1dnou protivzdu\u0161nou obranu, ani t\u011bmi nejlep\u0161\u00edmi st\u00edhac\u00edmi drony na sv\u011bt\u011b, ho nezastav\u00ed, aby v transu vyk\u0159ikoval do sv\u011bta, \u017ee ka\u017ed\u00e9mu dod\u00e1 tolik nejlep\u0161\u00edch st\u00edhac\u00edch dron\u016f na sv\u011bt\u011b, kolik si bude p\u0159\u00e1t. \u017de mu v\u010dera v Kyjev\u011b zase \u201csest\u0159elen\u00e9\u201d rusk\u00e9 drony a rakety\u00a0<a href=\"https:\/\/censor.net\/en\/news\/3605229\/ukraine-s-air-defense-shot-down-all-russian-cruise-missiles-ignat\">vypnuly na n\u011bkolik hodin proud a m\u011bstskou elektrickou dopravu<\/a>, mu asi do jeho hlubok\u00e9ho doup\u011bte, odkud jako Hitler \u0159\u00edd\u00ed svoji \u201cv\u00edt\u011bznou\u201d v\u00e1lku, rad\u0161i nikdo nenahl\u00e1sil.<\/p>\n<p>Ani na front\u011b se Zelensk\u00e9ho bojov\u00fdm kohort\u00e1m v posledn\u00edch dnech nijak dob\u0159e neda\u0159ilo.<\/p>\n<div id=\"attachment_24268\" class=\"wp-caption aligncenter\" style=\"width: 836px;\"><img decoding=\"async\" loading=\"lazy\" class=\" wp-image-24268\" src=\"https:\/\/www.michalapetr.com\/wp-content\/uploads\/2026\/03\/photo_2026-03-14_22-51-32.jpg\" sizes=\"(max-width: 2560px) 100vw, 2560px\" srcset=\"https:\/\/www.michalapetr.com\/wp-content\/uploads\/2026\/03\/photo_2026-03-14_22-51-32.jpg 2560w, https:\/\/www.michalapetr.com\/wp-content\/uploads\/2026\/03\/photo_2026-03-14_22-51-32-300x202.jpg 300w, https:\/\/www.michalapetr.com\/wp-content\/uploads\/2026\/03\/photo_2026-03-14_22-51-32-1030x692.jpg 1030w, https:\/\/www.michalapetr.com\/wp-content\/uploads\/2026\/03\/photo_2026-03-14_22-51-32-768x516.jpg 768w, https:\/\/www.michalapetr.com\/wp-content\/uploads\/2026\/03\/photo_2026-03-14_22-51-32-1536x1032.jpg 1536w, https:\/\/www.michalapetr.com\/wp-content\/uploads\/2026\/03\/photo_2026-03-14_22-51-32-2048x1376.jpg 2048w, https:\/\/www.michalapetr.com\/wp-content\/uploads\/2026\/03\/photo_2026-03-14_22-51-32-1500x1008.jpg 1500w, https:\/\/www.michalapetr.com\/wp-content\/uploads\/2026\/03\/photo_2026-03-14_22-51-32-705x474.jpg 705w, https:\/\/www.michalapetr.com\/wp-content\/uploads\/2026\/03\/photo_2026-03-14_22-51-32-450x302.jpg 450w\" alt=\"\" width=\"836\" height=\"562\" aria-describedby=\"caption-attachment-24268\" \/><\/p>\n<p id=\"caption-attachment-24268\" class=\"wp-caption-text\" style=\"text-align: justify;\">Na donbask\u00e9 front\u011b se rusk\u00e9 jednotky, (viz do mapy jsem domaloval zelenou \u0161ipku), u\u017e probojovaly 9 967 metr\u016f od m\u011bsta Slovjansk. Tedy cel\u00e1 aglomerace Slovjansk-Kramatorsk-Dru\u017eivka u\u017e je rusk\u00fdmi drony izolov\u00e1na od zbytku Ukrajiny, a za\u010dne klasick\u00fd rusk\u00fd metodick\u00fd postup, kdy ka\u017ed\u00e9mu obr\u00e1nci do 90 dn\u016f p\u0159istane na hlav\u011b jeden rusk\u00fd dron, nebo klouzav\u00e1 bomba, a pak Rusov\u00e9 m\u011bsto, v poklidu a bez vlastn\u00edch ztr\u00e1t, obsad\u00ed, a ud\u011blaj\u00ed si z n\u011bj z\u00e1kladnu pro sv\u016fj dal\u0161\u00ed postup vp\u0159ed.<\/p>\n<\/div>\n<div id=\"attachment_24273\" class=\"wp-caption aligncenter\" style=\"width: 840px;\"><img decoding=\"async\" loading=\"lazy\" class=\" wp-image-24273\" src=\"https:\/\/www.michalapetr.com\/wp-content\/uploads\/2026\/03\/photo_2026-03-14_22-51-31.jpg\" sizes=\"(max-width: 2560px) 100vw, 2560px\" srcset=\"https:\/\/www.michalapetr.com\/wp-content\/uploads\/2026\/03\/photo_2026-03-14_22-51-31.jpg 2560w, https:\/\/www.michalapetr.com\/wp-content\/uploads\/2026\/03\/photo_2026-03-14_22-51-31-300x202.jpg 300w, https:\/\/www.michalapetr.com\/wp-content\/uploads\/2026\/03\/photo_2026-03-14_22-51-31-1030x692.jpg 1030w, https:\/\/www.michalapetr.com\/wp-content\/uploads\/2026\/03\/photo_2026-03-14_22-51-31-768x516.jpg 768w, https:\/\/www.michalapetr.com\/wp-content\/uploads\/2026\/03\/photo_2026-03-14_22-51-31-1536x1032.jpg 1536w, https:\/\/www.michalapetr.com\/wp-content\/uploads\/2026\/03\/photo_2026-03-14_22-51-31-2048x1376.jpg 2048w, https:\/\/www.michalapetr.com\/wp-content\/uploads\/2026\/03\/photo_2026-03-14_22-51-31-1500x1008.jpg 1500w, https:\/\/www.michalapetr.com\/wp-content\/uploads\/2026\/03\/photo_2026-03-14_22-51-31-705x474.jpg 705w, https:\/\/www.michalapetr.com\/wp-content\/uploads\/2026\/03\/photo_2026-03-14_22-51-31-450x302.jpg 450w\" alt=\"\" width=\"840\" height=\"564\" aria-describedby=\"caption-attachment-24273\" \/><\/p>\n<p id=\"caption-attachment-24273\" class=\"wp-caption-text\" style=\"text-align: justify;\">Na Z\u00e1poro\u017esk\u00e9 front\u011b ohl\u00e1sili v polovin\u011b \u00fanora Ukrajinci velkou ofenz\u00edvu proti rusk\u00fdm v\u00fdsadk\u00e1\u0159\u016fm gener\u00e1la Teplinsk\u00e9ho. A ti jako v\u017edy ukrajinsk\u00e9 \u00fatoky rozpr\u00e1\u0161ili, a p\u0159itom profesion\u00e1ln\u011b vyklidili nev\u00fdhodn\u00e9 a zbyte\u010dn\u00e9 taktick\u00e9 pozice (\u010dern\u00fd hexagon), d\u016frazn\u011b udr\u017eeli opera\u010dn\u011b-takticky d\u016fle\u017eit\u00e9 prostory (b\u00edl\u00fd hexagon), a vy\u010distily prostory, kter\u00e9 p\u0159ed t\u00edm obe\u0161li, aby je nemuseli dob\u00edjet, (zelen\u00fd hexagon).<\/p>\n<\/div>\n<p>Nav\u00edc asi Rusov\u00e9 na Z\u00e1poro\u017e\u00ed asi n\u011bco chystaj\u00ed,\u00a0<a href=\"https:\/\/24.zp.ua\/zaporizka-oblast-ofitsijno-stala-najgaryachishoyu-tochkoyu-frontu-za-danymy-osint-analitykiv\/\">proto\u017ee od leto\u0161n\u00edho \u00fanora se Z\u00e1poro\u017e\u00ed stalo \u201cnejbombardovan\u011bj\u0161\u00edm\u201d ukrajinsk\u00fdm m\u011bstem<\/a>. P\u0159il\u00e9t\u00e1 na n\u011bj nyn\u00ed nejv\u00edce raket, klouzav\u00fdch bomb i zabij\u00e1ck\u00fdch dron\u016f. A to zna\u010d\u00ed, \u017ee se Rusov\u00e9 chystaj\u00ed s m\u011bstem skoncovat, a mo\u017en\u00e1 je\u0161t\u011b d\u0159\u00edv, ne\u017e s aglomerac\u00ed Slovjansk-Kramatorsk. Nej\u010dast\u011bj\u0161\u00ed n\u00e1lety klouzav\u00fdch bomb, v\u010dera p\u0159ilet\u011bly na Z\u00e1poro\u017e\u00ed dal\u0161\u00ed 4, a zni\u010dily celkem 12 v\u00fd\u0161kov\u00fdch a 12 rodinn\u00fdch dom\u016f, znamenaj\u00ed jedin\u00e9 \u2013 rusk\u00e1 letadla nemaj\u00ed nyn\u00ed probl\u00e9m operovat 70km jiho-v\u00fdchodn\u011b od Z\u00e1poro\u017e\u00ed, tedy v prostoru, kde se je mohou st\u0159elbou ze z\u00e1padn\u00edho b\u0159ehu Dn\u011bpru pokou\u0161et sest\u0159elovat americk\u00e9 rakety Patriot. A to znamen\u00e1 dvoj\u00ed. Bu\u010f se Ukrajinci u\u017e neodv\u00e1\u017e\u00ed vysunout Patrioty ze z\u00e1padn\u00edch oblast\u00ed Kyjeva v\u00edce na v\u00fdchod, proto\u017ee o v\u0161echny, kter\u00e9 takto vysunuli, rychle p\u0159i\u0161li \u00fadery Iskander\u016f. A nebo rusk\u00e1 letadle odhazuj\u00ed klouzav\u00e9 bomby z v\u011bt\u0161\u00ed vzd\u00e1lenosti, ne\u017e tomu dosud bylo zvykem. V ka\u017ed\u00e9m p\u0159\u00edpad\u011b, Rusov\u00e9 u\u017e dominuj\u00ed i na t\u00e9to pro ukrajinskou obranu nejv\u00fdhodn\u011bj\u0161\u00ed \u010d\u00e1sti cel\u00e9 fronty. A to je dal\u0161\u00ed p\u0159\u00edznak bl\u00ed\u017e\u00edc\u00edho se p\u00e1du Kyjeva.<\/p>\n<p><a href=\"https:\/\/www.michalapetr.com\/map-2552-par-novych-postrehu-z-ruske-fronty-analyza\/\">Michael Svato\u0161<\/a><\/p>\n<p><img decoding=\"async\" loading=\"lazy\" class=\"alignnone size-full wp-image-27204\" src=\"http:\/\/www.infokuryr.cz\/n\/wp-content\/uploads\/2023\/05\/Michael_Svatos.png\" alt=\"\" width=\"180\" height=\"180\" srcset=\"https:\/\/www.infokuryr.cz\/n\/wp-content\/uploads\/2023\/05\/Michael_Svatos.png 180w, https:\/\/www.infokuryr.cz\/n\/wp-content\/uploads\/2023\/05\/Michael_Svatos-150x150.png 150w\" sizes=\"(max-width: 180px) 100vw, 180px\" \/><\/p>\n<p>&nbsp;<\/p>\n","protected":false},"excerpt":{"rendered":"<p>V\u010dera vypukla neuv\u011b\u0159iteln\u00e1 komedie. R\u00e1no nejprve sv\u00e9hlav\u00fd kyjevsk\u00fd vojev\u016fdce Zelenskyj sebev\u011bdom\u011b roztruboval do cel\u00e9ho sv\u011bta,&#8230;<\/p>\n","protected":false},"author":2,"featured_media":89381,"comment_status":"closed","ping_status":"closed","sticky":false,"template":"","format":"standard","meta":[],"categories":[6],"tags":[1042,1917,22,26],"_links":{"self":[{"href":"https:\/\/www.infokuryr.cz\/n\/wp-json\/wp\/v2\/posts\/101964"}],"collection":[{"href":"https:\/\/www.infokuryr.cz\/n\/wp-json\/wp\/v2\/posts"}],"about":[{"href":"https:\/\/www.infokuryr.cz\/n\/wp-json\/wp\/v2\/types\/post"}],"author":[{"embeddable":true,"href":"https:\/\/www.infokuryr.cz\/n\/wp-json\/wp\/v2\/users\/2"}],"replies":[{"embeddable":true,"href":"https:\/\/www.infokuryr.cz\/n\/wp-json\/wp\/v2\/comments?post=101964"}],"version-history":[{"count":0,"href":"https:\/\/www.infokuryr.cz\/n\/wp-json\/wp\/v2\/posts\/101964\/revisions"}],"wp:featuredmedia":[{"embeddable":true,"href":"https:\/\/www.infokuryr.cz\/n\/wp-json\/wp\/v2\/media\/89381"}],"wp:attachment":[{"href":"https:\/\/www.infokuryr.cz\/n\/wp-json\/wp\/v2\/media?parent=101964"}],"wp:term":[{"taxonomy":"category","embeddable":true,"href":"https:\/\/www.infokuryr.cz\/n\/wp-json\/wp\/v2\/categories?post=101964"},{"taxonomy":"post_tag","embeddable":true,"href":"https:\/\/www.infokuryr.cz\/n\/wp-json\/wp\/v2\/tags?post=101964"}],"curies":[{"name":"wp","href":"https:\/\/api.w.org\/{rel}","templated":true}]}}