{"id":101963,"date":"2026-03-15T00:25:11","date_gmt":"2026-03-14T23:25:11","guid":{"rendered":"https:\/\/www.infokuryr.cz\/n\/?p=101963"},"modified":"2026-03-15T06:24:49","modified_gmt":"2026-03-15T05:24:49","slug":"jiri-vyvadil-babis-nesmi-uhnout","status":"publish","type":"post","link":"https:\/\/www.infokuryr.cz\/n\/2026\/03\/15\/jiri-vyvadil-babis-nesmi-uhnout\/","title":{"rendered":"Ji\u0159\u00ed Vyvadil: Babi\u0161 nesm\u00ed uhnout\u2026"},"content":{"rendered":"<div id=\"fb-root\"><\/div>\n<p><strong>Vl\u00e1dn\u00ed koalice, a to nejen samoz\u0159ejm\u011b ANO, ale i men\u0161\u00ed partnersk\u00e9 strany Motorist\u00e9 i SPD podle v\u0161ech pr\u016fzkum\u016f podpory vede natolik v\u00fdborn\u011b, \u017ee si rozhodn\u011b nemus\u00ed d\u011blat t\u011b\u017ekou hlavu nejen z toho, co \u0159\u00edk\u00e1 opozice, kter\u00e1 by dnes dopadla je\u0161t\u011b mnohem h\u016f\u0159e ne\u017e v \u0159\u00edjnu, ale co v nen\u00e1vistn\u00e9m m\u00f3du proud\u00ed ze v\u0161ech televizn\u00edch kan\u00e1l\u016f i v\u0161ech den\u00edk\u016f.<\/strong><\/p>\n<p style=\"font-weight: 400;\">\u010clov\u011bk si jen \u0159\u00edk\u00e1, kde ti opozi\u010dn\u00ed poslanci a opozi\u010dn\u00ed pis\u00e1lkov\u00e9 berou p\u0159i t\u011bch \u017ealostn\u00fdch v\u00fdsledc\u00edch tu neskonalou drzost tv\u00e1\u0159it se tak suver\u00e9nn\u011b a st\u00e1le znovu a znovu n\u011bco diktovat.<\/p>\n<p style=\"font-weight: 400;\">Nejnov\u011bj\u0161\u00edm evergreenem je hysterick\u00fd tlak, aby \u010cesko zv\u00fd\u0161ilo v\u00fddaje na obranu a do toho se nov\u011b a agresivn\u011b zapojil i velvyslanec USA v\u00a0\u010cesk\u00e9 republice, jeho\u017e ve\u0159ejnou v\u00fdzvu sna\u017eiv\u011b p\u0159evzal p\u0159\u00edtel po boku Petra Pavla Petr Kol\u00e1\u0159, zn\u00e1m\u00fd v\u00e1le\u010dn\u00fd jest\u0159\u00e1b, kdysi podporuj\u00edc\u00ed radar v\u00a0Brdech.<\/p>\n<p style=\"font-weight: 400;\">Nu\u017ee tento nedobr\u00fd mu\u017e citoval p\u0159\u00edsp\u011bvek americk\u00e9ho velvyslanectv\u00ed v Praze, kter\u00e9 kritizovalo \u010desk\u00fd st\u00e1tn\u00ed rozpo\u010det na rok 2026.<\/p>\n<p style=\"font-weight: 400;\">\u201eV\u0161ichni spojenci mus\u00ed n\u00e9st sv\u016fj d\u00edl odpov\u011bdnosti a dodr\u017eet haagsk\u00fd z\u00e1vazek v oblasti obrany. Tyto hodnoty nejsou n\u00e1hodn\u00e9. Jde o to odpov\u011bd\u011bt na sou\u010dasnou situaci \u2013 a ta vy\u017eaduje, aby standardem bylo 5 %. \u017d\u00e1dn\u00e9 v\u00fdmluvy, \u017e\u00e1dn\u00e9 v\u00fdjimky,\u201c publikovala ambas\u00e1da na s\u00edti X.<\/p>\n<p style=\"font-weight: 400;\">Tak\u017ee na rovinu Haagsk\u00fd z\u00e1vazek plat\u00ed a\u017e od roku 2035. Tak\u017ee je nepochopiteln\u00e9, pro\u010d jej nyn\u00ed americk\u00fd velvyslanec tak dramaticky uv\u00e1d\u00ed.<\/p>\n<p style=\"font-weight: 400;\">J\u00e1 s\u00e1m jsem si jen nam\u00e1tkou nahl\u00e9dl do copilotu, jak to je s\u00a0pln\u011bn\u00edm z\u00e1vazk\u016f v\u00a0oblasti obrany<\/p>\n<p style=\"font-weight: 400;\">Podle dostupn\u00fdch \u00fadaj\u016f vydala \u010cesk\u00e1 republika v roce 2024 p\u0159ibli\u017en\u011b 2,08 % HDP na obranu. To znamen\u00e1, \u017ee \u010cesko pat\u0159\u00ed mezi zem\u011b, kter\u00e9 spl\u0148uj\u00ed dvouprocentn\u00ed z\u00e1vazek, a \u0159ad\u00ed se zhruba do horn\u00ed poloviny NATO.<\/p>\n<p style=\"font-weight: 400;\">Z ve\u0159ejn\u00fdch dat a anal\u00fdz vypl\u00fdv\u00e1, \u017ee pod hranic\u00ed \u010cR se nach\u00e1z\u00ed zejm\u00e9na tyto st\u00e1ty:<\/p>\n<p style=\"font-weight: 400;\">Tyto zem\u011b dlouhodob\u011b nespl\u0148uj\u00ed dvouprocentn\u00ed z\u00e1vazek a jejich v\u00fddaje jsou ni\u017e\u0161\u00ed ne\u017e \u010desk\u00fdch 2,08 %:<\/p>\n<p style=\"font-weight: 400;\">Belgie ,Lucembursko, \u0160pan\u011blsko, It\u00e1lie, Kanada, Slovinsko, Portugalsko, Turecko, Chorvatsko, Alb\u00e1nie, \u010cern\u00e1 Hora, Severn\u00ed Makedonie, Bulharsko (v n\u011bkter\u00fdch letech t\u011bsn\u011b pod 2 %),Ma\u010farsko (v n\u011bkter\u00fdch letech t\u011bsn\u011b pod 2 %)<\/p>\n<p style=\"font-weight: 400;\">Tak vo co go?<\/p>\n<p style=\"font-weight: 400;\">Proto\u017ee jsem zaznamenal i z\u00e1konod\u00e1rn\u00e9 iniciativy ze strany opozice na novelu st\u00e1tn\u00edho rozpo\u010dtu a proto\u017ee prezident u\u017e ve\u0159ejn\u011b sliboval, \u017ee bude na toto t\u00e9ma tla\u010dit na premi\u00e9ra a vid\u00edme, \u017ee jeho lid\u00e9 u\u017e na tom pracuj\u00ed zb\u00fdv\u00e1 mi na z\u00e1v\u011br u\u017e jedin\u00e1 pozn\u00e1mka:<\/p>\n<p style=\"font-weight: 400;\">Pane premi\u00e9re : Neustupovat. Opozice ani prezident nemaj\u00ed karty.<\/p>\n<p><a href=\"https:\/\/vasevec.info\/domaci-politika\/babis-nesmi-uhnout\">Ji\u0159\u00ed Vyvadil<\/a><\/p>\n<p><img decoding=\"async\" loading=\"lazy\" class=\"alignnone size-medium wp-image-16474\" src=\"http:\/\/www.infokuryr.cz\/n\/wp-content\/uploads\/2022\/10\/jiri-vyvadil-300x200.jpg\" alt=\"\" width=\"300\" height=\"200\" srcset=\"https:\/\/www.infokuryr.cz\/n\/wp-content\/uploads\/2022\/10\/jiri-vyvadil-300x200.jpg 300w, https:\/\/www.infokuryr.cz\/n\/wp-content\/uploads\/2022\/10\/jiri-vyvadil-768x512.jpg 768w, https:\/\/www.infokuryr.cz\/n\/wp-content\/uploads\/2022\/10\/jiri-vyvadil.jpg 800w\" sizes=\"(max-width: 300px) 100vw, 300px\" \/><\/p>\n<p>&nbsp;<\/p>\n","protected":false},"excerpt":{"rendered":"<p>Vl\u00e1dn\u00ed koalice, a to nejen samoz\u0159ejm\u011b ANO, ale i men\u0161\u00ed partnersk\u00e9 strany Motorist\u00e9 i SPD&#8230;<\/p>\n","protected":false},"author":2,"featured_media":97033,"comment_status":"closed","ping_status":"closed","sticky":false,"template":"","format":"standard","meta":[],"categories":[6],"tags":[126,1503,99],"_links":{"self":[{"href":"https:\/\/www.infokuryr.cz\/n\/wp-json\/wp\/v2\/posts\/101963"}],"collection":[{"href":"https:\/\/www.infokuryr.cz\/n\/wp-json\/wp\/v2\/posts"}],"about":[{"href":"https:\/\/www.infokuryr.cz\/n\/wp-json\/wp\/v2\/types\/post"}],"author":[{"embeddable":true,"href":"https:\/\/www.infokuryr.cz\/n\/wp-json\/wp\/v2\/users\/2"}],"replies":[{"embeddable":true,"href":"https:\/\/www.infokuryr.cz\/n\/wp-json\/wp\/v2\/comments?post=101963"}],"version-history":[{"count":0,"href":"https:\/\/www.infokuryr.cz\/n\/wp-json\/wp\/v2\/posts\/101963\/revisions"}],"wp:featuredmedia":[{"embeddable":true,"href":"https:\/\/www.infokuryr.cz\/n\/wp-json\/wp\/v2\/media\/97033"}],"wp:attachment":[{"href":"https:\/\/www.infokuryr.cz\/n\/wp-json\/wp\/v2\/media?parent=101963"}],"wp:term":[{"taxonomy":"category","embeddable":true,"href":"https:\/\/www.infokuryr.cz\/n\/wp-json\/wp\/v2\/categories?post=101963"},{"taxonomy":"post_tag","embeddable":true,"href":"https:\/\/www.infokuryr.cz\/n\/wp-json\/wp\/v2\/tags?post=101963"}],"curies":[{"name":"wp","href":"https:\/\/api.w.org\/{rel}","templated":true}]}}