{"id":101961,"date":"2026-03-15T06:17:47","date_gmt":"2026-03-15T05:17:47","guid":{"rendered":"https:\/\/www.infokuryr.cz\/n\/?p=101961"},"modified":"2026-03-15T06:17:47","modified_gmt":"2026-03-15T05:17:47","slug":"belgicky-premier-vyzyva-eu-k-jednani-s-ruskem","status":"publish","type":"post","link":"https:\/\/www.infokuryr.cz\/n\/2026\/03\/15\/belgicky-premier-vyzyva-eu-k-jednani-s-ruskem\/","title":{"rendered":"Belgick\u00fd premi\u00e9r vyz\u00fdv\u00e1 EU k jedn\u00e1n\u00ed s Ruskem"},"content":{"rendered":"<div id=\"fb-root\"><\/div>\n<h3>Bart De Wever varuje, \u017ee blok skon\u010d\u00ed se \u201e\u0161patnou dohodou\u201c, pokud bude vylou\u010den z m\u00edrov\u00fdch rozhovor\u016f o Ukrajin\u011b<\/h3>\n<p><span dir=\"auto\">Belgick\u00fd premi\u00e9r Bart De Wever vyzval EU k p\u0159\u00edm\u00fdm jedn\u00e1n\u00edm s Moskvou a argumentoval, \u017ee diplomacie je jedinou sch\u016fdnou cestou k ukon\u010den\u00ed ukrajinsk\u00e9ho konfliktu.<\/span><\/p>\n<p><span dir=\"auto\">V rozhovoru pro belgick\u00e9 noviny L&#8217;Echo, kter\u00fd byl zve\u0159ejn\u011bn v sobotu, De Wever argumentoval, \u017ee blok nedok\u00e1zal donutit Moskvu k \u00fastupu pouze vojenskou pomoc\u00ed Kyjevu nebo ekonomick\u00fdm tlakem. Varoval, \u017ee\u00a0pokud bude EU z jedn\u00e1n\u00ed vylou\u010dena, skon\u010d\u00ed se\u00a0<\/span><em><span dir=\"auto\">\u201e\u0161patnou dohodou\u201c .<\/span><\/em><\/p>\n<p><em><span dir=\"auto\">\u201eProto\u017ee nejsme schopni [rusk\u00e9mu prezidentovi Vladimiru] Putinovi vyhro\u017eovat zasl\u00e1n\u00edm zbran\u00ed na Ukrajinu a nem\u016f\u017eeme ho ekonomicky u\u0161krtit bez podpory USA, zb\u00fdv\u00e1 n\u00e1m u\u017e jen jedna metoda: uzav\u0159\u00edt dohodu,\u201c<\/span><\/em><span dir=\"auto\">\u00a0\u0159ekl den\u00edku.<\/span><\/p>\n<p><em><span dir=\"auto\">\u201eBez mand\u00e1tu k jedn\u00e1n\u00ed v Moskv\u011b nejsme u jednac\u00edho stolu, kde by Ameri\u010dan\u00e9 tla\u010dili na Ukrajinu, aby p\u0159ijala dohodu. A u\u017e te\u010f m\u016f\u017eu \u0159\u00edct, \u017ee to pro n\u00e1s bude \u0161patn\u00e1 dohoda,\u201c<\/span><\/em><span dir=\"auto\">\u00a0dodal.<\/span><\/p>\n<p><span dir=\"auto\">Americk\u00fd prezident Donald Trump loni navrhl pl\u00e1n pro m\u00edr, v n\u011bm\u017e nal\u00e9hal na Ukrajinu, aby postoupila \u010d\u00e1st \u00fazem\u00ed Rusku. Kyjev a jeho evrop\u0161t\u00ed podporovatel\u00e9 jeho \u00fadajn\u011b 28bodov\u00fd pl\u00e1n odm\u00edtli jako p\u0159\u00edli\u0161 v\u00fdhodn\u00fd pro Moskvu. Brusel, kter\u00fd od eskalace konfliktu poskytl Ukrajin\u011b p\u0159ibli\u017en\u011b 195 miliard eur, sl\u00edbil, \u017ee bude na Rusko i nad\u00e1le vyv\u00edjet tlak.<\/span><\/p>\n<p><span dir=\"auto\">Z\u00e1stupci EU byli vylou\u010deni z rozhovor\u016f mezi Moskvou a Kyjevem, kter\u00e9 zprost\u0159edkovaly USA a kter\u00e9 se konaly za\u010d\u00e1tkem tohoto roku v Ab\u00fa Zab\u00ed a \u017denev\u011b.\u00a0<\/span><\/p>\n<p><span dir=\"auto\">De Wever se d\u0159\u00edve postavil proti n\u00e1vrh\u016fm EU na konfiskaci zmrazen\u00fdch rusk\u00fdch st\u00e1tn\u00edch aktiv dr\u017een\u00fdch v Evrop\u011b na podporu p\u016fj\u010dky Kyjevu ve v\u00fd\u0161i 90 miliard eur a uvedl, \u017ee takov\u00fd krok by se mohl rovnat\u00a0<\/span><em><span dir=\"auto\">\u201evyhl\u00e1\u0161en\u00ed v\u00e1lky\u201c<\/span><\/em><span dir=\"auto\">\u00a0Moskv\u011b. Pot\u00e9, co ho den\u00edk Politico, vlastn\u011bn\u00fd den\u00edkem Axel Springer, ozna\u010dil za\u00a0<\/span><em><span dir=\"auto\">\u201e\u00a0<\/span><a href=\"https:\/\/www.rt.com\/news\/629788-belgium-de-wever-politico-tirade\/\" target=\"_blank\" rel=\"noopener noreferrer\"><span dir=\"auto\">nejcenn\u011bj\u0161\u00ed aktivum Ruska<\/span><\/a><span dir=\"auto\">\u00a0\u201c,<\/span><\/em><span dir=\"auto\">\u00a0belgick\u00fd premi\u00e9r argumentoval, \u017ee\u00a0<\/span><em><span dir=\"auto\">\u201eskute\u010dn\u00fd politik\u201c<\/span><\/em><span dir=\"auto\">\u00a0by se nem\u011bl \u0159\u00eddit emocemi.\u00a0<\/span><\/p>\n<p><span dir=\"auto\">Belgie \u010del\u00ed nejv\u011bt\u0161\u00edm pr\u00e1vn\u00edm a finan\u010dn\u00edm rizik\u016fm, proto\u017ee v\u011bt\u0161ina rusk\u00fdch pen\u011bz \u2013 185 miliard eur (216 miliard dolar\u016f) \u2013 je dr\u017eena v belgick\u00e9 clearingov\u00e9 spole\u010dnosti Euroclear.<\/span><\/p>\n<p><img decoding=\"async\" loading=\"lazy\" class=\"alignnone size-full wp-image-1185\" src=\"http:\/\/www.infokuryr.cz\/n\/wp-content\/uploads\/2021\/04\/kuryr-podpis.png\" alt=\"\" width=\"84\" height=\"24\" \/><\/p>\n<p>&nbsp;<\/p>\n","protected":false},"excerpt":{"rendered":"<p>Bart De Wever varuje, \u017ee blok skon\u010d\u00ed se \u201e\u0161patnou dohodou\u201c, pokud bude vylou\u010den z m\u00edrov\u00fdch&#8230;<\/p>\n","protected":false},"author":2,"featured_media":101962,"comment_status":"closed","ping_status":"closed","sticky":false,"template":"","format":"standard","meta":[],"categories":[7],"tags":[261,621,22,538],"_links":{"self":[{"href":"https:\/\/www.infokuryr.cz\/n\/wp-json\/wp\/v2\/posts\/101961"}],"collection":[{"href":"https:\/\/www.infokuryr.cz\/n\/wp-json\/wp\/v2\/posts"}],"about":[{"href":"https:\/\/www.infokuryr.cz\/n\/wp-json\/wp\/v2\/types\/post"}],"author":[{"embeddable":true,"href":"https:\/\/www.infokuryr.cz\/n\/wp-json\/wp\/v2\/users\/2"}],"replies":[{"embeddable":true,"href":"https:\/\/www.infokuryr.cz\/n\/wp-json\/wp\/v2\/comments?post=101961"}],"version-history":[{"count":0,"href":"https:\/\/www.infokuryr.cz\/n\/wp-json\/wp\/v2\/posts\/101961\/revisions"}],"wp:featuredmedia":[{"embeddable":true,"href":"https:\/\/www.infokuryr.cz\/n\/wp-json\/wp\/v2\/media\/101962"}],"wp:attachment":[{"href":"https:\/\/www.infokuryr.cz\/n\/wp-json\/wp\/v2\/media?parent=101961"}],"wp:term":[{"taxonomy":"category","embeddable":true,"href":"https:\/\/www.infokuryr.cz\/n\/wp-json\/wp\/v2\/categories?post=101961"},{"taxonomy":"post_tag","embeddable":true,"href":"https:\/\/www.infokuryr.cz\/n\/wp-json\/wp\/v2\/tags?post=101961"}],"curies":[{"name":"wp","href":"https:\/\/api.w.org\/{rel}","templated":true}]}}