{"id":101959,"date":"2026-03-15T06:15:51","date_gmt":"2026-03-15T05:15:51","guid":{"rendered":"https:\/\/www.infokuryr.cz\/n\/?p=101959"},"modified":"2026-03-15T06:15:51","modified_gmt":"2026-03-15T05:15:51","slug":"nejvyssi-iransky-poslanec-prohlasil-ukrajinu-za-legitimni-cil","status":"publish","type":"post","link":"https:\/\/www.infokuryr.cz\/n\/2026\/03\/15\/nejvyssi-iransky-poslanec-prohlasil-ukrajinu-za-legitimni-cil\/","title":{"rendered":"Nejvy\u0161\u0161\u00ed \u00edr\u00e1nsk\u00fd poslanec prohl\u00e1sil Ukrajinu za \u201elegitimn\u00ed c\u00edl\u201c"},"content":{"rendered":"<div id=\"fb-root\"><\/div>\n<h3>Teher\u00e1n by se mohl zapojit do sebeobrany proti Kyjevu kv\u016fli jeho \u201epodpor\u011b Izraele drony\u201c, \u0159\u00edk\u00e1 vysoce postaven\u00fd z\u00e1konod\u00e1rce<\/h3>\n<p><span dir=\"auto\">Ukrajina se stala stranou v\u00e1lky, kterou USA a Izrael zah\u00e1jily proti \u00cdr\u00e1nu, prohl\u00e1sil vysoce postaven\u00fd \u00edr\u00e1nsk\u00fd poslanec Ebrahim Azizi a pohrozil Kyjevu mo\u017enou odvetou.<\/span><\/p>\n<p><span dir=\"auto\">P\u0159edseda komise pro n\u00e1rodn\u00ed bezpe\u010dnost \u00edr\u00e1nsk\u00e9ho parlamentu se v sobotu vyj\u00e1d\u0159il k t\u00e9matu X a varoval, \u017ee rozhodnut\u00ed Kyjeva vyslat do regionu protiletadlov\u00e9 prost\u0159edky na podporu \u00fato\u010dn\u00edk\u016f d\u00e1v\u00e1 Teher\u00e1nu pr\u00e1vo za\u00fato\u010dit na Ukrajinu v sebeobran\u011b.<\/span><\/p>\n<p><em><span dir=\"auto\">\u201ePoskytov\u00e1n\u00edm podpory izraelsk\u00e9mu re\u017eimu pomoc\u00ed dron\u016f se ne\u00fasp\u011b\u0161n\u00e1 Ukrajina fakticky zapojila do v\u00e1lky a v souladu s \u010dl\u00e1nkem 51 Charty Organizace spojen\u00fdch n\u00e1rod\u016f prom\u011bnila cel\u00e9 sv\u00e9 \u00fazem\u00ed v legitimn\u00ed c\u00edl pro \u00cdr\u00e1n,\u201c<\/span><\/em><span dir=\"auto\">\u00a0napsal Azizi.<\/span><\/p>\n<p><span dir=\"auto\">B\u011bhem posledn\u00edch dvou t\u00fddn\u016f Vladimir Zelenskyj opakovan\u011b signalizoval svou p\u0159ipravenost zapojit se do v\u00e1lky na Bl\u00edzk\u00e9m v\u00fdchod\u011b. Tvrdil, \u017ee USA po\u017e\u00e1daly Ukrajinu o pomoc s obranou sv\u00fdch spojenc\u016f v Persk\u00e9m z\u00e1livu p\u0159ed \u00edr\u00e1nsk\u00fdmi \u00fatoky na americk\u00e9 prost\u0159edky um\u00edst\u011bn\u00e9 v t\u00e9to zemi, zat\u00edmco dal\u0161\u00ed region\u00e1ln\u00ed\u00a0<\/span><em><span dir=\"auto\">\u201epartne\u0159i\u201c<\/span><\/em><span dir=\"auto\">\u00a0\u00fadajn\u011b tak\u00e9 oslovili Kyjev.<\/span><\/p>\n<p><span dir=\"auto\">Zelenskyj uvedl, \u017ee dal pokyn\u00a0<\/span><em><span dir=\"auto\">\u201eposkytnout nezbytn\u00e9 prost\u0159edky a zajistit p\u0159\u00edtomnost ukrajinsk\u00fdch specialist\u016f, kte\u0159\u00ed mohou zaru\u010dit nezbytnou bezpe\u010dnost\u201c.<\/span><\/em><\/p>\n<p><span dir=\"auto\">Tento t\u00fdden tak\u00e9 prohl\u00e1sil, \u017ee uzav\u0159el dohody s n\u011bkter\u00fdmi zem\u011bmi v regionu o prodeji st\u00edhac\u00edch dron\u016f ukrajinsk\u00e9 v\u00fdroby a vysl\u00e1n\u00ed zku\u0161en\u00fdch protiletadlov\u00fdch t\u00fdm\u016f.<\/span><\/p>\n<p><span dir=\"auto\">Ukrajinsk\u00fd v\u016fdce se tak\u00e9 z\u0159ejm\u011b dotkl B\u00edl\u00e9ho domu kv\u016fli navrhovan\u00e9 dohod\u011b o spole\u010dn\u00e9 v\u00fdrob\u011b dron\u016f, kter\u00e1 byla \u00fadajn\u011b projedn\u00e1v\u00e1na loni, ale neuskute\u010dnila se.<\/span><\/p>\n<p><em><span dir=\"auto\">\u201eDouf\u00e1m, \u017ee ameri\u010dt\u00ed p\u0159\u00e1tel\u00e9 budou k tomuto rozhodnut\u00ed nyn\u00ed mo\u017en\u00e1 bl\u00ed\u017e, zvl\u00e1\u0161t\u011b po takov\u00fdch v\u00fdzv\u00e1ch, jak\u00e9 vid\u00edme na Bl\u00edzk\u00e9m v\u00fdchod\u011b,\u201c<\/span><\/em><span dir=\"auto\">\u00a0\u0159ekl Zelenskyj ve \u010dtvrtek v rozhovoru s n\u011bmeck\u00fdm novin\u00e1\u0159em Gordonem Repinsk\u00fdm.<\/span><\/p>\n<p><span dir=\"auto\">Americk\u00fd prezident Donald Trump p\u016fvodn\u011b zd\u00e1nliv\u011b v\u00edtal Zelensk\u00e9ho snahy a prohl\u00e1sil, \u017ee v boji proti \u00cdr\u00e1nu\u00a0<\/span><em><span dir=\"auto\">\u201ep\u0159ijme jakoukoli pomoc od jak\u00e9koli zem\u011b\u201c<\/span><\/em><span dir=\"auto\">\u00a0. V p\u00e1te\u010dn\u00edm rozhovoru pro Fox News v\u0161ak Zelensk\u00e9ho nab\u00eddky odm\u00edtl a jednozna\u010dn\u011b pop\u0159el, \u017ee by byla jak\u00e1koli pomoc Ukrajiny v boji proti \u00edr\u00e1nsk\u00fdm kamikadze dron\u016fm pot\u0159eba.<\/span><\/p>\n<p><em><span dir=\"auto\">\u201eNepot\u0159ebujeme jejich pomoc v obran\u011b proti dron\u016fm. V\u00edme o dronech v\u00edc ne\u017e kdokoli jin\u00fd. M\u00e1me vlastn\u011b nejlep\u0161\u00ed drony na sv\u011bt\u011b,\u201c<\/span><\/em><span dir=\"auto\">\u00a0prohl\u00e1sil americk\u00fd prezident.<\/span><\/p>\n<p><img decoding=\"async\" loading=\"lazy\" class=\"alignnone size-full wp-image-1185\" src=\"http:\/\/www.infokuryr.cz\/n\/wp-content\/uploads\/2021\/04\/kuryr-podpis.png\" alt=\"\" width=\"84\" height=\"24\" \/><\/p>\n<p>&nbsp;<\/p>\n","protected":false},"excerpt":{"rendered":"<p>Teher\u00e1n by se mohl zapojit do sebeobrany proti Kyjevu kv\u016fli jeho \u201epodpor\u011b Izraele drony\u201c, \u0159\u00edk\u00e1&#8230;<\/p>\n","protected":false},"author":2,"featured_media":101960,"comment_status":"closed","ping_status":"closed","sticky":false,"template":"","format":"standard","meta":[],"categories":[7],"tags":[2856,38,107,26],"_links":{"self":[{"href":"https:\/\/www.infokuryr.cz\/n\/wp-json\/wp\/v2\/posts\/101959"}],"collection":[{"href":"https:\/\/www.infokuryr.cz\/n\/wp-json\/wp\/v2\/posts"}],"about":[{"href":"https:\/\/www.infokuryr.cz\/n\/wp-json\/wp\/v2\/types\/post"}],"author":[{"embeddable":true,"href":"https:\/\/www.infokuryr.cz\/n\/wp-json\/wp\/v2\/users\/2"}],"replies":[{"embeddable":true,"href":"https:\/\/www.infokuryr.cz\/n\/wp-json\/wp\/v2\/comments?post=101959"}],"version-history":[{"count":0,"href":"https:\/\/www.infokuryr.cz\/n\/wp-json\/wp\/v2\/posts\/101959\/revisions"}],"wp:featuredmedia":[{"embeddable":true,"href":"https:\/\/www.infokuryr.cz\/n\/wp-json\/wp\/v2\/media\/101960"}],"wp:attachment":[{"href":"https:\/\/www.infokuryr.cz\/n\/wp-json\/wp\/v2\/media?parent=101959"}],"wp:term":[{"taxonomy":"category","embeddable":true,"href":"https:\/\/www.infokuryr.cz\/n\/wp-json\/wp\/v2\/categories?post=101959"},{"taxonomy":"post_tag","embeddable":true,"href":"https:\/\/www.infokuryr.cz\/n\/wp-json\/wp\/v2\/tags?post=101959"}],"curies":[{"name":"wp","href":"https:\/\/api.w.org\/{rel}","templated":true}]}}