{"id":101956,"date":"2026-03-15T06:13:54","date_gmt":"2026-03-15T05:13:54","guid":{"rendered":"https:\/\/www.infokuryr.cz\/n\/?p=101956"},"modified":"2026-03-15T06:13:54","modified_gmt":"2026-03-15T05:13:54","slug":"petr-pokorny-cesi-vypadnete-z-ceskych-skol-zabirate-misto-ukrajincum","status":"publish","type":"post","link":"https:\/\/www.infokuryr.cz\/n\/2026\/03\/15\/petr-pokorny-cesi-vypadnete-z-ceskych-skol-zabirate-misto-ukrajincum\/","title":{"rendered":"Petr Pokorn\u00fd: \u010ce\u0161i, vypadn\u011bte z \u010desk\u00fdch \u0161kol, zab\u00edr\u00e1te m\u00edsto Ukrajinc\u016fm!"},"content":{"rendered":"<div id=\"fb-root\"><\/div>\n<div class=\"introtext\">\n<h4>Kdo to \u0159ekl? Jedna z nejv\u011bt\u0161\u00edch extremistek liptard\u016f Uhlov\u00e1 \u0160abatov\u00e1 z party doji\u010dky dotac\u00ed \u0160ebelov\u00e9, Rychterov\u00e9, Sv\u00e1rovsk\u00e9, H\u0159iba a STAN Dozimetr\u016f!<\/h4>\n<\/div>\n<div class=\"fulltext\">\n<p>A hned, kdy\u017e se to profl\u00e1klo u Jind\u0159icha Rajchla, za\u010dala kv\u00edlet, \u017ee se to &#8222;vytrhlo z kontextu&#8220;. M\u00e1 ale sm\u016flu, Pir\u00e1ti a Zelen\u00ed toto opakuj\u00ed st\u00e1le, \u017ee \u010ce\u0161i jsou v \u010cesk\u00e9 republice nadbyte\u010dn\u00ed a nad nimi stoj\u00ed plukovn\u00edk Folt\u00fdn s\u00e1m sebe naz\u00fdvaj\u00edc\u00ed svin\u011b, BIS Koudela a Petr Pavel jako nejvy\u0161\u0161\u00ed, kter\u00fd s\u00e1m za sebe demonstruje!<\/p>\n<div style=\"width: 352px;\" class=\"wp-video\"><!--[if lt IE 9]><script>document.createElement('video');<\/script><![endif]-->\n<video class=\"wp-video-shortcode\" id=\"video-101956-1\" width=\"352\" height=\"240\" preload=\"metadata\" controls=\"controls\"><source type=\"video\/mp4\" src=\"http:\/\/www.infokuryr.cz\/n\/wp-content\/uploads\/2026\/03\/str_Drzost_Uhlove-Sabatove.mp4?_=1\" \/><a href=\"http:\/\/www.infokuryr.cz\/n\/wp-content\/uploads\/2026\/03\/str_Drzost_Uhlove-Sabatove.mp4\">http:\/\/www.infokuryr.cz\/n\/wp-content\/uploads\/2026\/03\/str_Drzost_Uhlove-Sabatove.mp4<\/a><\/video><\/div>\n<h3><strong>D\u011bsiv\u00e9 je, \u017ee u\u017e to ani nejsou provokace: ony si to skute\u010dn\u011b mysl\u00ed!<\/strong><\/h3>\n<p>Nejd\u0159\u00edve m\u00e1me p\u0159ijmout Ukrajince bez test\u016f a bez zkou\u0161ek, proto\u017ee jsou diskriminuj\u00edc\u00ed, a pak teprve, co zbyde, p\u0159epustit n\u011bkolika \u010d\u00e9\u0161k\u00e1m, proto\u017ee i chlapci n\u011bkde zab\u00edraj\u00ed m\u00edsta, kde by mohly b\u00fdt d\u00edvky.<\/p>\n<p><img decoding=\"async\" loading=\"lazy\" class=\"aligncenter\" src=\"https:\/\/www.skrytapravda.cz\/images\/blogy\/805\/2026\/3b%C5%99ezen\/Sa%C5%A1a_Uhlov%C3%A1_a7276.webp\" alt=\"Sa\u0161a Uhlov\u00e1 a7276\" width=\"867\" height=\"430\" \/><\/p>\n<p>Ta ubohost dle Sa\u0161i Uhlov\u00e9 \u0160abatov\u00e9. dceru\u0161ky velmi zn\u00e1m\u00e9 prapodivn\u00e9 \u0160abatov\u00e9 pr\u00fd spo\u010d\u00edv\u00e1 v tom, \u017ee je vzd\u011bl\u00e1n\u00ed Z\u00c1SLUHOV\u00c9, tak\u017ee diskrimina\u010dn\u011b se na \u0161koly dost\u00e1vaj\u00ed ty d\u011bti, kter\u00e9 jsou nejlep\u0161\u00ed a nikoliv jen Ukrajinci a d\u00edvky. A to Sa\u0161enku Uhlovou stra\u0161n\u011b \u0161tve.<strong>\u00a0Pr\u00fd maj\u00ed pr\u00e1vo b\u00fdt na st\u0159edn\u00edch \u0161kol\u00e1ch a vystudovat i d\u00edvky, co neum\u00ed ani \u010d\u00edst a ps\u00e1t, kter\u00e9 neum\u00ed ani \u010desky, aby mohly d\u011blat vysok\u00e9, a vysoce placen\u00e9 funkce.<\/strong><\/p>\n<h4><strong>Nez\u00e1le\u017e\u00ed, zda je \u0159editel \u010di premi\u00e9r moudr\u00fd a chytr\u00fd, ale mus\u00ed to b\u00fdt \u017eena, \u010di Ukrajinec a pak jsme spole\u010dnost dokonal\u00e1! Inteligentn\u00ed a vzd\u011blan\u00fd nad\u0159\u00edzen\u00fd, nav\u00edc mu\u017e, je zlo! A v tom j\u00ed sekunduje Jind\u0159ich \u0160\u00eddlo ze Seznamu&#8230;<\/strong><\/h4>\n<p><a href=\"https:\/\/www.skrytapravda.cz\/z-domova\/3047-cesi-vypadnete-z-ceskych-skol-zabirate-misto-ukrajincum\">Petr Pokorn\u00fd<\/a><\/p>\n<p>&nbsp;<\/p>\n<\/div>\n","protected":false},"excerpt":{"rendered":"<p>Kdo to \u0159ekl? Jedna z nejv\u011bt\u0161\u00edch extremistek liptard\u016f Uhlov\u00e1 \u0160abatov\u00e1 z party doji\u010dky dotac\u00ed \u0160ebelov\u00e9,&#8230;<\/p>\n","protected":false},"author":2,"featured_media":101958,"comment_status":"closed","ping_status":"closed","sticky":false,"template":"","format":"standard","meta":[],"categories":[6],"tags":[670,1503,1392,1635],"_links":{"self":[{"href":"https:\/\/www.infokuryr.cz\/n\/wp-json\/wp\/v2\/posts\/101956"}],"collection":[{"href":"https:\/\/www.infokuryr.cz\/n\/wp-json\/wp\/v2\/posts"}],"about":[{"href":"https:\/\/www.infokuryr.cz\/n\/wp-json\/wp\/v2\/types\/post"}],"author":[{"embeddable":true,"href":"https:\/\/www.infokuryr.cz\/n\/wp-json\/wp\/v2\/users\/2"}],"replies":[{"embeddable":true,"href":"https:\/\/www.infokuryr.cz\/n\/wp-json\/wp\/v2\/comments?post=101956"}],"version-history":[{"count":0,"href":"https:\/\/www.infokuryr.cz\/n\/wp-json\/wp\/v2\/posts\/101956\/revisions"}],"wp:featuredmedia":[{"embeddable":true,"href":"https:\/\/www.infokuryr.cz\/n\/wp-json\/wp\/v2\/media\/101958"}],"wp:attachment":[{"href":"https:\/\/www.infokuryr.cz\/n\/wp-json\/wp\/v2\/media?parent=101956"}],"wp:term":[{"taxonomy":"category","embeddable":true,"href":"https:\/\/www.infokuryr.cz\/n\/wp-json\/wp\/v2\/categories?post=101956"},{"taxonomy":"post_tag","embeddable":true,"href":"https:\/\/www.infokuryr.cz\/n\/wp-json\/wp\/v2\/tags?post=101956"}],"curies":[{"name":"wp","href":"https:\/\/api.w.org\/{rel}","templated":true}]}}