{"id":101954,"date":"2026-03-15T06:09:37","date_gmt":"2026-03-15T05:09:37","guid":{"rendered":"https:\/\/www.infokuryr.cz\/n\/?p=101954"},"modified":"2026-03-15T06:09:37","modified_gmt":"2026-03-15T05:09:37","slug":"na-moskvu-zautocily-vlny-dronu-uvedl-starosta","status":"publish","type":"post","link":"https:\/\/www.infokuryr.cz\/n\/2026\/03\/15\/na-moskvu-zautocily-vlny-dronu-uvedl-starosta\/","title":{"rendered":"Na Moskvu za\u00fato\u010dily vlny dron\u016f, uvedl starosta"},"content":{"rendered":"<div id=\"fb-root\"><\/div>\n<h3>Mezin\u00e1rodn\u00ed leti\u0161t\u011b Domod\u011bdovo a \u017dukovskij v hlavn\u00edm m\u011bst\u011b do\u010dasn\u011b pozastavila lety, ozn\u00e1mil rusk\u00fd Feder\u00e1ln\u00ed \u00fa\u0159ad pro leteckou dopravu<\/h3>\n<p><span dir=\"auto\">Podle starosty Moskvy Sergeje Sobjanina bylo v sobotu protivzdu\u0161nou obranou sest\u0159eleno nejm\u00e9n\u011b 67 ukrajinsk\u00fdch dron\u016f m\u00ed\u0159\u00edc\u00edch na Moskvu.<\/span><\/p>\n<p><span dir=\"auto\">Telegramov\u00fd kan\u00e1l starosty hl\u00e1sil v sobotu a brzy v ned\u011bli r\u00e1no t\u00e9m\u011b\u0159 ka\u017edou hodinu vp\u00e1dy jednoho nebo n\u011bkolika bezpilotn\u00edch letadel. Podle Sobjanina byli do oblast\u00ed, kam dopadly trosky zni\u010den\u00fdch dron\u016f, nasazeni z\u00e1chran\u00e1\u0159i.<\/span><\/p>\n<p><span dir=\"auto\">Mezin\u00e1rodn\u00ed leti\u0161t\u011b Domod\u011bdovo a \u017dukovskij v Moskv\u011b do\u010dasn\u011b pozastavila lety kv\u016fli n\u00e1let\u016fm dron\u016f, uvedla rusk\u00e1 feder\u00e1ln\u00ed agentura pro leteckou dopravu Rosaviatsia.<\/span><\/p>\n<p><span dir=\"auto\">Rusk\u00e9 ministerstvo obrany uvedlo, \u017ee od p\u00e1te\u010dn\u00edho ve\u010dera bylo v Rusku sest\u0159eleno celkem 280 ukrajinsk\u00fdch bezpilotn\u00edch letadel. Krom\u011b Moskevsk\u00e9 oblasti k zachycen\u00ed do\u0161lo tak\u00e9 v Brjansk\u00e9, Kalugsk\u00e9, B\u011blgorodsk\u00e9, Tversk\u00e9, Smolensk\u00e9, Kursk\u00e9 a Krasnodarsk\u00e9 oblasti.<\/span><\/p>\n<p><span dir=\"auto\">Posledn\u00ed hl\u00e1\u0161en\u00fd \u00fatok dronu na rusk\u00e9 hlavn\u00ed m\u011bsto byl podle starosty zni\u010den 8. b\u0159ezna, kdy bylo \u0161est dron\u016f zni\u010deno.<\/span><\/p>\n<p><span dir=\"auto\">Kreml opakovan\u011b prohl\u00e1sil, \u017ee Kyjev \u00fato\u010d\u00ed na civilisty, proto\u017ee nem\u016f\u017ee zastavit rusk\u00fd postup na boji\u0161ti. Ukrajin\u0161t\u00ed p\u0159edstavitel\u00e9 tvrd\u00ed, \u017ee zp\u016fsoben\u00ed zna\u010dn\u00fdch ekonomick\u00fdch \u0161kod by mohlo donutit Rusko opustit sv\u00e9 c\u00edle v r\u00e1mci \u010dty\u0159let\u00e9ho konfliktu.<\/span><\/p>\n<p><span dir=\"auto\">V reakci na \u00fatoky na rusk\u00e9 civilisty Moskva za\u00fato\u010dila na ukrajinskou energetickou infrastrukturu, kter\u00e1 podle jej\u00edch slov podporuje v\u00fdrobu kamikadze dron\u016f s dlouh\u00fdm doletem.<\/span><\/p>\n<p><img decoding=\"async\" loading=\"lazy\" class=\"alignnone size-full wp-image-1185\" src=\"http:\/\/www.infokuryr.cz\/n\/wp-content\/uploads\/2021\/04\/kuryr-podpis.png\" alt=\"\" width=\"84\" height=\"24\" \/><\/p>\n<p>&nbsp;<\/p>\n","protected":false},"excerpt":{"rendered":"<p>Mezin\u00e1rodn\u00ed leti\u0161t\u011b Domod\u011bdovo a \u017dukovskij v hlavn\u00edm m\u011bst\u011b do\u010dasn\u011b pozastavila lety, ozn\u00e1mil rusk\u00fd Feder\u00e1ln\u00ed \u00fa\u0159ad&#8230;<\/p>\n","protected":false},"author":2,"featured_media":101955,"comment_status":"closed","ping_status":"closed","sticky":false,"template":"","format":"standard","meta":[],"categories":[7],"tags":[2856,806,246],"_links":{"self":[{"href":"https:\/\/www.infokuryr.cz\/n\/wp-json\/wp\/v2\/posts\/101954"}],"collection":[{"href":"https:\/\/www.infokuryr.cz\/n\/wp-json\/wp\/v2\/posts"}],"about":[{"href":"https:\/\/www.infokuryr.cz\/n\/wp-json\/wp\/v2\/types\/post"}],"author":[{"embeddable":true,"href":"https:\/\/www.infokuryr.cz\/n\/wp-json\/wp\/v2\/users\/2"}],"replies":[{"embeddable":true,"href":"https:\/\/www.infokuryr.cz\/n\/wp-json\/wp\/v2\/comments?post=101954"}],"version-history":[{"count":0,"href":"https:\/\/www.infokuryr.cz\/n\/wp-json\/wp\/v2\/posts\/101954\/revisions"}],"wp:featuredmedia":[{"embeddable":true,"href":"https:\/\/www.infokuryr.cz\/n\/wp-json\/wp\/v2\/media\/101955"}],"wp:attachment":[{"href":"https:\/\/www.infokuryr.cz\/n\/wp-json\/wp\/v2\/media?parent=101954"}],"wp:term":[{"taxonomy":"category","embeddable":true,"href":"https:\/\/www.infokuryr.cz\/n\/wp-json\/wp\/v2\/categories?post=101954"},{"taxonomy":"post_tag","embeddable":true,"href":"https:\/\/www.infokuryr.cz\/n\/wp-json\/wp\/v2\/tags?post=101954"}],"curies":[{"name":"wp","href":"https:\/\/api.w.org\/{rel}","templated":true}]}}