{"id":101944,"date":"2026-03-15T06:37:08","date_gmt":"2026-03-15T05:37:08","guid":{"rendered":"https:\/\/www.infokuryr.cz\/n\/?p=101944"},"modified":"2026-03-15T06:46:52","modified_gmt":"2026-03-15T05:46:52","slug":"15-brezen-1939-den-na-ktery-nesmime-zapomenout","status":"publish","type":"post","link":"https:\/\/www.infokuryr.cz\/n\/2026\/03\/15\/15-brezen-1939-den-na-ktery-nesmime-zapomenout\/","title":{"rendered":"15. b\u0159ezen 1939 \u2013 den, na kter\u00fd nesm\u00edme zapomenout"},"content":{"rendered":"<div id=\"fb-root\"><\/div>\n<p><strong>Kdy\u017e 15. b\u0159ezna 1939 v \u0161est hodin r\u00e1no p\u0159ekro\u010dilo 350 000 n\u011bmeck\u00fdch voj\u00e1k\u016f hranice \u010ceskoslovenska, sn\u011b\u017eilo. Operaci s kryc\u00edm n\u00e1zvem \u201eB\u0159eznov\u00fd v\u00edtr\u201c nebo tak\u00e9 \u201eUnternehmen S\u00fcdost\u201c velel gener\u00e1l Walter von Brauchitsch. N\u011bmecko se zmocnilo zbytk\u016f \u010ceskoslovenska a u\u010dinilo z n\u011bj sv\u016fj protektor\u00e1t.<\/strong><\/p>\n<p>Dv\u011b hodiny po p\u0159ekro\u010den\u00ed hranic, kter\u00e9 se tehdy nach\u00e1zely ji\u017e v oblasti M\u011bln\u00edka, vstoupil wehrmacht do Prahy. Spolu s arm\u00e1dou dorazilo i gestapo a SS. Po sedm\u00e9 hodin\u011b ve\u010der vjel do obsazen\u00e9ho Pra\u017esk\u00e9ho hradu s\u00e1m Adolf Hitler. O den pozd\u011bji vydal v\u00fdnos o z\u0159\u00edzen\u00ed\u00a0<strong>Protektor\u00e1tu \u010cechy a Morava<\/strong>.<\/p>\n<p>Den p\u0159edt\u00edm, 14. b\u0159ezna 1939, odsouhlasil Slovensk\u00fd sn\u011bm vznik samostatn\u00e9ho Slovensk\u00e9ho \u0161t\u00e1tu.<\/p>\n<p>Hned po p\u0159\u00edjezdu gestapa do Prahy 15. b\u0159ezna byla zah\u00e1jena \u00a0akce rozs\u00e1hl\u00e9ho zat\u00fdk\u00e1n\u00ed komunist\u016f a antifa\u0161ist\u016f, tzv.\u00a0<strong>akce Gitter (M\u0159\u00ed\u017ee)<\/strong>\u00a0a b\u011bhem dvou dn\u016f bylo zat\u010deno kolem 6 000 lid\u00ed. Jednalo se o vylo\u017een\u011b protikomunistickou akci roz\u0161\u00ed\u0159enou i na n\u011bmeck\u00e9 emigranty.<\/p>\n<p>Nacistick\u00e1 genocida je v\u011bt\u0161inou ch\u00e1p\u00e1na jako genocida \u017eid\u016f. M\u00e9n\u011b se v t\u00e9to souvislosti mluv\u00ed o genocid\u011b \u010deskoslovensk\u00fdch ob\u010dan\u016f obecn\u011b.<br \/>\nKr\u00e1tce po okupaci a vytvo\u0159en\u00ed protektor\u00e1tu byly aktivizov\u00e1ny v\u0161echny projekty na p\u0159\u00edpravu \u201d<strong>kone\u010dn\u00e9ho \u0159e\u0161en\u00ed \u010desk\u00e9 ot\u00e1zky<\/strong>\u00a0\u201d (Endl\u00f6sung der tschechischen Frage), kter\u00fd korespondoval s celkov\u00fdm pl\u00e1nem na\u00a0<strong>likvidaci a vys\u00eddlen\u00ed Slovan\u016f<\/strong>, s pl\u00e1nem\u00a0<strong><a href=\"https:\/\/cs.wikipedia.org\/wiki\/Generalplan_Ost\" target=\"_blank\" rel=\"noreferrer noopener\">Generalplan Ost<\/a><\/strong>.<br \/>\nNa tomto pl\u00e1nu se ale za\u010dalo pracovat mnohem d\u0159\u00edve, z\u00e1hy po 1.sv\u011btov\u00e9 v\u00e1lce.<br \/>\nJi\u017e v roce<strong>\u00a01932<\/strong>\u00a0dal Hitler ve sv\u00e9m projevu v Mnichov\u011b z\u0159eteln\u011b najevo, jak\u00e9 m\u00e1 s n\u00e1mi \u00famysly:<\/p>\n<p><strong>\u201e\u2026\u00a0<em>\u010ceskou p\u00e1nev a Moravu a v\u00fdchodn\u00ed regiony na hranici N\u011bmecka os\u00eddl\u00edme n\u011bmeck\u00fdmi sedl\u00e1ky. \u010cechy vys\u00eddl\u00edme na Sibi\u0159 nebo do oblasti Volyn\u011b. P\u0159id\u011bl\u00edme jim rezervace s nov\u00fdmi federativn\u00edmi st\u00e1ty. \u010ce\u0161i mus\u00ed opustit st\u0159edn\u00ed Evropu. Dokud tady budou, budou tvo\u0159it\u00a0<\/em>husitskobol\u0161evick\u00fd<em>\u00a0agita\u010dn\u00ed blok\u201c (kniha Hermanna Rauschninga: Rozmluvy s Hitlerem).<\/em><\/strong><\/p>\n<p><strong>7. \u0159\u00edjna 1939<\/strong>\u00a0vydal Adolf Hitler v\u00fdnos, podle kter\u00e9ho m\u011bl Heinrich Himmler \u201evytv\u00e1\u0159et nov\u00e9 n\u011bmeck\u00e9 os\u00eddlovac\u00ed oblasti pomoci p\u0159es\u00eddlov\u00e1n\u00ed, zejm\u00e9na usazov\u00e1n\u00edm \u0159\u00ed\u0161sk\u00fdch N\u011bmc\u016f a ob\u010dan\u016f n\u011bmeck\u00e9 n\u00e1rodnosti. V\u00a0<strong>prosinci 1939<\/strong>\u00a0byly zpracov\u00e1ny prvn\u00ed n\u00e1vrhy na n\u011bmeckou kolonizaci v \u010cech\u00e1ch a na Morav\u011b, p\u0159i\u010dem\u017e doch\u00e1zelo k jejich postupn\u00e9mu zp\u0159es\u0148ov\u00e1n\u00ed.<\/p>\n<p>Na tyto pl\u00e1ny navazoval dal\u0161\u00ed, kter\u00fd vznikl v l\u00e9t\u011b 1940 ve \u0161t\u00e1bu v\u016fdce K. Henleina. Podle n\u011bj m\u011bla b\u00fdt rozbita \u00fazemn\u00ed jednota protektor\u00e1tu a jeho jednotliv\u00e9 \u010d\u00e1sti m\u011bly b\u00fdt za\u010dlen\u011bny do soused\u00edc\u00edch n\u011bmeck\u00fdch \u017eup. Z\u00e1kladn\u00ed program germanizace \u010desk\u00fdch zem\u00ed p\u0159edstavovalo memorandum K. H. Franka z\u00a0<strong>28. srpna 1940<\/strong>\u00a0schv\u00e1len\u00e9 Himmlerem a Heydrichem. Frank v n\u011bm zd\u016fraz\u0148oval:<\/p>\n<p><strong>\u201e<em>C\u00edlem \u0159\u00ed\u0161sk\u00e9 politiky v \u010cech\u00e1ch a na Morav\u011b mus\u00ed b\u00fdt \u00fapln\u00e1 germanizace prostoru a lid\u00ed<\/em>.\u201c<\/strong><\/p>\n<p>Po sv\u00e9m n\u00e1stupu do funkce \u0159\u00ed\u0161sk\u00e9ho protektora 2. \u0159\u00edjna 1941 p\u0159ednesl Reinhard Heydrich v \u010cern\u00ednsk\u00e9m pal\u00e1ci projev, kter\u00fd nenechal nikoho na pochyb\u00e1ch, jak\u00e9 z\u00e1m\u011bry maj\u00ed nacist\u00e9 s \u010desk\u00fdm obyvatelstvem:<\/p>\n<p><strong>\u201e<em>\u2026<\/em><em>Tento prostor se jednou mus\u00ed st\u00e1t n\u011bmeck\u00fdm a \u010cech tady nem\u00e1 u\u017e koneckonc\u016f co pohled\u00e1vat.<\/em><em>\u00a0<\/em><em>Tento prostor mus\u00ed b\u00fdt jednou definitivn\u011b os\u00eddlen N\u011bmci. Tento prostor je srdcem \u0159\u00ed\u0161e\u2026.\u201c<\/em><\/strong><\/p>\n<p>V r. 1941 za\u010dalo n\u00e1siln\u00e9 vys\u00eddlen\u00ed v oblasti Vy\u0161kovska, Boskovicka a Blanenska. Bylo p\u0159i n\u011bm vyst\u011bhov\u00e1no 33 obc\u00ed a sv\u00e9 domovy nuceno opustit p\u0159es 18 tis\u00edc obyvatel. Od roku 1942 prob\u00edhala nejv\u011bt\u0161\u00ed vys\u00eddlovac\u00ed akce na \u00fazem\u00ed \u010cech, p\u0159i kter\u00e9 bylo v n\u011bkolika etap\u00e1ch vys\u00eddleno na 65 obc\u00ed s v\u00edce jak 30 000 obyvateli z oblasti Bene\u0161ovska, Neveklovska a Sedl\u010danska.<\/p>\n<p>640 000 mlad\u00fdch mu\u017e\u016f a \u017een bylo posl\u00e1no na pr\u00e1ci do \u0158\u00ed\u0161e.<br \/>\n<strong>365 000 ob\u010dan\u016f \u010ceskoslovenska\u00a0<\/strong>se stalo ob\u011bt\u00ed nacistick\u00e9 genocidy. Neb\u00fdt Rud\u00e9 arm\u00e1dy a Sov\u011btsk\u00e9ho Svazu, tak by se pl\u00e1n \u201ekone\u010dn\u00e9ho \u0159e\u0161en\u00ed\u201c realizoval \u00fapln\u011b. Na na\u0161em \u00fazem\u00ed polo\u017eilo sv\u016fj \u017eivot 140 000 rudoarm\u011bjc\u016f.<\/p>\n<p><iframe loading=\"lazy\" title=\"Filmov\u00fd zpravodaj 11\/89 - Kulturn\u011b politick\u00fd magaz\u00edn \u2013 15. b\u0159ezen 1939\" width=\"640\" height=\"480\" src=\"https:\/\/www.youtube.com\/embed\/NnUM9ZD3UCE?feature=oembed\" frameborder=\"0\" allow=\"accelerometer; autoplay; clipboard-write; encrypted-media; gyroscope; picture-in-picture; web-share\" referrerpolicy=\"strict-origin-when-cross-origin\" allowfullscreen><\/iframe><\/p>\n<p><a href=\"https:\/\/web.litterate.cz\/15-brezen-1939-den-na-ktery-nesmime-zapomenout\/\">ZDROJ<br \/>\n<\/a><\/p>\n","protected":false},"excerpt":{"rendered":"<p>Kdy\u017e 15. b\u0159ezna 1939 v \u0161est hodin r\u00e1no p\u0159ekro\u010dilo 350 000 n\u011bmeck\u00fdch voj\u00e1k\u016f hranice \u010ceskoslovenska,&#8230;<\/p>\n","protected":false},"author":2,"featured_media":6224,"comment_status":"closed","ping_status":"closed","sticky":false,"template":"","format":"standard","meta":[],"categories":[6],"tags":[76,664,111,673],"_links":{"self":[{"href":"https:\/\/www.infokuryr.cz\/n\/wp-json\/wp\/v2\/posts\/101944"}],"collection":[{"href":"https:\/\/www.infokuryr.cz\/n\/wp-json\/wp\/v2\/posts"}],"about":[{"href":"https:\/\/www.infokuryr.cz\/n\/wp-json\/wp\/v2\/types\/post"}],"author":[{"embeddable":true,"href":"https:\/\/www.infokuryr.cz\/n\/wp-json\/wp\/v2\/users\/2"}],"replies":[{"embeddable":true,"href":"https:\/\/www.infokuryr.cz\/n\/wp-json\/wp\/v2\/comments?post=101944"}],"version-history":[{"count":0,"href":"https:\/\/www.infokuryr.cz\/n\/wp-json\/wp\/v2\/posts\/101944\/revisions"}],"wp:featuredmedia":[{"embeddable":true,"href":"https:\/\/www.infokuryr.cz\/n\/wp-json\/wp\/v2\/media\/6224"}],"wp:attachment":[{"href":"https:\/\/www.infokuryr.cz\/n\/wp-json\/wp\/v2\/media?parent=101944"}],"wp:term":[{"taxonomy":"category","embeddable":true,"href":"https:\/\/www.infokuryr.cz\/n\/wp-json\/wp\/v2\/categories?post=101944"},{"taxonomy":"post_tag","embeddable":true,"href":"https:\/\/www.infokuryr.cz\/n\/wp-json\/wp\/v2\/tags?post=101944"}],"curies":[{"name":"wp","href":"https:\/\/api.w.org\/{rel}","templated":true}]}}