{"id":101934,"date":"2026-03-15T00:21:59","date_gmt":"2026-03-14T23:21:59","guid":{"rendered":"https:\/\/www.infokuryr.cz\/n\/?p=101934"},"modified":"2026-03-14T10:27:18","modified_gmt":"2026-03-14T09:27:18","slug":"zabil-ji-holyma-rukama-syrsky-teenager-zatcen-pro-podezreni-z-vrazdy-19lete-zeny-v-mannheimu","status":"publish","type":"post","link":"https:\/\/www.infokuryr.cz\/n\/2026\/03\/15\/zabil-ji-holyma-rukama-syrsky-teenager-zatcen-pro-podezreni-z-vrazdy-19lete-zeny-v-mannheimu\/","title":{"rendered":"\u201eZabil ji hol\u00fdma rukama\u201c \u2013 Syrsk\u00fd teenager zat\u010den pro podez\u0159en\u00ed z vra\u017edy 19let\u00e9 \u017eeny v Mannheimu"},"content":{"rendered":"<div id=\"fb-root\"><\/div>\n<h3 class=\"s-tagline fw-tagline\"><span dir=\"auto\">N\u011bme\u010dt\u00ed st\u00e1tn\u00ed z\u00e1stupci tvrd\u00ed, \u017ee podez\u0159el\u00fd \u00fadajn\u011b zabil svou p\u0159\u00edtelkyni b\u011bhem no\u010dn\u00ed sch\u016fzky v zalesn\u011bn\u00e9 oblasti, ne\u017e jej\u00ed t\u011blo o n\u011bkolik hodin pozd\u011bji objevil kolemjdouc\u00ed<\/span><\/h3>\n<p><span dir=\"auto\">V N\u011bmecku byl podle \u00fa\u0159ad\u016f zat\u010den sedmn\u00e1ctilet\u00fd syrsk\u00fd ob\u010dan pro podez\u0159en\u00ed z vra\u017edy devaten\u00e1ctilet\u00e9 \u017eeny v Mannheimu.<\/span><\/p>\n<p><span dir=\"auto\">Zat\u010den\u00ed n\u00e1sledovalo na \u017e\u00e1dost st\u00e1tn\u00edho zastupitelstv\u00ed v Mannheimu pot\u00e9, co okresn\u00ed soud v Mannheimu vydal zatyka\u010d, kter\u00fd teenagera obvinil z vra\u017edy.<\/span><\/p>\n<p><span dir=\"auto\">Policejn\u00ed\u00a0<\/span><a href=\"https:\/\/www.presseportal.de\/blaulicht\/pm\/14915\/6234639\"><span dir=\"auto\">zpr\u00e1va<\/span><\/a><span dir=\"auto\">\u00a0zve\u0159ejn\u011bn\u00e1 ve \u010dtvrtek uv\u00e1d\u00ed, \u017ee podez\u0159el\u00fd byl s ob\u011bt\u00ed ve vztahu v\u00edce ne\u017e rok. V \u00fater\u00fd ve\u010der se oba setkali a pozd\u011bji se vydali do lesa K\u00e4fertaler.<\/span><\/p>\n<p><span dir=\"auto\">Vy\u0161et\u0159ovatel\u00e9 se domn\u00edvaj\u00ed, \u017ee k \u00fatoku do\u0161lo kr\u00e1tce po p\u016flnoci, kolem st\u0159ede\u010dn\u00ed p\u016fl jedn\u00e9 r\u00e1no.<\/span><\/p>\n<p><span dir=\"auto\">\u201eO \u00fatoku nev\u011bd\u011bla a nemohla se br\u00e1nit. Sedmn\u00e1ctilet\u00fd mlad\u00edk toho \u00fadajn\u011b vyu\u017eil a devaten\u00e1ctilet\u00e9ho mlad\u00edka zabil hol\u00fdma rukama a pravd\u011bpodobn\u011b i v\u011btv\u00ed,\u201c uv\u00e1d\u00ed se v policejn\u00ed zpr\u00e1v\u011b.<\/span><\/p>\n<p><span dir=\"auto\">Jej\u00ed t\u011blo objevil o n\u011bkolik hodin pozd\u011bji, kolem 8. hodiny rann\u00ed ve st\u0159edu, kolemjdouc\u00ed, kter\u00fd upozornil policii.<\/span><\/p>\n<p><span dir=\"auto\">\u00da\u0159ady ihned po objevu zah\u00e1jily rozs\u00e1hl\u00e9 vy\u0161et\u0159ov\u00e1n\u00ed a vytvo\u0159ily \u0161edes\u00e1ti\u010dlennou speci\u00e1ln\u00ed komisi, kter\u00e1 m\u00e1 podez\u0159el\u00e9ho vyp\u00e1trat.<\/span><\/p>\n<p><span dir=\"auto\">Teenager byl p\u0159edb\u011b\u017en\u011b zat\u010den pozd\u011bji t\u00e9ho\u017e ve\u010dera v Mannheimu. Ve \u010dtvrtek byl p\u0159edveden p\u0159ed vy\u0161et\u0159uj\u00edc\u00edho soudce u okresn\u00edho soudu v Mannheimu, kde byl form\u00e1ln\u011b vyd\u00e1n zatyka\u010d pro vra\u017edu.<\/span><\/p>\n<p><span dir=\"auto\">Soud na\u0159\u00eddil, aby z\u016fstal ve vazb\u011b do doby, ne\u017e bude zah\u00e1jeno dal\u0161\u00ed \u0159\u00edzen\u00ed.<\/span><\/p>\n<p><img decoding=\"async\" loading=\"lazy\" class=\"alignnone size-full wp-image-1185\" src=\"http:\/\/www.infokuryr.cz\/n\/wp-content\/uploads\/2021\/04\/kuryr-podpis.png\" alt=\"\" width=\"84\" height=\"24\" \/><\/p>\n<p>&nbsp;<\/p>\n","protected":false},"excerpt":{"rendered":"<p>N\u011bme\u010dt\u00ed st\u00e1tn\u00ed z\u00e1stupci tvrd\u00ed, \u017ee podez\u0159el\u00fd \u00fadajn\u011b zabil svou p\u0159\u00edtelkyni b\u011bhem no\u010dn\u00ed sch\u016fzky v zalesn\u011bn\u00e9&#8230;<\/p>\n","protected":false},"author":2,"featured_media":99015,"comment_status":"closed","ping_status":"closed","sticky":false,"template":"","format":"standard","meta":[],"categories":[7],"tags":[551,84,2852,184],"_links":{"self":[{"href":"https:\/\/www.infokuryr.cz\/n\/wp-json\/wp\/v2\/posts\/101934"}],"collection":[{"href":"https:\/\/www.infokuryr.cz\/n\/wp-json\/wp\/v2\/posts"}],"about":[{"href":"https:\/\/www.infokuryr.cz\/n\/wp-json\/wp\/v2\/types\/post"}],"author":[{"embeddable":true,"href":"https:\/\/www.infokuryr.cz\/n\/wp-json\/wp\/v2\/users\/2"}],"replies":[{"embeddable":true,"href":"https:\/\/www.infokuryr.cz\/n\/wp-json\/wp\/v2\/comments?post=101934"}],"version-history":[{"count":0,"href":"https:\/\/www.infokuryr.cz\/n\/wp-json\/wp\/v2\/posts\/101934\/revisions"}],"wp:featuredmedia":[{"embeddable":true,"href":"https:\/\/www.infokuryr.cz\/n\/wp-json\/wp\/v2\/media\/99015"}],"wp:attachment":[{"href":"https:\/\/www.infokuryr.cz\/n\/wp-json\/wp\/v2\/media?parent=101934"}],"wp:term":[{"taxonomy":"category","embeddable":true,"href":"https:\/\/www.infokuryr.cz\/n\/wp-json\/wp\/v2\/categories?post=101934"},{"taxonomy":"post_tag","embeddable":true,"href":"https:\/\/www.infokuryr.cz\/n\/wp-json\/wp\/v2\/tags?post=101934"}],"curies":[{"name":"wp","href":"https:\/\/api.w.org\/{rel}","templated":true}]}}