{"id":101930,"date":"2026-03-15T00:17:55","date_gmt":"2026-03-14T23:17:55","guid":{"rendered":"https:\/\/www.infokuryr.cz\/n\/?p=101930"},"modified":"2026-03-14T09:33:15","modified_gmt":"2026-03-14T08:33:15","slug":"mytus-o-putinove-vmesovani-jak-brusel-a-media-chteji-manipulovat-s-madarskymi-volbami","status":"publish","type":"post","link":"https:\/\/www.infokuryr.cz\/n\/2026\/03\/15\/mytus-o-putinove-vmesovani-jak-brusel-a-media-chteji-manipulovat-s-madarskymi-volbami\/","title":{"rendered":"M\u00fdtus o Putinov\u011b vm\u011b\u0161ov\u00e1n\u00ed: Jak Brusel a m\u00e9dia cht\u011bj\u00ed manipulovat s ma\u010farsk\u00fdmi volbami!"},"content":{"rendered":"<div id=\"fb-root\"><\/div>\n<p><strong><span dir=\"auto\">Je to po\u0159\u00e1d ta sam\u00e1 transparentn\u00ed hra: kdykoli maj\u00ed konzervativn\u00ed vl\u00e1dy \u0161anci vyhr\u00e1t volby, elity okam\u017eit\u011b zahraj\u00ed kartu Ruska. Nyn\u00ed je na \u0159ad\u011b ma\u010farsk\u00fd premi\u00e9r Viktor Orb\u00e1n. Renomovan\u00fd think tank v\u0161ak nyn\u00ed odhaluje \u00fadajn\u00e9 \u201ePutinovo spiknut\u00ed\u201c takov\u00e9, jak\u00e9 ve skute\u010dnosti je: cynickou, pokryteckou a extr\u00e9mn\u011b nebezpe\u010dnou pomlouva\u010dnou kampa\u0148!<\/span><\/strong><\/p>\n<p><span dir=\"auto\">N\u011bmeck\u00e1 mainstreamov\u00e1 m\u00e9dia (nap\u0159. \u201eDie\u00a0<\/span><a href=\"https:\/\/archive.is\/hH00N\" target=\"_blank\" rel=\"noreferrer noopener\"><span dir=\"auto\">Zeit<\/span><\/a><span dir=\"auto\">\u00a0\u201c a vl\u00e1dn\u00ed rozhlasov\u00e1 stanice \u201e\u00a0<\/span><a href=\"https:\/\/www.dw.com\/de\/russlands-staatschef-putin-k%C3%A4mpft-mit-ungarns-premier-viktor-orban-fuer-dessen-wahlsieg\/a-76318396\" target=\"_blank\" rel=\"noreferrer noopener\"><span dir=\"auto\">Deutsche Welle<\/span><\/a><span dir=\"auto\"> \u201c) a r\u016fzn\u00ed levicov\u00ed aktivist\u00e9 proti Orb\u00e1novi se v sou\u010dasn\u00e9 dob\u011b tr\u00e1p\u00ed divok\u00fdmi tvrzen\u00edmi: Vladimir Putin s\u00e1m \u00fadajn\u011b schv\u00e1lil tajn\u00fd pl\u00e1n, jak zaplavit ma\u010farskou televizi prokremelsk\u00fdmi zpr\u00e1vami a udr\u017eet tak Orb\u00e1novu stranu Fidesz u moci.<\/span><\/p>\n<p><span dir=\"auto\">Nov\u011b zalo\u017een\u00e1 Observato\u0159 pro ovliv\u0148ov\u00e1n\u00ed demokracie (DIO) konzervativn\u00edho think tanku MCC Brussels\u00a0<\/span><a href=\"https:\/\/europeanconservative.com\/articles\/news\/hungary-elections-russia-influence-allegation-mcc-brussels-analysis\/\" target=\"_blank\" rel=\"noreferrer noopener\"><span dir=\"auto\">nyn\u00ed bije na poplach<\/span><\/a><span dir=\"auto\">\u00a0a vyvrac\u00ed zpr\u00e1vy m\u00e9di\u00ed. V\u00fdzkumn\u00edci jednozna\u010dn\u011b \u0159\u00edkaj\u00ed: pro tato z\u00e1va\u017en\u00e1 obvin\u011bn\u00ed jednodu\u0161e neexistuj\u00ed \u017e\u00e1dn\u00e9 d\u016fkazy. Tvrzen\u00ed o \u00fadajn\u00fdch operac\u00edch Kremlu jsou zalo\u017eena t\u00e9m\u011b\u0159 v\u00fdhradn\u011b na anonymn\u00edch zdroj\u00edch a f\u00e1m\u00e1ch, kter\u00e9 nelze nez\u00e1visle ov\u011b\u0159it. Analytici tak\u00e9 odm\u00edtaj\u00ed hysterick\u00e9 \u0161\u00ed\u0159en\u00ed strachu ze strany opozice ohledn\u011b \u00fadajn\u011b rusky ovl\u00e1dan\u00fdch \u201ekampan\u00ed na pomlouv\u00e1n\u00ed um\u011bl\u00e9 inteligence\u201c jako \u010dirou fikci.<\/span><\/p>\n<p><span dir=\"auto\">Zat\u00edmco mainstreamov\u00e1 m\u00e9dia hon\u00ed fantom rusk\u00e9ho vm\u011b\u0161ov\u00e1n\u00ed, skute\u010dn\u00e9 vyd\u00edr\u00e1n\u00ed je pohodln\u011b ignorov\u00e1no. Orb\u00e1n\u016fv t\u00fdm to vyjad\u0159uje stru\u010dn\u011b: Nen\u00ed to Rusko, ale Ukrajina, kdo masivn\u011b vm\u011b\u0161uje do ma\u010farsk\u00e9 volebn\u00ed kampan\u011b \u2013 a d\u011bl\u00e1 to bezohledn\u011b blokov\u00e1n\u00edm dod\u00e1vek rusk\u00e9 ropy ropovodem Dru\u017eba, aby zemi dostal pod ekonomick\u00fd tlak!<\/span><\/p>\n<p><span dir=\"auto\">Obzvl\u00e1\u0161t\u011b zaj\u00edmav\u00e9 je to, co v\u00fdzkumn\u00edci odhaluj\u00ed o \u00fadajn\u00e9 n\u00e1lad\u011b na zm\u011bnu v zemi. Pr\u016fzkumy ve\u0159ejn\u00e9ho m\u00edn\u011bn\u00ed n\u00e1hle ukazuj\u00ed, \u017ee levicov\u011b globalistick\u00e1 opozi\u010dn\u00ed strana Tisza jasn\u011b vede. N\u00e1hoda? To sotva! Analytici z MCC Brusel poukazuj\u00ed na to, \u017ee instituty jako \u201eRepublikon\u201c nebo \u201eV\u00fdzkumn\u00e9 centrum 21\u201c, kter\u00e9 tyto \u00fadaje poskytuj\u00ed, jsou finan\u010dn\u011b z\u00e1visl\u00e9 na evropsk\u00fdch instituc\u00edch. Bruselsk\u00e9 pen\u00edze se zjevn\u011b pou\u017e\u00edvaj\u00ed k manipulaci s narativem, aby se vykonstruovala zm\u011bna vl\u00e1dy a p\u0159edem se delegitimizoval v\u00fdsledek voleb.<\/span><\/p>\n<p><span dir=\"auto\">Richard Schenk, v\u00fdzkumn\u00edk z MCC Brussels, se k tomuto man\u00e9vru vyjad\u0159uje bez obalu: \u201eTvrzen\u00ed o rusk\u00e9m vm\u011b\u0161ov\u00e1n\u00ed do ma\u010farsk\u00fdch voleb jsou cynick\u00e1, pokryteck\u00e1 a p\u0159edev\u0161\u00edm nebezpe\u010dn\u00e1.\u201c Odsouzen\u00edhodn\u00fd verdikt pro politicko-medi\u00e1ln\u00ed bublinu, kter\u00e1 zjevn\u011b pova\u017euje jak\u00e9koli prost\u0159edky k sesazen\u00ed ne\u017e\u00e1douc\u00edch konzervativc\u016f z \u00fa\u0159ad\u016f za opodstatn\u011bn\u00e9.<\/span><\/p>\n<p><img decoding=\"async\" loading=\"lazy\" class=\"alignnone size-full wp-image-1185\" src=\"http:\/\/www.infokuryr.cz\/n\/wp-content\/uploads\/2021\/04\/kuryr-podpis.png\" alt=\"\" width=\"84\" height=\"24\" \/><\/p>\n<p>&nbsp;<\/p>\n","protected":false},"excerpt":{"rendered":"<p>Je to po\u0159\u00e1d ta sam\u00e1 transparentn\u00ed hra: kdykoli maj\u00ed konzervativn\u00ed vl\u00e1dy \u0161anci vyhr\u00e1t volby, elity&#8230;<\/p>\n","protected":false},"author":2,"featured_media":101931,"comment_status":"closed","ping_status":"closed","sticky":false,"template":"","format":"standard","meta":[],"categories":[7],"tags":[78,3909,22,3676,27],"_links":{"self":[{"href":"https:\/\/www.infokuryr.cz\/n\/wp-json\/wp\/v2\/posts\/101930"}],"collection":[{"href":"https:\/\/www.infokuryr.cz\/n\/wp-json\/wp\/v2\/posts"}],"about":[{"href":"https:\/\/www.infokuryr.cz\/n\/wp-json\/wp\/v2\/types\/post"}],"author":[{"embeddable":true,"href":"https:\/\/www.infokuryr.cz\/n\/wp-json\/wp\/v2\/users\/2"}],"replies":[{"embeddable":true,"href":"https:\/\/www.infokuryr.cz\/n\/wp-json\/wp\/v2\/comments?post=101930"}],"version-history":[{"count":0,"href":"https:\/\/www.infokuryr.cz\/n\/wp-json\/wp\/v2\/posts\/101930\/revisions"}],"wp:featuredmedia":[{"embeddable":true,"href":"https:\/\/www.infokuryr.cz\/n\/wp-json\/wp\/v2\/media\/101931"}],"wp:attachment":[{"href":"https:\/\/www.infokuryr.cz\/n\/wp-json\/wp\/v2\/media?parent=101930"}],"wp:term":[{"taxonomy":"category","embeddable":true,"href":"https:\/\/www.infokuryr.cz\/n\/wp-json\/wp\/v2\/categories?post=101930"},{"taxonomy":"post_tag","embeddable":true,"href":"https:\/\/www.infokuryr.cz\/n\/wp-json\/wp\/v2\/tags?post=101930"}],"curies":[{"name":"wp","href":"https:\/\/api.w.org\/{rel}","templated":true}]}}