{"id":101905,"date":"2026-03-14T04:52:27","date_gmt":"2026-03-14T03:52:27","guid":{"rendered":"https:\/\/www.infokuryr.cz\/n\/?p=101905"},"modified":"2026-03-14T05:08:25","modified_gmt":"2026-03-14T04:08:25","slug":"usa-tvrdi-ze-pri-havarii-leteckeho-tankeru-v-iraku-zahynulo-sest-lidi-druhy-tanker-byl-potvrzen-jako-poskozeny","status":"publish","type":"post","link":"https:\/\/www.infokuryr.cz\/n\/2026\/03\/14\/usa-tvrdi-ze-pri-havarii-leteckeho-tankeru-v-iraku-zahynulo-sest-lidi-druhy-tanker-byl-potvrzen-jako-poskozeny\/","title":{"rendered":"USA tvrd\u00ed, \u017ee p\u0159i hav\u00e1rii leteck\u00e9ho tankeru v Ir\u00e1ku zahynulo \u0161est lid\u00ed, druh\u00fd tanker byl potvrzen jako po\u0161kozen\u00fd"},"content":{"rendered":"<div id=\"fb-root\"><\/div>\n<p><strong><span dir=\"auto\">\u00dast\u0159edn\u00ed velitelstv\u00ed Spojen\u00fdch st\u00e1t\u016f (CENTCOM) 13. b\u0159ezna potvrdilo, \u017ee v\u0161ech \u0161est voj\u00e1k\u016f na palub\u011b tankovac\u00edho letadla KC-135 Stratotanker, kter\u00e9 se o den d\u0159\u00edve z\u0159\u00edtilo nad z\u00e1padn\u00edm Ir\u00e1kem, zahynulo.<\/span><\/strong><\/p>\n<p><em><span dir=\"auto\">\u201eV\u0161ech \u0161est \u010dlen\u016f pos\u00e1dky americk\u00e9ho tankovac\u00edho letadla KC-135, kter\u00e9 se z\u0159\u00edtilo v z\u00e1padn\u00edm Ir\u00e1ku, je nyn\u00ed potvrzeno jako mrtv\u00fdch,\u201c uvedlo velen\u00ed ve sv\u00e9m prohl\u00e1\u0161en\u00ed a dodalo, \u017ee \u201eletadlo bylo ztraceno p\u0159i letu nad sp\u0159\u00e1telen\u00fdm vzdu\u0161n\u00fdm prostorem 12. b\u0159ezna b\u011bhem operace Epic Fury.\u201c<\/span><\/em><\/p>\n<p><span dir=\"auto\">Velen\u00ed je pozoruhodn\u00e9, \u017ee znovu zd\u016fraznilo, \u017ee ztr\u00e1ta KC-135 nebyla v\u00fdsledkem \u017e\u00e1dn\u00e9 \u201enep\u0159\u00e1telsk\u00e9 palby\u201c ani \u201ep\u0159\u00e1telsk\u00e9 palby\u201c.<\/span><\/p>\n<p><span dir=\"auto\">K incidentu do\u0161lo uprost\u0159ed v\u00e1\u017en\u00e9 eskalace v Ir\u00e1ku, kdy USA a pravd\u011bpodobn\u011b i Izrael zah\u00e1jily smrt\u00edc\u00ed \u00fadery proti ozbrojen\u00fdm frakc\u00edm v zemi podporovan\u00fdm \u00cdr\u00e1nem.<\/span><\/p>\n<p><span dir=\"auto\">Frakce sjednocen\u00e9 v r\u00e1mci Isl\u00e1msk\u00e9ho odporu v Ir\u00e1ku (IRI) podnikaj\u00ed v reakci na v\u00e1lku proti \u00cdr\u00e1nu \u00fadery proti americk\u00fdm z\u00e1kladn\u00e1m v Ir\u00e1ku a v okoln\u00edch zem\u00edch a je zn\u00e1mo, \u017ee jsou vyzbrojeny pokro\u010dil\u00fdmi syst\u00e9my protivzdu\u0161n\u00e9 obrany.<\/span><\/p>\n<p><iframe loading=\"lazy\" src=\"https:\/\/s1.cdnstatic.space\/wp-content\/uploads\/2026\/03\/Chinooks.mp4\" width=\"600\" height=\"338\" data-mce-fragment=\"1\"><\/iframe><\/p>\n<p><span dir=\"auto\">Kdy\u017e CENTCOM poprv\u00e9 ozn\u00e1mil ztr\u00e1tu KC-135, uvedl, \u017ee \u201edo incidentu byly zapojeny dv\u011b letadla\u201c a poznamenal, \u017ee druh\u00e9 z nich \u201ebezpe\u010dn\u011b p\u0159ist\u00e1lo\u201c. To bylo od t\u00e9 doby potvrzeno, kdy\u017e unikl\u00e9 fotografie z leti\u0161t\u011b Ben Guriona v Izraeli odhalily, \u017ee i druh\u00e9 letadlo bylo KC-135.<\/span><\/p>\n<p><span dir=\"auto\">Horizont\u00e1ln\u00ed stabiliz\u00e1tor druh\u00e9ho KC-135 se na fotografii jevil jako v\u00e1\u017en\u011b po\u0161kozen\u00fd, co\u017e vedlo ke spekulac\u00edm, \u017ee se letadla srazila ve vzduchu, pravd\u011bpodobn\u011b kdy\u017e jedno z nich dopl\u0148ovalo palivo do druh\u00e9ho.<\/span><\/p>\n<div id=\"attachment_242738\" class=\"wp-caption aligncenter\">\n<p><a href=\"https:\/\/s1.cdnstatic.space\/wp-content\/uploads\/2026\/03\/HDRqOFjXYAALYgu.jpg\" target=\"_blank\" rel=\"noopener\"><img decoding=\"async\" loading=\"lazy\" class=\"wp-image-242738\" src=\"https:\/\/s1.cdnstatic.space\/wp-content\/uploads\/2026\/03\/HDRqOFjXYAALYgu.jpg\" sizes=\"(max-width: 600px) 100vw, 600px\" srcset=\"https:\/\/s1.cdnstatic.space\/wp-content\/uploads\/2026\/03\/HDRqOFjXYAALYgu.jpg 680w, https:\/\/s1.cdnstatic.space\/wp-content\/uploads\/2026\/03\/HDRqOFjXYAALYgu-490x281.jpg 490w, https:\/\/s1.cdnstatic.space\/wp-content\/uploads\/2026\/03\/HDRqOFjXYAALYgu-280x160.jpg 280w\" alt=\"\" width=\"600\" height=\"344\" aria-describedby=\"caption-attachment-242738\" \/><\/a><\/p>\n<p id=\"caption-attachment-242738\" class=\"wp-caption-text\"><span dir=\"auto\">Kliknut\u00edm zobraz\u00edte obr\u00e1zek v pln\u00e9 velikosti. (X)<\/span><\/p>\n<\/div>\n<div id=\"attachment_242739\" class=\"wp-caption aligncenter\">\n<p><a href=\"https:\/\/s1.cdnstatic.space\/wp-content\/uploads\/2026\/03\/HDQF2HsXEAAKwsk.jpg\" target=\"_blank\" rel=\"noopener\"><img decoding=\"async\" loading=\"lazy\" class=\"wp-image-242739\" src=\"https:\/\/s1.cdnstatic.space\/wp-content\/uploads\/2026\/03\/HDQF2HsXEAAKwsk.jpg\" sizes=\"auto, (max-width: 600px) 100vw, 600px\" srcset=\"https:\/\/s1.cdnstatic.space\/wp-content\/uploads\/2026\/03\/HDQF2HsXEAAKwsk.jpg 679w, https:\/\/s1.cdnstatic.space\/wp-content\/uploads\/2026\/03\/HDQF2HsXEAAKwsk-490x176.jpg 490w\" alt=\"\" width=\"600\" height=\"216\" aria-describedby=\"caption-attachment-242739\" \/><\/a><\/p>\n<p id=\"caption-attachment-242739\" class=\"wp-caption-text\"><span dir=\"auto\">Kliknut\u00edm zobraz\u00edte obr\u00e1zek v pln\u00e9 velikosti. (X)<\/span><\/p>\n<\/div>\n<p><span dir=\"auto\">IRI se p\u0159esto p\u0159ihl\u00e1sila k odpov\u011bdnosti za sest\u0159elen\u00ed letadla, co\u017e potvrdilo i \u00edr\u00e1nsk\u00e9 \u00fast\u0159ed\u00ed Chat\u00e1m al-Anbija.<\/span><\/p>\n<p><span dir=\"auto\">Je zn\u00e1mo, \u017ee ozbrojen\u00e9 frakce v Ir\u00e1ku podporovan\u00e9 \u00cdr\u00e1nem maj\u00ed na sv\u00fdch pozic\u00edch pokro\u010dilou protivzdu\u0161nou obranu a od za\u010d\u00e1tku v\u00e1lky proti \u00cdr\u00e1nu ozn\u00e1mily sest\u0159elen\u00ed dvou americk\u00fdch bojov\u00fdch dron\u016f MQ-9 Reaper nad zem\u00ed, p\u0159i\u010dem\u017e jedna ztr\u00e1ta byla potvrzena.<\/span><\/p>\n<p><span dir=\"auto\">Nejpozoruhodn\u011bj\u0161\u00ed syst\u00e9m, kter\u00fd byl d\u0159\u00edve u t\u011bchto frakc\u00ed spat\u0159en, je ten, kter\u00fd americk\u00e1 arm\u00e1da a zpravodajsk\u00e9 slu\u017eby identifikovaly jako protiletadlovou zbra\u0148 \u201e358\u201c. Jedn\u00e1 se o hybridn\u00ed st\u00edhac\u00ed letoun s proudov\u00fdm pohonem, kter\u00fd je nav\u00e1d\u011bn imagin\u00e1rn\u00edm infra\u010derven\u00fdm z\u00e1\u0159en\u00edm a m\u00e1 \u00fadajn\u011b dosah 100 kilometr\u016f.<\/span><\/p>\n<div id=\"attachment_217797\" class=\"wp-caption aligncenter\" style=\"width: 606px;\">\n<p><a href=\"https:\/\/s1.cdnstatic.space\/wp-content\/uploads\/2025\/03\/358-Missile.jpg\" target=\"_blank\" rel=\"noopener\"><img decoding=\"async\" loading=\"lazy\" class=\"wp-image-217797\" src=\"https:\/\/s1.cdnstatic.space\/wp-content\/uploads\/2025\/03\/358-Missile-1024x723.jpg\" sizes=\"auto, (max-width: 600px) 100vw, 600px\" srcset=\"https:\/\/s1.cdnstatic.space\/wp-content\/uploads\/2025\/03\/358-Missile-1024x723.jpg 1024w, https:\/\/s1.cdnstatic.space\/wp-content\/uploads\/2025\/03\/358-Missile-425x300.jpg 425w, https:\/\/s1.cdnstatic.space\/wp-content\/uploads\/2025\/03\/358-Missile-768x542.jpg 768w, https:\/\/s1.cdnstatic.space\/wp-content\/uploads\/2025\/03\/358-Missile.jpg 1280w\" alt=\"\" width=\"606\" height=\"428\" aria-describedby=\"caption-attachment-217797\" \/><\/a><\/p>\n<p id=\"caption-attachment-217797\" class=\"wp-caption-text\"><span dir=\"auto\">Kliknut\u00edm zobraz\u00edte obr\u00e1zek v pln\u00e9 velikosti.<\/span><\/p>\n<\/div>\n<p><span dir=\"auto\">Isl\u00e1msk\u00e1 republika loni p\u0159edstavila v\u011bt\u0161\u00ed verzi s n\u00e1zvem \u201e359\u201c, kter\u00e1 byla \u00fadajn\u011b speci\u00e1ln\u011b navr\u017eena k \u00fatoku na vysoce hodnotn\u00e1 letadla ve vysok\u00fdch v\u00fd\u0161k\u00e1ch, jako jsou tankery. Je samoz\u0159ejm\u011b mo\u017en\u00e9, \u017ee IRI tuto zbra\u0148 pou\u017eila k \u00fatoku na letadla nad Ir\u00e1kem.<\/span><\/p>\n<div id=\"attachment_217798\" class=\"wp-caption aligncenter\" style=\"width: 606px;\">\n<p><a href=\"https:\/\/s1.cdnstatic.space\/wp-content\/uploads\/2025\/03\/359-missile-3-copy.jpg\" target=\"_blank\" rel=\"noopener\"><img decoding=\"async\" loading=\"lazy\" class=\"wp-image-217798\" src=\"https:\/\/s1.cdnstatic.space\/wp-content\/uploads\/2025\/03\/359-missile-3-copy-1024x558.jpg\" sizes=\"auto, (max-width: 600px) 100vw, 600px\" srcset=\"https:\/\/s1.cdnstatic.space\/wp-content\/uploads\/2025\/03\/359-missile-3-copy-1024x558.jpg 1024w, https:\/\/s1.cdnstatic.space\/wp-content\/uploads\/2025\/03\/359-missile-3-copy-490x267.jpg 490w, https:\/\/s1.cdnstatic.space\/wp-content\/uploads\/2025\/03\/359-missile-3-copy-768x419.jpg 768w, https:\/\/s1.cdnstatic.space\/wp-content\/uploads\/2025\/03\/359-missile-3-copy-1536x837.jpg 1536w, https:\/\/s1.cdnstatic.space\/wp-content\/uploads\/2025\/03\/359-missile-3-copy.jpg 1776w\" alt=\"\" width=\"606\" height=\"330\" aria-describedby=\"caption-attachment-217798\" \/><\/a><\/p>\n<p id=\"caption-attachment-217798\" class=\"wp-caption-text\"><span dir=\"auto\">Kliknut\u00edm zobraz\u00edte obr\u00e1zek v pln\u00e9 velikosti.<\/span><\/p>\n<\/div>\n<p><span dir=\"auto\">Posledn\u00ed incident zv\u00fd\u0161il po\u010det americk\u00fdch voj\u00e1k\u016f zabit\u00fdch od za\u010d\u00e1tku v\u00e1lky v Ir\u00e1ku na 13. Za zm\u00ednku stoj\u00ed, \u017ee jeden KC-135 stoj\u00ed t\u00e9m\u011b\u0159 40 milion\u016f dolar\u016f.<\/span><\/p>\n<h3 class=\"entry-title\"><span dir=\"auto\">Hl\u00e1\u0161eny americk\u00e9 ob\u011bti po \u00fatoku na sa\u00fadskoarabskou z\u00e1kladnu, zasa\u017eeny byly tak\u00e9 Spojen\u00e9 arabsk\u00e9 emir\u00e1ty a Om\u00e1n<\/span><\/h3>\n<p><strong><span dir=\"auto\">Americk\u00e1 arm\u00e1da evakuovala 12. b\u0159ezna 19 zran\u011bn\u00fdch voj\u00e1k\u016f z Bl\u00edzk\u00e9ho v\u00fdchodu do N\u011bmecka, jeliko\u017e region\u00e1ln\u00ed nap\u011bt\u00ed nad\u00e1le eskalovalo kv\u016fli americko-izraelsk\u00e9 v\u00e1lce proti \u00cdr\u00e1nu, informovala stanice CBS News.<\/span><\/strong><\/p>\n<p><span dir=\"auto\">S\u00ed\u0165 s odvol\u00e1n\u00edm na sv\u00e9 zdroje uvedla, \u017ee letadlo let\u011blo ze Sa\u00fadsk\u00e9 Ar\u00e1bie, p\u0159ist\u00e1lo v Om\u00e1nu a p\u0159ist\u00e1lo na americk\u00e9 z\u00e1kladn\u011b v N\u011bmecku pobl\u00ed\u017e vojensk\u00e9 nemocnice.<\/span><\/p>\n<p><span dir=\"auto\">Dva evakuovan\u00ed byli zran\u011bni, kdy\u017e dron explodoval pobl\u00ed\u017e jejich vozidla, uv\u00e1d\u00ed se ve zpr\u00e1v\u011b, kter\u00e1 neposkytla dal\u0161\u00ed podrobnosti o ztr\u00e1t\u00e1ch.<\/span><\/p>\n<p><span dir=\"auto\">Sa\u00fadskoarabsk\u00e9 ministerstvo obrany b\u011bhem dne a noci ozn\u00e1milo zachycen\u00ed v\u00edce ne\u017e 80 sebevra\u017eedn\u00fdch dron\u016f a nejm\u00e9n\u011b dvou balistick\u00fdch raket, o nich\u017e se v\u011b\u0159\u00ed, \u017ee byly v\u0161echny odp\u00e1leny z \u00cdr\u00e1nu v r\u00e1mci odvetn\u00fdch \u00fader\u016f Isl\u00e1msk\u00e9 republiky proti USA a Izraeli.<\/span><\/p>\n<p><span dir=\"auto\">Podle ministerstva bylo mnoho z t\u011bchto dron\u016f a raket zachyceno pobl\u00ed\u017e leteck\u00e9 z\u00e1kladny prince Sult\u00e1na. V sou\u010dasn\u00e9 dob\u011b se tam nach\u00e1z\u00ed n\u011bkolik americk\u00fdch v\u00e1le\u010dn\u00fdch letadel, v\u010detn\u011b letadel v\u010dasn\u00e9ho varov\u00e1n\u00ed a \u0159\u00edzen\u00ed, stejn\u011b jako letadel pro komunika\u010dn\u00ed rel\u00e9. Tato v\u00e1le\u010dn\u00e1 letadla jist\u011b napom\u00e1haj\u00ed \u00fatoku na \u00cdr\u00e1n.<\/span><\/p>\n<p><span dir=\"auto\">Dal\u0161\u00ed byly sest\u0159eleny nad Pr\u00e1zdnou \u010dtvrt\u00ed, kdy\u017e m\u00ed\u0159ily k nalezi\u0161ti \u0160ajba. Toto pole je jedn\u00edm z nejv\u011bt\u0161\u00edch ropn\u00fdch a plynov\u00fdch nalezi\u0161\u0165 v Sa\u00fadsk\u00e9 Ar\u00e1bii a produkuje p\u0159es milion barel\u016f pr\u00e9miov\u00e9 ropy denn\u011b, krom\u011b zkapaln\u011bn\u00e9ho zemn\u00edho plynu, kter\u00fd je z\u00e1sadn\u00ed pro petrochemick\u00fd pr\u016fmysl kr\u00e1lovstv\u00ed.<\/span><\/p>\n<p><span dir=\"auto\">Ministerstvo d\u00e1le informovalo o zachycen\u00ed dron\u016f nad \u010dtvrt\u00ed as-Safarat v sa\u00fadskoarabsk\u00e9m hlavn\u00edm m\u011bst\u011b Rij\u00e1du, kde se nach\u00e1z\u00ed mnoho ambas\u00e1d a diplomatick\u00fdch mis\u00ed.<\/span><\/p>\n<p><span dir=\"auto\">Pozd\u011bji brzy r\u00e1no 13. b\u0159ezna zas\u00e1hl \u00edr\u00e1nsk\u00fd dron budovu v Dubajsk\u00e9m mezin\u00e1rodn\u00edm finan\u010dn\u00edm centru ve Spojen\u00fdch arabsk\u00fdch emir\u00e1tech.<\/span><\/p>\n<p><span dir=\"auto\">Z\u00e1b\u011bry incidentu ukazuj\u00ed kou\u0159 vych\u00e1zej\u00edc\u00ed z \u0159ady v\u00fd\u0161kov\u00fdch budov ve velkom\u011bst\u011b. Dubajsk\u00e9 \u00fa\u0159ady d\u0159\u00edve uvedly, \u017ee se zab\u00fdvaj\u00ed \u201emen\u0161\u00edm incidentem\u201c zp\u016fsoben\u00fdm padaj\u00edc\u00edmi troskami po leteck\u00e9m z\u00e1sahu nad m\u011bstem.<\/span><\/p>\n<p><span dir=\"auto\">\u00da\u0159edn\u00edci emir\u00e1t\u016f uvedli, \u017ee trosky narazily do fas\u00e1dy budovy v centru Dubaje, informovala agentura Anadolu. \u017d\u00e1dn\u00e9 ob\u011bti nebyly hl\u00e1\u0161eny.<\/span><\/p>\n<p><iframe loading=\"lazy\" src=\"https:\/\/s1.cdnstatic.space\/wp-content\/uploads\/2026\/03\/dubai1.mp4\" width=\"600\" height=\"338\" data-mce-fragment=\"1\"><\/iframe><\/p>\n<p><iframe loading=\"lazy\" src=\"https:\/\/s1.cdnstatic.space\/wp-content\/uploads\/2026\/03\/dubai3.mp4\" width=\"600\" height=\"338\" data-mce-fragment=\"1\"><\/iframe><\/p>\n<p><iframe loading=\"lazy\" src=\"https:\/\/s1.cdnstatic.space\/wp-content\/uploads\/2026\/03\/dubai4.mp4\" width=\"600\" height=\"338\" data-mce-fragment=\"1\"><\/iframe><\/p>\n<p><iframe loading=\"lazy\" src=\"https:\/\/s1.cdnstatic.space\/wp-content\/uploads\/2026\/03\/dubai5.mp4\" width=\"600\" height=\"338\" data-mce-fragment=\"1\"><\/iframe><\/p>\n<p><span dir=\"auto\">P\u0159ibli\u017en\u011b ve stejnou dobu om\u00e1nsk\u00e1 ofici\u00e1ln\u00ed tiskov\u00e1 agentura informovala, \u017ee dva lid\u00e9 byli zabiti pot\u00e9, co v provincii Suh\u00e1r sest\u0159elily drony.<\/span><\/p>\n<p><span dir=\"auto\">Agentura s odvol\u00e1n\u00edm na bezpe\u010dnostn\u00ed zdroj uvedla, \u017ee jeden z dron\u016f zas\u00e1hl pr\u016fmyslovou oblast al-Awahi, p\u0159i\u010dem\u017e zabil dva cizince a dal\u0161\u00ed zranil.<\/span><\/p>\n<p><span dir=\"auto\">Druh\u00fd spadl do otev\u0159en\u00e9ho prostoru bez zaznamenan\u00fdch zran\u011bn\u00ed, uvedla tak\u00e9 agentura s t\u00edm, \u017ee \u00fa\u0159ady incident vy\u0161et\u0159uj\u00ed.<\/span><\/p>\n<p><iframe loading=\"lazy\" src=\"https:\/\/s1.cdnstatic.space\/wp-content\/uploads\/2026\/03\/oman.mp4\" width=\"600\" height=\"338\" data-mce-fragment=\"1\"><\/iframe><\/p>\n<p><span dir=\"auto\">Zem\u011b Persk\u00e9ho z\u00e1livu v posledn\u00edch dnech nesly hlavn\u00ed t\u00edhu \u00edr\u00e1nsk\u00fdch odvetn\u00fdch \u00fader\u016f. P\u0159esto nic nenasv\u011bd\u010duje tomu, \u017ee by se tyto zem\u011b, kter\u00e9 utrp\u011bly v\u00e1\u017en\u00e9 finan\u010dn\u00ed ztr\u00e1ty, p\u0159ipojily k americko-izraelsk\u00e9 v\u00e1lce proti Isl\u00e1msk\u00e9 republice. Zat\u00edm se oz\u00fdvaj\u00ed pouze v\u00fdzvy k deeskalaci.<\/span><\/p>\n<p><span dir=\"auto\">Faktick\u00e1 \u00edr\u00e1nsk\u00e1 blok\u00e1da Hormuzsk\u00e9ho pr\u016flivu, kter\u00e1 t\u00e9m\u011b\u0159 zastavila v\u00fdvoz ropy a plynu touto vodn\u00ed cestou, by v\u0161ak mohla v\u00e9st ke zm\u011bn\u011b postoje n\u011bkter\u00fdch z t\u011bchto zem\u00ed, pokud se v\u00e1lka bude protahovat.<\/span><\/p>\n<p><img decoding=\"async\" loading=\"lazy\" class=\"alignnone size-full wp-image-1185\" src=\"http:\/\/www.infokuryr.cz\/n\/wp-content\/uploads\/2021\/04\/kuryr-podpis.png\" alt=\"\" width=\"84\" height=\"24\" \/><\/p>\n<p>&nbsp;<\/p>\n","protected":false},"excerpt":{"rendered":"<p>\u00dast\u0159edn\u00ed velitelstv\u00ed Spojen\u00fdch st\u00e1t\u016f (CENTCOM) 13. b\u0159ezna potvrdilo, \u017ee v\u0161ech \u0161est voj\u00e1k\u016f na palub\u011b tankovac\u00edho&#8230;<\/p>\n","protected":false},"author":2,"featured_media":101906,"comment_status":"closed","ping_status":"closed","sticky":false,"template":"","format":"standard","meta":[],"categories":[7],"tags":[871,37,40,5135],"_links":{"self":[{"href":"https:\/\/www.infokuryr.cz\/n\/wp-json\/wp\/v2\/posts\/101905"}],"collection":[{"href":"https:\/\/www.infokuryr.cz\/n\/wp-json\/wp\/v2\/posts"}],"about":[{"href":"https:\/\/www.infokuryr.cz\/n\/wp-json\/wp\/v2\/types\/post"}],"author":[{"embeddable":true,"href":"https:\/\/www.infokuryr.cz\/n\/wp-json\/wp\/v2\/users\/2"}],"replies":[{"embeddable":true,"href":"https:\/\/www.infokuryr.cz\/n\/wp-json\/wp\/v2\/comments?post=101905"}],"version-history":[{"count":0,"href":"https:\/\/www.infokuryr.cz\/n\/wp-json\/wp\/v2\/posts\/101905\/revisions"}],"wp:featuredmedia":[{"embeddable":true,"href":"https:\/\/www.infokuryr.cz\/n\/wp-json\/wp\/v2\/media\/101906"}],"wp:attachment":[{"href":"https:\/\/www.infokuryr.cz\/n\/wp-json\/wp\/v2\/media?parent=101905"}],"wp:term":[{"taxonomy":"category","embeddable":true,"href":"https:\/\/www.infokuryr.cz\/n\/wp-json\/wp\/v2\/categories?post=101905"},{"taxonomy":"post_tag","embeddable":true,"href":"https:\/\/www.infokuryr.cz\/n\/wp-json\/wp\/v2\/tags?post=101905"}],"curies":[{"name":"wp","href":"https:\/\/api.w.org\/{rel}","templated":true}]}}