{"id":1019,"date":"2021-04-21T11:58:44","date_gmt":"2021-04-21T09:58:44","guid":{"rendered":"http:\/\/www.infokuryr.cz\/n\/?p=1019"},"modified":"2021-04-21T15:49:02","modified_gmt":"2021-04-21T13:49:02","slug":"prohlaseni-narodni-demokracie-k-vladnim-dezinformacim-o-udajnem-teroristickem-utoku","status":"publish","type":"post","link":"https:\/\/www.infokuryr.cz\/n\/2021\/04\/21\/prohlaseni-narodni-demokracie-k-vladnim-dezinformacim-o-udajnem-teroristickem-utoku\/","title":{"rendered":"PROHL\u00c1\u0160EN\u00cd N\u00c1RODN\u00cd DEMOKRACIE K VL\u00c1DN\u00cdM DEZINFORMAC\u00cdM O \u00daDAJN\u00c9M \u201eTERORISTICK\u00c9M \u00daTOKU\u201c"},"content":{"rendered":"<div id=\"fb-root\"><\/div>\n<p><strong>N\u00e1rodn\u00ed demokracie s pot\u011b\u0161en\u00edm sleduje, jak po \u00fadajn\u00e9 pandemii Covid-19 nen\u00ed v m\u00e9di\u00edch ani vidu ani slechu. Nane\u0161t\u011bst\u00ed je tomu jen proto, \u017ee ji vyst\u0159\u00eddala jin\u00e1 operace pod fale\u0161nou vlajkou \u2013 historka o v\u00fdbuchu ve Vrb\u011btic\u00edch. Medi\u00e1ln\u00ed a politick\u00e9 pokryt\u00ed obou t\u011bchto operac\u00ed je t\u00e9m\u011b\u0159 identick\u00e9 a ukazuje, \u017ee ob\u011b zpravodajsk\u00e9 hry maj\u00ed stejn\u00fd p\u016fvod a jsou \u0159\u00edzeny ze stejn\u00e9ho m\u00edsta \u2013 z USA.<\/strong><span id=\"more-11855\"><\/span><\/p>\n<p>N\u00e1rodn\u00ed demokracie nev\u011b\u0159\u00ed ani t\u00e9to vymy\u0161len\u00e9 kauze, pova\u017euje ji za sm\u011b\u0161nou, prvopl\u00e1novou, vytvo\u0159enou americk\u00fdmi zpravodajsk\u00fdmi slu\u017ebami a ochotn\u011b p\u0159evzatou t\u011bmi \u010desk\u00fdmi, kter\u00e9 jsou t\u011bm americk\u00fdm pod\u0159\u00edzeny. Jej\u00edm smyslem je nen\u00e1vratn\u011b po\u0161kodit \u010desko-rusk\u00e9 vztahy, p\u0159ed \u010d\u00edm\u017e N\u00e1rodn\u00ed demokracie dlouhodob\u011b varuje.<\/p>\n<p>N\u00e1rodn\u00ed demokracie, kter\u00e1 navazuje na prorusk\u00e9 a v\u0161eslovansk\u00e9 postoje Karla Kram\u00e1\u0159e, je prosta ve\u0161ker\u00e9 rusofobie, kterou p\u0159edv\u00e1d\u011bj\u00ed \u010de\u0161t\u00ed politici. T\u0159eba\u017ee prosazujeme v zahrani\u010dn\u00edch ot\u00e1zk\u00e1ch princip neutrality (vystoupen\u00ed z EU a z NATO), je jasn\u00e9, \u017ee \u00fazk\u00e1 spolupr\u00e1ce s Ruskem coby nejv\u011bt\u0161\u00ed slovanskou zem\u00ed, je v na\u0161em n\u00e1rodn\u00edm z\u00e1jmu. I proto jsme \u2013 jako jedin\u00e1 strana v \u010cesk\u00e9 republice \u2013 ale i jako prvn\u00ed a dosud jedin\u00e1 strana v Evrop\u011b \u2013 p\u0159ed \u010dasem\u00a0<a href=\"https:\/\/narodnidemokracie.cz\/narodni-demokracie-jako-prvni-strana-v-evrope-uzavrela-spolupraci-s-ruskou-stranou-ldpr-vladimira-v-zirinovskeho\/\" target=\"_blank\" rel=\"noopener\"><em><strong>uzav\u0159eli spolupr\u00e1ci<\/strong><\/em><\/a>\u00a0s Liber\u00e1ln\u011b-demokratickou stranou Ruska (LDPR).<\/p>\n<p>N\u00e1rodn\u00ed demokracie ost\u0159e odsuzuje snahy americk\u00fdch tajn\u00fdch slu\u017eeb vr\u00e1\u017eet kl\u00edn mezi na\u0161e zem\u011b a jejich historicky p\u0159\u00e1telsk\u00e9 vztahy. Pokud koalice N\u00e1rodn\u00ed demokracie s Alianc\u00ed n\u00e1rodn\u00edch sil dostane v nadch\u00e1zej\u00edc\u00edch volb\u00e1ch d\u016fv\u011bru, vztahy s Ruskem urovn\u00e1me.<\/p>\n<p><em>P\u0159edsednictvo N\u00e1rodn\u00ed demokracie, 20. dubna 2021<\/em><\/p>\n<p><img decoding=\"async\" loading=\"lazy\" class=\"alignnone size-full wp-image-678\" src=\"http:\/\/www.infokuryr.cz\/n\/wp-content\/uploads\/2021\/04\/narodni_demokracie_logo.jpg\" alt=\"\" width=\"300\" height=\"85\" \/><\/p>\n<p>&nbsp;<\/p>\n<p>&nbsp;<\/p>\n","protected":false},"excerpt":{"rendered":"<p>N\u00e1rodn\u00ed demokracie s pot\u011b\u0161en\u00edm sleduje, jak po \u00fadajn\u00e9 pandemii Covid-19 nen\u00ed v m\u00e9di\u00edch ani vidu&#8230;<\/p>\n","protected":false},"author":2,"featured_media":670,"comment_status":"closed","ping_status":"closed","sticky":false,"template":"","format":"standard","meta":[],"categories":[6],"tags":[23,99,145],"_links":{"self":[{"href":"https:\/\/www.infokuryr.cz\/n\/wp-json\/wp\/v2\/posts\/1019"}],"collection":[{"href":"https:\/\/www.infokuryr.cz\/n\/wp-json\/wp\/v2\/posts"}],"about":[{"href":"https:\/\/www.infokuryr.cz\/n\/wp-json\/wp\/v2\/types\/post"}],"author":[{"embeddable":true,"href":"https:\/\/www.infokuryr.cz\/n\/wp-json\/wp\/v2\/users\/2"}],"replies":[{"embeddable":true,"href":"https:\/\/www.infokuryr.cz\/n\/wp-json\/wp\/v2\/comments?post=1019"}],"version-history":[{"count":0,"href":"https:\/\/www.infokuryr.cz\/n\/wp-json\/wp\/v2\/posts\/1019\/revisions"}],"wp:featuredmedia":[{"embeddable":true,"href":"https:\/\/www.infokuryr.cz\/n\/wp-json\/wp\/v2\/media\/670"}],"wp:attachment":[{"href":"https:\/\/www.infokuryr.cz\/n\/wp-json\/wp\/v2\/media?parent=1019"}],"wp:term":[{"taxonomy":"category","embeddable":true,"href":"https:\/\/www.infokuryr.cz\/n\/wp-json\/wp\/v2\/categories?post=1019"},{"taxonomy":"post_tag","embeddable":true,"href":"https:\/\/www.infokuryr.cz\/n\/wp-json\/wp\/v2\/tags?post=1019"}],"curies":[{"name":"wp","href":"https:\/\/api.w.org\/{rel}","templated":true}]}}