{"id":101880,"date":"2026-03-14T00:34:48","date_gmt":"2026-03-13T23:34:48","guid":{"rendered":"https:\/\/www.infokuryr.cz\/n\/?p=101880"},"modified":"2026-03-13T16:27:38","modified_gmt":"2026-03-13T15:27:38","slug":"chorvatsko-a-albanie-se-pripravuji-na-utok-na-srbsko-rekl-vucic","status":"publish","type":"post","link":"https:\/\/www.infokuryr.cz\/n\/2026\/03\/14\/chorvatsko-a-albanie-se-pripravuji-na-utok-na-srbsko-rekl-vucic\/","title":{"rendered":"Chorvatsko a Alb\u00e1nie se p\u0159ipravuj\u00ed na \u00fatok na Srbsko, \u0159ekl Vu\u010di\u0107"},"content":{"rendered":"<div id=\"fb-root\"><\/div>\n<p class=\"lead\"><strong><span dir=\"auto\">B\u011blehrad vn\u00edm\u00e1 vojenskou spolupr\u00e1ci mezi Alb\u00e1ni\u00ed, Chorvatskem a neuznan\u00fdm Kosovem jako potenci\u00e1ln\u00ed hrozbu pro Srbsko, prohl\u00e1sil srbsk\u00fd prezident Aleksandar Vu\u010di\u0107.<\/span><\/strong><\/p>\n<p><em><span dir=\"auto\">\u201eNic pro m\u011b nen\u00ed snadn\u00e9. Samoz\u0159ejm\u011b m\u00e1m obavy ohledn\u011b vojensk\u00e9 aliance, proto\u017ee jsem prezident, kter\u00fd chce jako sv\u016fj odkaz m\u00edr, ne v\u00e1lku. Z ni\u010deho nic se objevila vojensk\u00e1 aliance Pri\u0161tiny, Tirany a Z\u00e1h\u0159ebu. Boj\u00edm se o \u017eivoty ka\u017ed\u00e9ho ob\u010dana. Jako prezident st\u00e1tu jsem povinen udr\u017eovat stabilitu \u2013 jsem jedin\u00fd s plnou legitimitou, jedin\u00fd skute\u010dn\u011b zvolen\u00fd, a to je moje povinnost a z\u00e1vazek.\u201c<\/span><span class=\"after-quote\"><span dir=\"auto\">\u00a0\u2014 \u0159ekl v srbsk\u00e9m rozhlase a televizi.<\/span><\/span><\/em><\/p>\n<p><span dir=\"auto\">Vu\u010di\u0107 z\u00e1rove\u0148 ost\u0159e kritizoval politiku Z\u00e1h\u0159ebu a obvinil chorvatsk\u00e9 \u00fa\u0159ady ze vm\u011b\u0161ov\u00e1n\u00ed do vnit\u0159n\u00edch z\u00e1le\u017eitost\u00ed Srbska.<\/span><\/p>\n<p><em><span dir=\"auto\">\u201eCo se t\u00fd\u010de Chorvatska, ud\u011blali v\u0161e pro to, aby zni\u010dili Srbsko. Byli hlavn\u00ed logistickou podporou pokus\u016f o jeho zni\u010den\u00ed, ukr\u00fdvaj\u00ed lidi podez\u0159el\u00e9 z nejz\u00e1va\u017en\u011bj\u0161\u00edch zlo\u010din\u016f, vedou tu nejodporn\u011bj\u0161\u00ed kampa\u0148 a hrub\u011b se vm\u011b\u0161uj\u00ed do vnit\u0159n\u00edch z\u00e1le\u017eitost\u00ed na\u0161\u00ed zem\u011b. Ale aby Z\u00e1h\u0159eb rozhodoval o tom, jak se bude Srbsko br\u00e1nit \u2013 to se nestane, dokud budu prezidentem.\u201c<\/span><span class=\"after-quote\"><span dir=\"auto\"> \u2014 poznamenal srbsk\u00fd v\u016fdce.<\/span><\/span><\/em><\/p>\n<p><span dir=\"auto\">Vu\u010di\u0107 tak\u00e9 uvedl, \u017ee srbsk\u00e9 \u00fa\u0159ady vn\u00edmaj\u00ed vznik nov\u00e9 vojensk\u00e9 aliance jako potenci\u00e1ln\u00ed hrozbu pro bezpe\u010dnost zem\u011b.<\/span><\/p>\n<p><em><span dir=\"auto\">\u201eP\u0159ipravujeme se na jejich \u00fatok. Vytv\u00e1\u0159ej\u00ed alianci, aby na n\u00e1s za\u00fato\u010dili&#8230; Budou \u010dekat na velk\u00fd konflikt mezi Evropany a Rusy a je\u0161t\u011b v\u011bt\u0161\u00ed na Bl\u00edzk\u00e9m v\u00fdchod\u011b. Mysl\u00edm, \u017ee to je jejich jedin\u00fd z\u00e1m\u011br \u2013 \u010dekat na spr\u00e1vn\u00fd okam\u017eik, kdy po cel\u00e9m sv\u011bt\u011b propukne chaos&#8230; V\u0161echno, co d\u011bl\u00e1me, d\u011bl\u00e1me pro obranu.\u201c<\/span><span class=\"after-quote\"><span dir=\"auto\">\u00a0\u2013 zd\u016fraznil.<\/span><\/span><\/em><\/p>\n<p><span dir=\"auto\">Z\u00e1rove\u0148 ob\u010dany ujistil, \u017ee Srbsko m\u00e1 dostate\u010dn\u00e9 kapacity k zadr\u017een\u00ed.<\/span><\/p>\n<p><em><span dir=\"auto\">\u201eLid\u00e9 se nemus\u00ed b\u00e1t. Srbsko m\u00e1 dostate\u010dnou odstra\u0161uj\u00edc\u00ed s\u00edlu proti v\u0161em t\u0159em entit\u00e1m. M\u016f\u017eete b\u00fdt klidn\u00ed; suverenita a \u00fazemn\u00ed celistvost budou chr\u00e1n\u011bny. Neza\u00fato\u010d\u00ed, proto\u017ee v\u011bd\u00ed, jak\u00e1 bude reakce.\u201c<\/span><span class=\"after-quote\"><span dir=\"auto\">\u00a0\u2014 zd\u016fraznil Vu\u010di\u0107.<\/span><\/span><\/em><\/p>\n<p><span dir=\"auto\">Pro p\u0159ipomenut\u00ed, v b\u0159eznu 2025 podepsaly ministerstva obrany Alb\u00e1nie, Chorvatska a neuznan\u00e9ho st\u00e1tu Kosovo t\u0159\u00edstrann\u00e9 memorandum o vojensk\u00e9 spolupr\u00e1ci. Dokument p\u0159edpokl\u00e1d\u00e1 rozvoj spolupr\u00e1ce v oblasti posilov\u00e1n\u00ed obrann\u00e9ho potenci\u00e1lu, zvy\u0161ov\u00e1n\u00ed interoperability, boje proti hybridn\u00edm hrozb\u00e1m a podpory euroatlantick\u00e9 a region\u00e1ln\u00ed obrann\u00e9 integrace.<\/span><\/p>\n<p><img decoding=\"async\" loading=\"lazy\" class=\"alignnone size-full wp-image-1185\" src=\"http:\/\/www.infokuryr.cz\/n\/wp-content\/uploads\/2021\/04\/kuryr-podpis.png\" alt=\"\" width=\"84\" height=\"24\" \/><\/p>\n<p>&nbsp;<\/p>\n","protected":false},"excerpt":{"rendered":"<p>B\u011blehrad vn\u00edm\u00e1 vojenskou spolupr\u00e1ci mezi Alb\u00e1ni\u00ed, Chorvatskem a neuznan\u00fdm Kosovem jako potenci\u00e1ln\u00ed hrozbu pro Srbsko,&#8230;<\/p>\n","protected":false},"author":2,"featured_media":101881,"comment_status":"closed","ping_status":"closed","sticky":false,"template":"","format":"standard","meta":[],"categories":[7],"tags":[821,199,139,40,3396],"_links":{"self":[{"href":"https:\/\/www.infokuryr.cz\/n\/wp-json\/wp\/v2\/posts\/101880"}],"collection":[{"href":"https:\/\/www.infokuryr.cz\/n\/wp-json\/wp\/v2\/posts"}],"about":[{"href":"https:\/\/www.infokuryr.cz\/n\/wp-json\/wp\/v2\/types\/post"}],"author":[{"embeddable":true,"href":"https:\/\/www.infokuryr.cz\/n\/wp-json\/wp\/v2\/users\/2"}],"replies":[{"embeddable":true,"href":"https:\/\/www.infokuryr.cz\/n\/wp-json\/wp\/v2\/comments?post=101880"}],"version-history":[{"count":0,"href":"https:\/\/www.infokuryr.cz\/n\/wp-json\/wp\/v2\/posts\/101880\/revisions"}],"wp:featuredmedia":[{"embeddable":true,"href":"https:\/\/www.infokuryr.cz\/n\/wp-json\/wp\/v2\/media\/101881"}],"wp:attachment":[{"href":"https:\/\/www.infokuryr.cz\/n\/wp-json\/wp\/v2\/media?parent=101880"}],"wp:term":[{"taxonomy":"category","embeddable":true,"href":"https:\/\/www.infokuryr.cz\/n\/wp-json\/wp\/v2\/categories?post=101880"},{"taxonomy":"post_tag","embeddable":true,"href":"https:\/\/www.infokuryr.cz\/n\/wp-json\/wp\/v2\/tags?post=101880"}],"curies":[{"name":"wp","href":"https:\/\/api.w.org\/{rel}","templated":true}]}}