{"id":101863,"date":"2026-03-14T00:25:02","date_gmt":"2026-03-13T23:25:02","guid":{"rendered":"https:\/\/www.infokuryr.cz\/n\/?p=101863"},"modified":"2026-03-13T12:29:37","modified_gmt":"2026-03-13T11:29:37","slug":"kauza-drony-nemesis-zdaleka-nekonci-z-penez-od-darcu-se-melo-podle-poslance-ruzicky-platit-i-vyzivne-byvalym-partnerkam","status":"publish","type":"post","link":"https:\/\/www.infokuryr.cz\/n\/2026\/03\/14\/kauza-drony-nemesis-zdaleka-nekonci-z-penez-od-darcu-se-melo-podle-poslance-ruzicky-platit-i-vyzivne-byvalym-partnerkam\/","title":{"rendered":"Kauza drony Nemesis zdaleka nekon\u010d\u00ed. Z pen\u011bz od d\u00e1rc\u016f se m\u011blo podle poslance R\u016f\u017ei\u010dky platit i v\u00fd\u017eivn\u00e9 b\u00fdval\u00fdm partnerk\u00e1m"},"content":{"rendered":"<div id=\"fb-root\"><\/div>\n<p>Ehm\u2026.Pamatujete si na tiskovou konferenci, kdy p\u0159edseda a medi\u00e1ln\u00ed tv\u00e1\u0159 skupiny D, a jak \u0159\u00edk\u00e1 m\u016fj dobr\u00fd kamar\u00e1d \u201emilitantn\u00ed hysterka\u201c, Ond\u0159ej Vetch\u00fd m\u00e1lem p\u0159i v\u0161ech svat\u00fdch p\u0159\u00edsahal, \u017ee aktivity spolku jsou k\u0159i\u0161\u0165\u00e1lov\u011b \u010dist\u00e9? A jak to doplnil \u0159\u00e1dn\u011b pohnut\u00fdm hlasem a skoro i slza uk\u00e1pla? Tak to vypad\u00e1, \u017ee to bu\u010f velmi dob\u0159e zahr\u00e1l, nebo naopak nepochopil roli u\u017eite\u010dn\u00e9ho aktivisty, kterou v cel\u00e9m syst\u00e9mu hr\u00e1l.<\/p>\n<p>\u201eN\u011bkdo se sna\u017e\u00ed opakovan\u011b vzbuzovat dojem, \u017ee na\u0161e pomoc je nejenom podez\u0159el\u00e1, ale m\u00e1 dokonce vyvolat pocit, \u017ee se prost\u0159ednictv\u00edm na\u0161\u00ed ob\u010dansk\u00e9 aktivity chceme obohatit. Hluboce n\u00e1s to ur\u00e1\u017e\u00ed a znev\u011brohod\u0148uje v o\u010d\u00edch desetitis\u00edc\u016f spoluob\u010dan\u016f, kte\u0159\u00ed n\u00e1m d\u016fv\u011b\u0159uj\u00ed a v\u016f\u010di kter\u00fdm m\u00e1me obrovsk\u00fd mor\u00e1ln\u00ed z\u00e1vazek.\u201c<\/p>\n<p>Ondra toti\u017e spolu s dal\u0161\u00edm \u010dlenem Mikuleck\u00fdm podali na R\u016f\u017ei\u010dku trestn\u00ed ozn\u00e1men\u00ed za pomluvu. Pomluvou m\u011blo b\u00fdt to, \u017ee tvrdil, \u017ee prost\u0159edky nejsou vynakl\u00e1d\u00e1ny transparentn\u011b, \u017ee se drony pouze p\u0159ekupuj\u00ed z \u010c\u00edny a pak bez deklarovan\u00fdch \u00faprav, zato s vysokohorskou p\u0159ir\u00e1\u017ekou p\u0159eprod\u00e1vaj\u00ed d\u00e1l, \u017ee se zkr\u00e1tka ty d\u00e1rcovsk\u00e9 pen\u00edze tak trochu tuneluj\u00ed. Policie to vy\u0161et\u0159ila a odlo\u017eila jako neopodstatn\u011bn\u00e9. Nicm\u00e9n\u011b t\u00edmto ozn\u00e1men\u00edm umo\u017enil pan Vetch\u00fd p\u0159\u00edstup panu Ru\u017ei\u010dkovi k tomu, co p\u0159i vy\u0161et\u0159ov\u00e1n\u00ed zjistila, tedy k vy\u0161et\u0159ovac\u00edmu spisu. A co \u017ee tam dle sv\u00e9ho vyj\u00e1d\u0159en\u00ed na\u0161el?\u00a0<img decoding=\"async\" loading=\"lazy\" src=\"https:\/\/static.xx.fbcdn.net\/images\/emoji.php\/v9\/t4c\/1\/16\/1f642.png\" alt=\"\ud83d\ude42\" width=\"16\" height=\"16\" \/><\/p>\n<p><strong>Cituji z jeho FB:<\/strong><\/p>\n<p>\u2013 \u200bAnal\u00fdza finan\u010dn\u00edch tok\u016f a person\u00e1ln\u00edch vazeb mezi Skupinou D a FPV Space ukazuje na systematick\u00e9 vyv\u00e1d\u011bn\u00ed prost\u0159edk\u016f z ve\u0159ejn\u00e9 sb\u00edrky na drony. Zde jsou ov\u011b\u0159iteln\u00e1 fakta:<\/p>\n<p>\u200b- Ekonomick\u00e1 prov\u00e1zanost: Skupina D (J. Veverka) sm\u011b\u0159uje prost\u0159edky od d\u00e1rc\u016f t\u00e9m\u011b\u0159 v\u00fdhradn\u011b k jedin\u00e9mu dodavateli \u2013 FPV Space. Ten nevykazuje jinou standardn\u00ed podnikatelskou \u010dinnost.<\/p>\n<p>\u200b- Netransparentn\u00ed odm\u011bny: Z \u00fa\u010dt\u016f FPV Space ode\u0161ly za 17 m\u011bs\u00edc\u016f nestandardn\u00ed platby (jednotliv\u011b 9,2 mil., 5,7 mil., 2,3 mil. \u010di 1 mil. K\u010d, atd.).<\/p>\n<p>\u2013 Z dar\u016f se hradilo i v\u00fd\u017eivn\u00e9 b\u00fdval\u00fdm partnerk\u00e1m (celkem 499 tis. K\u010d).<\/p>\n<p>\u200b- Mar\u017ee bez p\u0159idan\u00e9 hodnoty: Podstatn\u00e1 \u010d\u00e1st dron\u016f byla z \u010c\u00edny pouze p\u0159eprod\u00e1na s vysokou p\u0159ir\u00e1\u017ekou, bez deklarovan\u00fdch technick\u00fdch \u00faprav.<\/p>\n<p>\u2013 \u200bV\u0161e nasv\u011bd\u010duje tomu, \u017ee spolek byl od po\u010d\u00e1tku koncipov\u00e1n jako \u00fa\u010delov\u00fd n\u00e1stroj pro osobn\u00ed obohacen\u00ed \u00fazk\u00e9ho \u0159et\u011bzce osob na \u00fakor solidarity d\u00e1rc\u016f a pomoci Ukrajin\u011b.<\/p>\n<p>No\u2026.. nebudu \u0159\u00edkat, \u017ee jsme \u0159\u00edkali, \u017ee pokud n\u011bco opakovan\u011b vypad\u00e1 jako kachna, dost pravd\u011bpodobn\u011b to bude kachna. Taky nebudu opakovat, \u017ee NG\u0160 Karel \u0158ehka, alias dronov\u00fd Charlie, bydl\u00ed v n\u00e1jmu v dom\u011b pana Veverky, arm\u00e1dn\u00edho dodavatele a \u201eekonoma\u201c spolku, kter\u00fd \u010dirou n\u00e1hodou koupil ve vesnici, kde starostuje nov\u00e1 Charlieho p\u0159\u00edtelkyn\u011b. Kdo by ten st\u0159et z\u00e1jm\u016f \u0159e\u0161il, \u017ee. Nebo to, \u017ee to cel\u00e9 p\u0159ev\u00e1\u017een\u00ed na Ukrajinu v podob\u011b diplomatick\u00fdch pas\u016f \u201ekryl\u201c Petr Pavel.<\/p>\n<p>K panu Vetch\u00e9mu. J\u00e1 mysl\u00edm, \u017ee tohle proz\u0159en\u00ed bude v\u011bt\u0161\u00ed, ne\u017e Tmavomodr\u00fd sv\u011bt. Osobn\u011b nepochybuji, \u017ee o tom nem\u011bl tu\u0161en\u00ed, proto\u017ee o \u010dem pochybuji je to, \u017ee krom\u011b t\u00e9 medi\u00e1ln\u00ed mlhy a toho, \u017ee si mohl ob\u010das podr\u017eet dron, tam m\u011bl k n\u011b\u010demu p\u0159\u00edstup.<\/p>\n<p>Za sebe douf\u00e1m, \u017ee se to nezamete pod ukrajinsk\u00fd koberec a i d\u00edky nov\u00fdm lidem se kone\u010dn\u011b uk\u00e1\u017ee, jak to s t\u011bmi Charlieho and\u00edlky vlastn\u011b bylo.<\/p>\n<p><a href=\"https:\/\/web.litterate.cz\/kauza-drony-nemesis-zdaleka-nekonci-z-penez-od-darcu-se-melo-podle-poslance-ruzicky-platit-i-vyzivne-byvalym-partnerkam\/\">Jana Markov\u00e1<\/a><\/p>\n<p><img decoding=\"async\" loading=\"lazy\" class=\"alignnone size-full wp-image-34862\" src=\"http:\/\/www.infokuryr.cz\/n\/wp-content\/uploads\/2023\/08\/jana-markova.jpg\" alt=\"\" width=\"180\" height=\"180\" srcset=\"https:\/\/www.infokuryr.cz\/n\/wp-content\/uploads\/2023\/08\/jana-markova.jpg 180w, https:\/\/www.infokuryr.cz\/n\/wp-content\/uploads\/2023\/08\/jana-markova-150x150.jpg 150w\" sizes=\"(max-width: 180px) 100vw, 180px\" \/><\/p>\n<p>&nbsp;<\/p>\n","protected":false},"excerpt":{"rendered":"<p>Ehm\u2026.Pamatujete si na tiskovou konferenci, kdy p\u0159edseda a medi\u00e1ln\u00ed tv\u00e1\u0159 skupiny D, a jak \u0159\u00edk\u00e1&#8230;<\/p>\n","protected":false},"author":2,"featured_media":72198,"comment_status":"closed","ping_status":"closed","sticky":false,"template":"","format":"standard","meta":[],"categories":[6],"tags":[2856,4471,10729,10285,6287],"_links":{"self":[{"href":"https:\/\/www.infokuryr.cz\/n\/wp-json\/wp\/v2\/posts\/101863"}],"collection":[{"href":"https:\/\/www.infokuryr.cz\/n\/wp-json\/wp\/v2\/posts"}],"about":[{"href":"https:\/\/www.infokuryr.cz\/n\/wp-json\/wp\/v2\/types\/post"}],"author":[{"embeddable":true,"href":"https:\/\/www.infokuryr.cz\/n\/wp-json\/wp\/v2\/users\/2"}],"replies":[{"embeddable":true,"href":"https:\/\/www.infokuryr.cz\/n\/wp-json\/wp\/v2\/comments?post=101863"}],"version-history":[{"count":0,"href":"https:\/\/www.infokuryr.cz\/n\/wp-json\/wp\/v2\/posts\/101863\/revisions"}],"wp:featuredmedia":[{"embeddable":true,"href":"https:\/\/www.infokuryr.cz\/n\/wp-json\/wp\/v2\/media\/72198"}],"wp:attachment":[{"href":"https:\/\/www.infokuryr.cz\/n\/wp-json\/wp\/v2\/media?parent=101863"}],"wp:term":[{"taxonomy":"category","embeddable":true,"href":"https:\/\/www.infokuryr.cz\/n\/wp-json\/wp\/v2\/categories?post=101863"},{"taxonomy":"post_tag","embeddable":true,"href":"https:\/\/www.infokuryr.cz\/n\/wp-json\/wp\/v2\/tags?post=101863"}],"curies":[{"name":"wp","href":"https:\/\/api.w.org\/{rel}","templated":true}]}}