{"id":101859,"date":"2026-03-14T00:16:42","date_gmt":"2026-03-13T23:16:42","guid":{"rendered":"https:\/\/www.infokuryr.cz\/n\/?p=101859"},"modified":"2026-03-13T12:12:58","modified_gmt":"2026-03-13T11:12:58","slug":"jan-panocha-s-izraelem-na-vecne-casy-a-nikdy-jinak","status":"publish","type":"post","link":"https:\/\/www.infokuryr.cz\/n\/2026\/03\/14\/jan-panocha-s-izraelem-na-vecne-casy-a-nikdy-jinak\/","title":{"rendered":"Jan Panocha: S Izraelem na v\u011b\u010dn\u00e9 \u010dasy a nikdy jinak!"},"content":{"rendered":"<div id=\"fb-root\"><\/div>\n<p><strong>Aneb zara\u017eenost v zadnici idolu doby.<\/strong><\/p>\n<p>\u00d3 b\u011bda!, co to Bibi s Donaldem provedli premi\u00e9rovi Babi\u0161ovi &amp; spol. Doslova chv\u00edli potom, co ve sv\u00e9m programov\u00e9m prohl\u00e1\u0161en\u00ed vl\u00e1da vyzdvihla dlouhodob\u00fd nadstandardn\u00ed vztah \u010cR s Izraelem, je \u010d\u00edm d\u00e1l v\u00edc jako k\u016fl v plot\u011b. Za\u010d\u00ednaj\u00ed se r\u00fdsovat analogie s hroucen\u00edm bol\u0161evick\u00e9ho kolosu.<\/p>\n<p>V USA je sly\u0161et od nej\u0161ir\u0161\u00ed ve\u0159ejnosti, a dokonce i n\u011bkolika \u00fa\u0159aduj\u00edc\u00edch politik\u016f, \u017ee pod \u201eAmerika na 1. m\u00edst\u011b\u201c si nep\u0159edstavovali \u201eIzrael na 1. m\u00edst\u011b\u201c, a \u017ee necht\u011bj\u00ed USA ve vleku sionistick\u00e9 lobby. Podobn\u011b se v Sov\u011btsk\u00e9m svazu u\u017e otev\u0159en\u011b prob\u00edraly zlo\u010diny stalinismu, zat\u00edmco v \u010cSSR je\u0161t\u011b bylo v\u0161e p\u0159i star\u00e9m.<\/p>\n<p>Velk\u00e1 Brit\u00e1nie s epsteini\u00e1nskou agres\u00ed nechce m\u00edt co do \u010din\u011bn\u00ed, Francie takt\u00e9\u017e. \u0160pan\u011blsko agresi ost\u0159e odsoudilo a dokonce odvolalo sv\u00e9ho velvyslance z Izraele. Bibi Netanvrahu by sv\u00fdm vstupem riskoval zat\u010den\u00ed ve skandin\u00e1vsk\u00fdch zem\u00edch a Slovinsku. Tak\u00e9 bol\u0161evismus se u\u017e sypal v Polsku, Ma\u010farsku, NDR, zat\u00edmco v \u010cSSR se je\u0161t\u011b d\u011blalo, jako \u017ee nic.<\/p>\n<p>Izraelsko-americk\u00e1 agrese by m\u011bla b\u00fdt impulsem k velmi \u017e\u00e1douc\u00ed standardizaci dlouhodob\u011b nestandardn\u00edch vazeb \u010cR na Izrael.<\/p>\n<p><em><a href=\"https:\/\/narodnidemokracie.cz\/jan-panocha-s-izraelem-na-vecne-casy-a-nikdy-jinak\/\">Jan Panocha<\/a>, \u010dlen ND Praha<\/em><\/p>\n<p><img decoding=\"async\" loading=\"lazy\" class=\"alignnone size-medium wp-image-96209\" src=\"http:\/\/www.infokuryr.cz\/n\/wp-content\/uploads\/2026\/01\/panocha-300x187.jpg\" alt=\"\" width=\"300\" height=\"187\" srcset=\"https:\/\/www.infokuryr.cz\/n\/wp-content\/uploads\/2026\/01\/panocha-300x187.jpg 300w, https:\/\/www.infokuryr.cz\/n\/wp-content\/uploads\/2026\/01\/panocha.jpg 434w\" sizes=\"(max-width: 300px) 100vw, 300px\" \/><\/p>\n<p>&nbsp;<\/p>\n","protected":false},"excerpt":{"rendered":"<p>Aneb zara\u017eenost v zadnici idolu doby. \u00d3 b\u011bda!, co to Bibi s Donaldem provedli premi\u00e9rovi&#8230;<\/p>\n","protected":false},"author":2,"featured_media":76700,"comment_status":"closed","ping_status":"closed","sticky":false,"template":"","format":"standard","meta":[],"categories":[6],"tags":[107,1503,92],"_links":{"self":[{"href":"https:\/\/www.infokuryr.cz\/n\/wp-json\/wp\/v2\/posts\/101859"}],"collection":[{"href":"https:\/\/www.infokuryr.cz\/n\/wp-json\/wp\/v2\/posts"}],"about":[{"href":"https:\/\/www.infokuryr.cz\/n\/wp-json\/wp\/v2\/types\/post"}],"author":[{"embeddable":true,"href":"https:\/\/www.infokuryr.cz\/n\/wp-json\/wp\/v2\/users\/2"}],"replies":[{"embeddable":true,"href":"https:\/\/www.infokuryr.cz\/n\/wp-json\/wp\/v2\/comments?post=101859"}],"version-history":[{"count":0,"href":"https:\/\/www.infokuryr.cz\/n\/wp-json\/wp\/v2\/posts\/101859\/revisions"}],"wp:featuredmedia":[{"embeddable":true,"href":"https:\/\/www.infokuryr.cz\/n\/wp-json\/wp\/v2\/media\/76700"}],"wp:attachment":[{"href":"https:\/\/www.infokuryr.cz\/n\/wp-json\/wp\/v2\/media?parent=101859"}],"wp:term":[{"taxonomy":"category","embeddable":true,"href":"https:\/\/www.infokuryr.cz\/n\/wp-json\/wp\/v2\/categories?post=101859"},{"taxonomy":"post_tag","embeddable":true,"href":"https:\/\/www.infokuryr.cz\/n\/wp-json\/wp\/v2\/tags?post=101859"}],"curies":[{"name":"wp","href":"https:\/\/api.w.org\/{rel}","templated":true}]}}