{"id":101835,"date":"2026-03-14T00:16:32","date_gmt":"2026-03-13T23:16:32","guid":{"rendered":"https:\/\/www.infokuryr.cz\/n\/?p=101835"},"modified":"2026-03-13T11:23:41","modified_gmt":"2026-03-13T10:23:41","slug":"petr-imanuelsen-evropsky-parlament-prave-uznal-nepratelstvi-vuci-krestanum","status":"publish","type":"post","link":"https:\/\/www.infokuryr.cz\/n\/2026\/03\/14\/petr-imanuelsen-evropsky-parlament-prave-uznal-nepratelstvi-vuci-krestanum\/","title":{"rendered":"Petr Imanuelsen: Evropsk\u00fd parlament pr\u00e1v\u011b uznal nep\u0159\u00e1telstv\u00ed v\u016f\u010di k\u0159es\u0165an\u016fm"},"content":{"rendered":"<div id=\"fb-root\"><\/div>\n<div class=\"elementor-element elementor-element-1fb4c2c elementor-widget elementor-widget-theme-post-content\" data-id=\"1fb4c2c\" data-element_type=\"widget\" data-e-type=\"widget\" data-widget_type=\"theme-post-content.default\">\n<div class=\"elementor-widget-container\">\n<h3><span dir=\"auto\">K\u0159es\u0165an\u00e9 jsou nejv\u00edce pron\u00e1sledovanou n\u00e1bo\u017eenskou skupinou na sv\u011bt\u011b.<\/span><\/h3>\n<p><span dir=\"auto\">Z Evropsk\u00e9 unie p\u0159ich\u00e1zej\u00ed n\u011bkter\u00e9 d\u016fle\u017eit\u00e9 zpr\u00e1vy.<\/span><\/p>\n<p><span dir=\"auto\">Evropsk\u00fd parlament ofici\u00e1ln\u011b\u00a0<\/span><strong><span dir=\"auto\">uznal nep\u0159\u00e1telstv\u00ed v\u016f\u010di k\u0159es\u0165an\u016fm (\u201ek\u0159es\u0165anofobii\u201c)<\/span><\/strong><span dir=\"auto\">\u00a0a shledal, \u017ee k\u0159es\u0165an\u00e9 na cel\u00e9m sv\u011bt\u011b jsou vystaveni tvrd\u00e9mu pron\u00e1sledov\u00e1n\u00ed.<\/span><\/p>\n<p><span dir=\"auto\">Navzdory tomu, co se d\u00e1 \u010d\u00edst v mainstreamov\u00fdch m\u00e9di\u00edch, jsou k\u0159es\u0165an\u00e9 ve skute\u010dnosti\u00a0<\/span><strong><span dir=\"auto\">nejv\u00edce pron\u00e1sledovanou n\u00e1bo\u017eenskou skupinou na sv\u011bt\u011b<\/span><\/strong><span dir=\"auto\">\u00a0.<\/span><\/p>\n<p><span dir=\"auto\">V\u00edce ne\u017e\u00a0<\/span><strong><span dir=\"auto\">380 milion\u016f k\u0159es\u0165an\u016f<\/span><\/strong><span dir=\"auto\">\u00a0na cel\u00e9m sv\u011bt\u011b \u010del\u00ed kv\u016fli sv\u00e9 v\u00ed\u0159e krut\u00e9mu pron\u00e1sledov\u00e1n\u00ed.<\/span><\/p>\n<p><span dir=\"auto\">V lednu Evropsk\u00fd parlament p\u0159ijal\u00a0<\/span><a href=\"https:\/\/www.europarl.europa.eu\/doceo\/document\/TA-10-2026-0014_EN.html\" target=\"_blank\" rel=\"noreferrer noopener\" data-type=\"link\" data-id=\"https:\/\/www.europarl.europa.eu\/doceo\/document\/TA-10-2026-0014_EN.html\"><span dir=\"auto\">rezoluci<\/span><\/a><span dir=\"auto\">\u00a0, kter\u00e1 v\u00fdslovn\u011b\u00a0pou\u017eila term\u00edn\u00a0<\/span><strong><span dir=\"auto\">\u201ek\u0159es\u0165anofobie\u201c .<\/span><\/strong><\/p>\n<p><span dir=\"auto\">To se uskute\u010dnilo v r\u00e1mci ka\u017edoro\u010dn\u00edho usnesen\u00ed o\u00a0<\/span><strong><span dir=\"auto\">lidsk\u00fdch pr\u00e1vech a demokracii ve sv\u011bt\u011b<\/span><\/strong><span dir=\"auto\">\u00a0.<\/span><\/p>\n<p><em><span dir=\"auto\">\u201eZat\u00edmco k\u0159es\u0165anstv\u00ed z\u016fst\u00e1v\u00e1 nejv\u00edce pron\u00e1sledovan\u00fdm n\u00e1bo\u017eenstv\u00edm na sv\u011bt\u011b a postihuje v\u00edce ne\u017e 380 milion\u016f lid\u00ed, neexistuje \u017e\u00e1dn\u00fd evropsk\u00fd koordin\u00e1tor pro boj s protik\u0159es\u0165ansk\u00fdmi n\u00e1ladami, p\u0159esto\u017ee byl koordin\u00e1tor pro boj s islamofobi\u00ed jmenov\u00e1n,\u201c uv\u00e1d\u00ed se v usnesen\u00ed EU.<\/span><\/em><\/p>\n<p><span dir=\"auto\">To ukazuje, \u017ee\u00a0<\/span><strong><span dir=\"auto\">v EU neexistuje koordin\u00e1tor pro boj s protik\u0159es\u0165ansk\u00fdmi n\u00e1ladami<\/span><\/strong><span dir=\"auto\">\u00a0, p\u0159esto\u017ee k\u0159es\u0165an\u00e9 jsou celosv\u011btov\u011b nejv\u00edce pron\u00e1sledovan\u00fdmi lidmi.<\/span><\/p>\n<p><span dir=\"auto\">Celosv\u011btov\u011b\u00a0<\/span><strong><span dir=\"auto\">je pron\u00e1sledov\u00e1n ka\u017ed\u00fd sedm\u00fd k\u0159es\u0165an<\/span><\/strong><span dir=\"auto\">\u00a0. To je extr\u00e9mn\u011b vysok\u00e9 \u010d\u00edslo.<\/span><\/p>\n<p><span dir=\"auto\">Nejnov\u011bj\u0161\u00ed zpr\u00e1va organizace\u00a0<\/span><strong><span dir=\"auto\">Open Doors<\/span><\/strong><span dir=\"auto\">\u00a0, kter\u00e1 dokumentuje pron\u00e1sledov\u00e1n\u00ed k\u0159es\u0165an\u016f po cel\u00e9m sv\u011bt\u011b, ukazuje, \u017ee\u00a0<\/span><strong><span dir=\"auto\">bylo napadeno 3 632 kostel\u016f a k\u0159es\u0165ansk\u00fdch instituc\u00ed<\/span><\/strong><span dir=\"auto\">\u00a0.<\/span><\/p>\n<p><span dir=\"auto\">Jen v\u00a0<\/span><strong><span dir=\"auto\">Nig\u00e9rii<\/span><\/strong><span dir=\"auto\">\u00a0byly loni zabity tis\u00edce k\u0159es\u0165an\u016f.<\/span><\/p>\n<p><span dir=\"auto\">Mezi deseti zem\u011bmi s nejhor\u0161\u00edm pron\u00e1sledov\u00e1n\u00edm k\u0159es\u0165an\u016f jsou jak\u00a0<\/span><strong><span dir=\"auto\">komunistick\u00e9 st\u00e1ty extr\u00e9mn\u00ed levice<\/span><\/strong><span dir=\"auto\">\u00a0, tak zem\u011b, kde je pron\u00e1sledov\u00e1n\u00ed prov\u00e1d\u011bno\u00a0<\/span><strong><span dir=\"auto\">isl\u00e1msk\u00fdm extremismem<\/span><\/strong><span dir=\"auto\">\u00a0.<\/span><\/p>\n<p><span dir=\"auto\">Celkem\u00a0<\/span><strong><span dir=\"auto\">224 129 k\u0159es\u0165an\u016f<\/span><\/strong><span dir=\"auto\">\u00a0muselo opustit sv\u00e9 domovy, skr\u00fdvat se nebo uprchnout ze sv\u00e9 zem\u011b, proto\u017ee byli vystaveni n\u00e1siln\u00e9mu pron\u00e1sledov\u00e1n\u00ed.<\/span><\/p>\n<p><span dir=\"auto\">Podle organizace\u00a0<\/span><strong><span dir=\"auto\">Open Doors<\/span><\/strong><span dir=\"auto\">\u00a0\u017eije rekordn\u00ed po\u010det k\u0159es\u0165an\u016f pod t\u011b\u017ek\u00fdm pron\u00e1sledov\u00e1n\u00edm. Situace se zhor\u0161uje.<\/span><\/p>\n<p><em><span dir=\"auto\">\u201ePamatujte na slovo, kter\u00e9 jsem v\u00e1m \u0159ekl: \u201aSlu\u017eebn\u00edk nen\u00ed v\u011bt\u0161\u00ed ne\u017e jeho p\u00e1n.\u2018 Jestli\u017ee pron\u00e1sledovali m\u011b, budou pron\u00e1sledovat i v\u00e1s; jestli\u017ee zachov\u00e1vali m\u00e9 slovo, budou zachov\u00e1vat i va\u0161e. To v\u0161echno v\u00e1m budou d\u011blat pro m\u00e9 jm\u00e9no, proto\u017ee neznaj\u00ed toho, kdo m\u011b poslal.\u201c \u2013 Jan 15:21\u201322<\/span><\/em><\/p>\n<\/div>\n<\/div>\n<div class=\"elementor-element elementor-element-8c57238 quelle dc-has-condition dc-condition-empty elementor-widget elementor-widget-heading\" data-id=\"8c57238\" data-element_type=\"widget\" data-e-type=\"widget\" data-widget_type=\"heading.default\">\n<div class=\"elementor-widget-container\">\n<h3 class=\"elementor-heading-title elementor-size-default\"><span style=\"font-size: 10pt;\"><a href=\"https:\/\/www.petersweden.org\/p\/the-eu-parliament-just-recognized?utm_source=post-email-title&amp;publication_id=547128&amp;post_id=190562454&amp;utm_campaign=email-post-title&amp;isFreemail=false&amp;r=pf6gr&amp;triedRedirect=true&amp;_src_ref=deref-gmx.net&amp;utm_medium=email\" target=\"_blank\" rel=\"nofollow noopener\"><span dir=\"auto\">Zdroj<\/span><\/a><\/span><\/h3>\n<p>&nbsp;<\/p>\n<\/div>\n<\/div>\n","protected":false},"excerpt":{"rendered":"<p>K\u0159es\u0165an\u00e9 jsou nejv\u00edce pron\u00e1sledovanou n\u00e1bo\u017eenskou skupinou na sv\u011bt\u011b. Z Evropsk\u00e9 unie p\u0159ich\u00e1zej\u00ed n\u011bkter\u00e9 d\u016fle\u017eit\u00e9 zpr\u00e1vy&#8230;.<\/p>\n","protected":false},"author":2,"featured_media":101836,"comment_status":"closed","ping_status":"closed","sticky":false,"template":"","format":"standard","meta":[],"categories":[7],"tags":[1356,167,1757],"_links":{"self":[{"href":"https:\/\/www.infokuryr.cz\/n\/wp-json\/wp\/v2\/posts\/101835"}],"collection":[{"href":"https:\/\/www.infokuryr.cz\/n\/wp-json\/wp\/v2\/posts"}],"about":[{"href":"https:\/\/www.infokuryr.cz\/n\/wp-json\/wp\/v2\/types\/post"}],"author":[{"embeddable":true,"href":"https:\/\/www.infokuryr.cz\/n\/wp-json\/wp\/v2\/users\/2"}],"replies":[{"embeddable":true,"href":"https:\/\/www.infokuryr.cz\/n\/wp-json\/wp\/v2\/comments?post=101835"}],"version-history":[{"count":0,"href":"https:\/\/www.infokuryr.cz\/n\/wp-json\/wp\/v2\/posts\/101835\/revisions"}],"wp:featuredmedia":[{"embeddable":true,"href":"https:\/\/www.infokuryr.cz\/n\/wp-json\/wp\/v2\/media\/101836"}],"wp:attachment":[{"href":"https:\/\/www.infokuryr.cz\/n\/wp-json\/wp\/v2\/media?parent=101835"}],"wp:term":[{"taxonomy":"category","embeddable":true,"href":"https:\/\/www.infokuryr.cz\/n\/wp-json\/wp\/v2\/categories?post=101835"},{"taxonomy":"post_tag","embeddable":true,"href":"https:\/\/www.infokuryr.cz\/n\/wp-json\/wp\/v2\/tags?post=101835"}],"curies":[{"name":"wp","href":"https:\/\/api.w.org\/{rel}","templated":true}]}}