{"id":101830,"date":"2026-03-14T00:12:37","date_gmt":"2026-03-13T23:12:37","guid":{"rendered":"https:\/\/www.infokuryr.cz\/n\/?p=101830"},"modified":"2026-03-13T12:07:11","modified_gmt":"2026-03-13T11:07:11","slug":"larry-c-johnson-valka-donalda-trumpa-proti-iranu-se-meni-v-debakl","status":"publish","type":"post","link":"https:\/\/www.infokuryr.cz\/n\/2026\/03\/14\/larry-c-johnson-valka-donalda-trumpa-proti-iranu-se-meni-v-debakl\/","title":{"rendered":"Larry C. Johnson: V\u00e1lka Donalda Trumpa proti \u00cdr\u00e1nu se m\u011bn\u00ed v debakl"},"content":{"rendered":"<div id=\"fb-root\"><\/div>\n<div class=\"elementor-element elementor-element-1fb4c2c elementor-widget elementor-widget-theme-post-content\" data-id=\"1fb4c2c\" data-element_type=\"widget\" data-e-type=\"widget\" data-widget_type=\"theme-post-content.default\">\n<div class=\"elementor-widget-container\">\n<p><img decoding=\"async\" loading=\"lazy\" class=\"aligncenter\" src=\"https:\/\/i0.wp.com\/sonar21.com\/wp-content\/uploads\/2026\/03\/image-13.png?fit=536%2C477&amp;ssl=1\" width=\"596\" height=\"530\" \/><\/p>\n<p><strong><span dir=\"auto\">Obr\u00e1zek naho\u0159e ilustruje, pro\u010d m\u00e1 Donald Trump politick\u00e9 pot\u00ed\u017ee kv\u016fli sv\u00e9mu rozhodnut\u00ed zah\u00e1jit v\u00e1lku proti \u00cdr\u00e1nu. P\u0159edchoz\u00ed prezidenti v\u011bd\u011bli, \u017ee ne\u017e vy\u0161lou americk\u00e9 voj\u00e1ky a letadla do zahrani\u010d\u00ed k \u00fatoku na jinou zemi, mus\u00ed si z\u00edskat podporu ve\u0159ejnosti. Jinak riskuj\u00ed politickou izolaci a obvin\u011bn\u00ed, pokud se v\u00e1lka zvrtne. A v\u00e1lka proti \u00cdr\u00e1nu se pro USA vyv\u00edj\u00ed \u0161patn\u011b, a to i p\u0159es no\u010dn\u00ed, nep\u0159etr\u017eit\u00e9 povzbuzov\u00e1n\u00ed vys\u00edlan\u00e9 na Fox News.<\/span><\/strong><\/p>\n<p><span dir=\"auto\">Trumpova administrativa skute\u010dn\u011b v\u011b\u0159ila, \u017ee \u00fatok st\u011bt\u00edm hlav z 28. \u00fanora podn\u00edt\u00ed \u00edr\u00e1nsk\u00fd lid k revolt\u011b proti Isl\u00e1msk\u00e9 republice. Trump ignoroval varov\u00e1n\u00ed gener\u00e1la Caina, p\u0159edsedy Sboru n\u00e1\u010deln\u00edk\u016f \u0161t\u00e1b\u016f, a N\u00e1rodn\u00ed zpravodajsk\u00e9 rady o opaku. Trump zjevn\u011b nikdy nezv\u00e1\u017eil mo\u017enost, \u017ee by \u00cdr\u00e1n zablokoval Hormuzsk\u00fd pr\u016fliv, \u010d\u00edm\u017e by naru\u0161il tok ropy, zkapaln\u011bn\u00e9ho zemn\u00edho plynu a dus\u00edkat\u00fdch hnojiv z Persk\u00e9ho z\u00e1livu. Jak jsem vysv\u011btlil ve sv\u00e9m posledn\u00edm \u010dl\u00e1nku \u201e\u00a0\u00a0<\/span><a href=\"https:\/\/sonar21.com\/choke-point-the-global-economic-consequences-of-the-persian-gulf-shutdown\/\"><u><span dir=\"auto\">\u00dazk\u00e9 hrdlo: Glob\u00e1ln\u00ed ekonomick\u00e9 d\u016fsledky blok\u00e1dy Persk\u00e9ho z\u00e1livu\u201c,<\/span><\/u><\/a><span dir=\"auto\">\u00a0\u00a0\u00edr\u00e1nsk\u00e1 blok\u00e1da Persk\u00e9ho z\u00e1livu vyvolala hlubok\u00e9 ekonomick\u00e9 ot\u0159esy, kter\u00e9 povedou ke glob\u00e1ln\u00ed recesi a pokud potrv\u00e1 d\u00e9le ne\u017e m\u011bs\u00edc, ke glob\u00e1ln\u00ed depresi.<\/span><\/p>\n<p><span dir=\"auto\">A\u010dkoliv se o USA p\u0159edpokl\u00e1d\u00e1, \u017ee nejsou z\u00e1visl\u00e9 na rop\u011b z Persk\u00e9ho z\u00e1livu, ceny benz\u00ednu dramaticky rostou ve v\u0161ech 50 st\u00e1tech. Kdy\u017e jsem v ned\u011bli tankoval, cena byla o 50 cent\u016f vy\u0161\u0161\u00ed ne\u017e p\u0159ed \u0161esti dny. Dnes (ve st\u0159edu) jsem to znovu zkontroloval a cena vzrostla o dal\u0161\u00edch 15 cent\u016f. Zv\u00fd\u0161en\u00e9 n\u00e1klady na palivo zat\u00ed\u017e\u00ed celou ekonomiku, proto\u017ee \u0159idi\u010di kamion\u016f, leteck\u00e9 spole\u010dnosti a zem\u011bd\u011blci budou muset utratit v\u00edce za provoz sv\u00fdch stroj\u016f. Tyto n\u00e1klady se p\u0159enesou na spot\u0159ebitele. Bude to dvojit\u00e1 r\u00e1na \u2013 nejen v USA, ale i celosv\u011btov\u011b \u2013 rostouc\u00ed ceny a pomal\u00fd hospod\u00e1\u0159sk\u00fd r\u016fst. Ceny ropy a LNG nakonec klesnou, ale jen proto, \u017ee recese, kter\u00e1 zas\u00e1hne v\u011bt\u0161inu ekonomik po cel\u00e9m sv\u011bt\u011b, sn\u00ed\u017e\u00ed popt\u00e1vku.<\/span><\/p>\n<p><span dir=\"auto\">Situace na vojensk\u00e9 front\u011b je tak\u00e9 ponur\u00e1 a znepokojiv\u00e1. Navzdory masivn\u00edmu ni\u010den\u00ed v \u00cdr\u00e1nu se americk\u00fdm a izraelsk\u00fdm sil\u00e1m nepoda\u0159ilo neutralizovat \u00edr\u00e1nsk\u00e9 raketov\u00e9 a st\u0159ely s plochou dr\u00e1hou letu, ani jejich drony. Ministerstvo obrany USA uznalo, \u017ee \u00cdr\u00e1n ni\u010div\u00fdmi proti\u00fatoky p\u0159ekonal o\u010dek\u00e1v\u00e1n\u00ed americk\u00e9 arm\u00e1dy.<\/span><\/p>\n<p><span dir=\"auto\">Dne 11. b\u0159ezna 2026 zve\u0159ejnil den\u00edk The\u00a0\u00a0<\/span><em><a href=\"https:\/\/web.archive.org\/web\/20260311194130\/https:\/\/www.nytimes.com\/interactive\/2026\/03\/11\/world\/middleeast\/iran-us-military-bases-strikes-map.html\"><u><span dir=\"auto\">New York Times<\/span><\/u><\/a><\/em><span dir=\"auto\">\u00a0\u00a0interaktivn\u00ed anal\u00fdzu po\u0161kozen\u00ed americk\u00fdch vojensk\u00fdch z\u00e1kladen a souvisej\u00edc\u00edch za\u0159\u00edzen\u00ed na Bl\u00edzk\u00e9m v\u00fdchod\u011b v d\u016fsledku prob\u00edhaj\u00edc\u00ed americko-izraelsk\u00e9 v\u00e1lky proti \u00cdr\u00e1nu. Anal\u00fdza s vyu\u017eit\u00edm komer\u010dn\u00edch satelitn\u00edch sn\u00edmk\u016f s vysok\u00fdm rozli\u0161en\u00edm (od poskytovatel\u016f, jako jsou Airbus DS a Planet Labs), ov\u011b\u0159en\u00fdch vide\u00ed ze soci\u00e1ln\u00edch m\u00e9di\u00ed a ofici\u00e1ln\u00edch prohl\u00e1\u0161en\u00ed americk\u00fdch p\u0159edstavitel\u016f a \u00edr\u00e1nsk\u00fdch st\u00e1tn\u00edch m\u00e9di\u00ed dokumentuje nejm\u00e9n\u011b 17 po\u0161kozen\u00fdch americk\u00fdch objekt\u016f (v\u010detn\u011b americk\u00fdch vojensk\u00fdch z\u00e1kladen, infrastruktury protivzdu\u0161n\u00e9 obrany a diplomatick\u00fdch za\u0159\u00edzen\u00ed). Anal\u00fdza, aktu\u00e1ln\u00ed k 10. b\u0159eznu 2026, zd\u016fraz\u0148uje \u00edr\u00e1nsk\u00e9 odvetn\u00e9 \u00fadery \u2013 tis\u00edce raket a dron\u016f \u2013 kter\u00e9 byly vypu\u0161t\u011bny v reakci na americko-izraelsk\u00fd \u00fatok na \u00cdr\u00e1n koncem \u00fanora 2026.<\/span><\/p>\n<figure class=\"wp-block-image aligncenter\"><img decoding=\"async\" class=\"aligncenter\" src=\"https:\/\/i0.wp.com\/sonar21.com\/wp-content\/uploads\/2026\/03\/32A58777-E528-4718-A45D-2435D62BFD4F-1024x943.png?resize=682%2C628&amp;ssl=1\" alt=\"\" \/><\/figure>\n<p><span dir=\"auto\">\u00cdr\u00e1nsk\u00e9 \u00fatoky za\u010daly kr\u00e1tce po vypuknut\u00ed konfliktu (nap\u0159. od 28. \u00fanora) a byly zam\u011b\u0159eny na 13 m\u00edst v\u00a0\u00a0<\/span><strong><span dir=\"auto\">Kuvajtu, Kataru, Bahrajnu, Sa\u00fadsk\u00e9 Ar\u00e1bii, Spojen\u00fdch arabsk\u00fdch emir\u00e1tech, Jord\u00e1nsku a Ir\u00e1ku<\/span><\/strong><span dir=\"auto\">\u00a0\u00a0:<\/span><\/p>\n<ul>\n<li><strong><span dir=\"auto\">Kuvajt<\/span><\/strong><span dir=\"auto\">\u00a0\u00a0: N\u011bkolik \u00fatok\u016f na leteckou z\u00e1kladnu Ali Al Salem (1. b\u0159ezna), t\u00e1bor Arifjan (4. b\u0159ezna), p\u0159\u00edstav Shuaiba (2. b\u0159ezna, p\u0159i kter\u00e9m bylo zabito \u0161est americk\u00fdch voj\u00e1k\u016f; satelitn\u00ed sn\u00edmky ukazuj\u00ed \u010d\u00e1ste\u010dn\u00e9 z\u0159\u00edcen\u00ed st\u0159echy) a t\u00e1bor Buehring (5. b\u0159ezna, v\u00fdbuch dronu pobl\u00ed\u017e sportovn\u00edch za\u0159\u00edzen\u00ed; \u017e\u00e1dn\u00ed ob\u011bti nebyly).<\/span><\/li>\n<li><strong><span dir=\"auto\">Bahrajn<\/span><\/strong><span dir=\"auto\">\u00a0\u00a0: Velitelstv\u00ed 5. flotily USA bylo napadeno (28. \u00fanora\/1. b\u0159ezna), p\u0159i\u010dem\u017e na ov\u011b\u0159en\u00e9m videu je vid\u011bt po\u0161kozen\u00ed komunika\u010dn\u00edho radomu.<\/span><\/li>\n<li><strong><span dir=\"auto\">Sa\u00fadsk\u00e1 Ar\u00e1bie<\/span><\/strong><span dir=\"auto\">\u00a0\u00a0: Leteck\u00e1 z\u00e1kladna prince Sult\u00e1na (1. b\u0159ezna), kde byl zabit americk\u00fd voj\u00e1k.<\/span><\/li>\n<li><strong><span dir=\"auto\">Katar<\/span><\/strong><span dir=\"auto\">\u00a0\u00a0: Leteck\u00e1 z\u00e1kladna Al Udeid (9. b\u0159ezna) a radarov\u00e1 stanice Umm Dahal (po\u0161kozen\u00ed radaru AN\/FPS-132).<\/span><\/li>\n<li><strong><span dir=\"auto\">Spojen\u00e9 arabsk\u00e9 emir\u00e1ty<\/span><\/strong><span dir=\"auto\">\u00a0\u00a0: Leteck\u00e1 z\u00e1kladna Al Dhafra (3. b\u0159ezna), p\u0159\u00edstav Jebel Ali (1. b\u0159ezna), Al Ruwais (pobl\u00ed\u017e jednotky THAAD) a za\u0159\u00edzen\u00ed v Al Sader.<\/span><\/li>\n<li><strong><span dir=\"auto\">Jord\u00e1nsko<\/span><\/strong><span dir=\"auto\">\u00a0\u00a0: Leteck\u00e1 z\u00e1kladna Muwaffaq Salti (4. b\u0159ezna), s v\u00e1\u017en\u00fdm po\u0161kozen\u00edm senzor\u016f protivzdu\u0161n\u00e9 obrany.<\/span><\/li>\n<li><strong><span dir=\"auto\">Ir\u00e1k<\/span><\/strong><span dir=\"auto\">\u00a0\u00a0: Leti\u0161t\u011b v Arb\u00edlu (1. b\u0159ezna).<\/span><\/li>\n<li><strong><span dir=\"auto\">Jin\u00e9<\/span><\/strong><span dir=\"auto\">\u00a0\u00a0: \u00datoky dos\u00e1hly a\u017e do Turecka (NATO 4. b\u0159ezna zachytilo rakety nam\u00ed\u0159en\u00e9 na leteckou z\u00e1kladnu Incirlik, co\u017e \u00cdr\u00e1n pop\u0159el).<\/span><\/li>\n<\/ul>\n<p><span dir=\"auto\">N\u011bkolik z\u00e1kladen (nap\u0159. Al Udeid, Ali Al Salem, Al Dhafra) bylo napadeno opakovan\u011b. Mezi diplomatick\u00e9 c\u00edle pat\u0159il americk\u00fd konzul\u00e1t v Dubaji a ambas\u00e1dy v Kuvajtu, Rij\u00e1du a Bagd\u00e1du (raketov\u00fd \u00fatok 8. b\u0159ezna, \u017e\u00e1dn\u00e9 potvrzen\u00e9 ob\u011bti).<\/span><\/p>\n<p><span dir=\"auto\">A\u010dkoli americk\u00e9 CENTCOM nad\u00e1le trv\u00e1 na tom, \u017ee \u00cdr\u00e1n zp\u016fsobil jen mal\u00e9 \u0161kody, realita je takov\u00e1, \u017ee \u00cdr\u00e1n v\u00e1\u017en\u011b naru\u0161il schopnost USA zahajovat a udr\u017eovat bojov\u00e9 operace z v\u00fd\u0161e zm\u00edn\u011bn\u00fdch z\u00e1kladen a za\u0159\u00edzen\u00ed.<\/span><\/p>\n<p><span dir=\"auto\">Existuje n\u011bkolik zpr\u00e1v, \u017ee se Trump pokusil obnovit rozhovory s \u00cdr\u00e1nem v nad\u011bji, \u017ee dos\u00e1hne p\u0159\u00edm\u011b\u0159\u00ed nebo postupn\u00e9ho sta\u017een\u00ed americk\u00fdch vojsk. \u00cdr\u00e1n to v\u0161ak r\u00e1zn\u011b odm\u00edtl a bude pokra\u010dovat v \u00fatoc\u00edch na americk\u00e1 za\u0159\u00edzen\u00ed a Izrael bez ohledu na Trumpovo rozhodnut\u00ed.<\/span><\/p>\n<\/div>\n<\/div>\n<div class=\"elementor-element elementor-element-8c57238 quelle dc-has-condition dc-condition-empty elementor-widget elementor-widget-heading\" data-id=\"8c57238\" data-element_type=\"widget\" data-e-type=\"widget\" data-widget_type=\"heading.default\">\n<div class=\"elementor-widget-container\">\n<h3 class=\"elementor-heading-title elementor-size-default\"><span style=\"font-size: 10pt;\"><a href=\"https:\/\/sonar21.com\/donald-trumps-war-on-iran-is-turning-into-a-debacle\/\" target=\"_blank\" rel=\"nofollow noopener\"><span dir=\"auto\">Zdroj<\/span><\/a><\/span><\/h3>\n<p>&nbsp;<\/p>\n<\/div>\n<\/div>\n","protected":false},"excerpt":{"rendered":"<p>Obr\u00e1zek naho\u0159e ilustruje, pro\u010d m\u00e1 Donald Trump politick\u00e9 pot\u00ed\u017ee kv\u016fli sv\u00e9mu rozhodnut\u00ed zah\u00e1jit v\u00e1lku proti&#8230;<\/p>\n","protected":false},"author":2,"featured_media":71808,"comment_status":"closed","ping_status":"closed","sticky":false,"template":"","format":"standard","meta":[],"categories":[7],"tags":[38,1503,452,40],"_links":{"self":[{"href":"https:\/\/www.infokuryr.cz\/n\/wp-json\/wp\/v2\/posts\/101830"}],"collection":[{"href":"https:\/\/www.infokuryr.cz\/n\/wp-json\/wp\/v2\/posts"}],"about":[{"href":"https:\/\/www.infokuryr.cz\/n\/wp-json\/wp\/v2\/types\/post"}],"author":[{"embeddable":true,"href":"https:\/\/www.infokuryr.cz\/n\/wp-json\/wp\/v2\/users\/2"}],"replies":[{"embeddable":true,"href":"https:\/\/www.infokuryr.cz\/n\/wp-json\/wp\/v2\/comments?post=101830"}],"version-history":[{"count":0,"href":"https:\/\/www.infokuryr.cz\/n\/wp-json\/wp\/v2\/posts\/101830\/revisions"}],"wp:featuredmedia":[{"embeddable":true,"href":"https:\/\/www.infokuryr.cz\/n\/wp-json\/wp\/v2\/media\/71808"}],"wp:attachment":[{"href":"https:\/\/www.infokuryr.cz\/n\/wp-json\/wp\/v2\/media?parent=101830"}],"wp:term":[{"taxonomy":"category","embeddable":true,"href":"https:\/\/www.infokuryr.cz\/n\/wp-json\/wp\/v2\/categories?post=101830"},{"taxonomy":"post_tag","embeddable":true,"href":"https:\/\/www.infokuryr.cz\/n\/wp-json\/wp\/v2\/tags?post=101830"}],"curies":[{"name":"wp","href":"https:\/\/api.w.org\/{rel}","templated":true}]}}