{"id":101828,"date":"2026-03-14T00:12:38","date_gmt":"2026-03-13T23:12:38","guid":{"rendered":"https:\/\/www.infokuryr.cz\/n\/?p=101828"},"modified":"2026-03-13T11:14:23","modified_gmt":"2026-03-13T10:14:23","slug":"alan-macleod-korporatni-media-z-celeho-srdce-podporuji-valku-usa-a-izraele-proti-iranu","status":"publish","type":"post","link":"https:\/\/www.infokuryr.cz\/n\/2026\/03\/14\/alan-macleod-korporatni-media-z-celeho-srdce-podporuji-valku-usa-a-izraele-proti-iranu\/","title":{"rendered":"Alan Macleod: Korpor\u00e1tn\u00ed m\u00e9dia z cel\u00e9ho srdce podporuj\u00ed v\u00e1lku USA a Izraele proti \u00cdr\u00e1nu"},"content":{"rendered":"<div id=\"fb-root\"><\/div>\n<div class=\"elementor-element elementor-element-1fb4c2c elementor-widget elementor-widget-theme-post-content\" data-id=\"1fb4c2c\" data-element_type=\"widget\" data-e-type=\"widget\" data-widget_type=\"theme-post-content.default\">\n<div class=\"elementor-widget-container\">\n<p><strong><span dir=\"auto\">Korpor\u00e1tn\u00ed m\u00e9dia v\u0161eho druhu se vrhla na podporu \u00fatoku USA a Izraele na \u00cdr\u00e1n a ignorovala objektivitu a p\u0159esnost, aby si z\u00edskala podporu pro zm\u011bnu re\u017eimu.<\/span><\/strong><\/p>\n<p><span dir=\"auto\">28. \u00fanora zah\u00e1jily USA a Izrael spole\u010dn\u00fd \u00fatok na \u00cdr\u00e1n, bombardovaly m\u011bsta po cel\u00e9 zemi, zavra\u017edily jeho nejvy\u0161\u0161\u00edho v\u016fdce Al\u00edho Chamene\u00edho a otev\u0159en\u011b prohl\u00e1sily sv\u016fj c\u00edl svrhnout vl\u00e1du.<\/span><\/p>\n<p><span dir=\"auto\">M\u00e9dia se nicm\u00e9n\u011b velmi sna\u017eila vykreslit tyto akce jako sebeobranu USA, popsat je jako \u201eobrann\u00e9 \u00fadery\u201c a \u00cdr\u00e1n vykreslit jako agresora. \u201e\u00cdr\u00e1n si vyb\u00edr\u00e1 chaos\u201c byl titulek zpravodaje New York Times, kter\u00fd vykresloval Isl\u00e1mskou republiku jako hlavn\u00edho akt\u00e9ra.<\/span><\/p>\n<p><span dir=\"auto\">Svobodn\u00fd tisk pou\u017e\u00edval podobn\u011b orwellovsk\u00e9 koncepty. \u201eV\u00e1lka je pro \u00cdr\u00e1nce nejlep\u0161\u00ed \u0161anc\u00ed na m\u00edr\u201c \u2013 takto byly zlo\u010diny USA a Izraele vykresleny jako akt milosrdenstv\u00ed v\u016f\u010di trp\u00edc\u00edmu obyvatelstvu.<\/span><\/p>\n<p><span dir=\"auto\">Pod nov\u00fdm veden\u00edm samozvan\u00e9ho \u201esionistick\u00e9ho fanatika\u201c Bariho Weisse se CBS News mezit\u00edm prom\u011bnila v mluv\u010d\u00ed izraelsk\u00fdch ozbrojen\u00fdch sil, zpov\u00edd\u00e1 brig\u00e1dn\u00ed gener\u00e1lku IDF Effie Defrinovou a nekriticky l\u00ed\u010d\u00ed izraelskou v\u00e1lku jako \u201ezam\u011b\u0159enou na zabr\u00e1n\u011bn\u00ed v\u011bt\u0161\u00ed glob\u00e1ln\u00ed hrozb\u011b\u201c.<\/span><\/p>\n<p><span dir=\"auto\">Po cel\u00e9m Z\u00e1pad\u011b pou\u017e\u00edvala korpor\u00e1tn\u00ed m\u00e9dia stejnou taktiku, kdy\u017e p\u0159i popisu americk\u00e9 a izraelsk\u00e9 agrese pou\u017e\u00edvala pasivn\u00ed rod a vyh\u00fdbala se jmenov\u00e1n\u00ed pachatele. Dokonal\u00fdm p\u0159\u00edkladem byl titulek BBC: \u201eNejm\u00e9n\u011b 153 mrtv\u00fdch po hl\u00e1\u0161en\u00e9m \u00fatoku na \u0161kolu, uv\u00e1d\u00ed \u00cdr\u00e1n,\u201c kter\u00fd vytv\u00e1\u0159el dojem, \u017ee d\u011bti byly zabity bleskem nebo pracovn\u00edm sporem, sp\u00ed\u0161e ne\u017e bombardov\u00e1n\u00edm nep\u0159\u00e1telsk\u00fdch ciz\u00edch mocnost\u00ed.<\/span><\/p>\n<p><span dir=\"auto\">O izraelsk\u00fdch ob\u011btech se psalo s v\u011bt\u0161\u00edm pochopen\u00edm ne\u017e o jejich \u00edr\u00e1nsk\u00fdch prot\u011bj\u0161c\u00edch, zat\u00edmco m\u00e9dia pravideln\u011b zm\u011bk\u010dovala jazyk pou\u017e\u00edvan\u00fd k popisu izraelsk\u00fdch \u010din\u016f, aby zn\u011bly rozumn\u011bji, a v p\u0159\u00edpad\u011b \u00cdr\u00e1nu d\u011blala opak. Nap\u0159\u00edklad Washington Post napsal (zv\u00fdrazn\u011bn\u00ed p\u0159id\u00e1no): \u201eIzrael prosazuje evakuaci ji\u017en\u00edch p\u0159edm\u011bst\u00ed Bejr\u00fatu; \u00cdr\u00e1n hroz\u00ed pomstou USA za v\u00e1le\u010dnou lo\u010f.\u201c Izrael byl tak vykreslov\u00e1n jako zem\u011b jednaj\u00edc\u00ed v dobr\u00e9 v\u00ed\u0159e, aby se vyhnula civiln\u00edm ob\u011btem, zat\u00edmco \u00edr\u00e1nsk\u00e1 reakce na \u00fatok na jeho lo\u010f a jej\u00ed potopen\u00ed v mezin\u00e1rodn\u00edch vod\u00e1ch byla vykreslena jako hroziv\u00e1.<\/span><\/p>\n<p><span dir=\"auto\">Dal\u0161\u00ed b\u011b\u017enou delegitimiza\u010dn\u00ed taktikou v m\u00e9di\u00edch je ozna\u010dovat \u00cdr\u00e1n za \u201ere\u017eim\u201c (nap\u0159. Bloomberg, Washington Post, Wall Street Journal, Financial Times, CNN, NBC News). Slovo \u201ere\u017eim\u201c okam\u017eit\u011b zdiskredituje vl\u00e1du a nab\u00e1d\u00e1 \u010dten\u00e1\u0159e, aby se proti n\u00ed postavil. Slovn\u00ed spojen\u00ed \u201eizraelsk\u00fd re\u017eim\u201c se t\u00e9m\u011b\u0159 nikdy nepou\u017e\u00edv\u00e1, s v\u00fdjimkou citac\u00ed \u00edr\u00e1nsk\u00fdch vl\u00e1dn\u00edch \u00fa\u0159edn\u00edk\u016f.<\/span><\/p>\n<p><span dir=\"auto\">Za\u010d\u00e1tkem tohoto t\u00fddne vpadlo velk\u00e9 mno\u017estv\u00ed izraelsk\u00fdch voj\u00e1k\u016f do ji\u017en\u00edho Libanonu. M\u00e9dia se pokusila operaci legitimizovat, nap\u0159\u00edklad eufemisticky pou\u017e\u00edvala fr\u00e1zi \u201ep\u0159ekro\u010den\u00ed hranic do Libanonu\u201c k popisu invaze, nebo dokonce obvi\u0148ovala Hizball\u00e1h z n\u00e1sil\u00ed. CNN nap\u0159\u00edklad napsala, \u017ee \u201eHizball\u00e1h zatahuje Libanon do v\u00e1lky proti \u00cdr\u00e1nu\u201c a \u017ee \u201eHizball\u00e1h pr\u00e1v\u011b obnovil boj, kter\u00fd cht\u011bl Izrael ukon\u010dit\u201c, \u010d\u00edm\u017e zkreslovala fakta o tom, kdo na koho za\u00fato\u010dil.<\/span><\/p>\n<p><span dir=\"auto\">Objevila se tak\u00e9 \u0159ada lichotiv\u00fdch portr\u00e9t\u016f izraelsk\u00fdch politik\u016f. \u201eDlouh\u00e1 kari\u00e9ra Benjamina Netanjahua byla zalo\u017eena na vyh\u00fdb\u00e1n\u00ed se konflikt\u016fm \u2013 pak ho 7. \u0159\u00edjen zm\u011bnil a radikalizoval,\u201c napsal The Atlantic. V Brit\u00e1nii bylo zpravodajstv\u00ed z n\u011bkter\u00fdch kruh\u016f je\u0161t\u011b pozitivn\u011bj\u0161\u00ed. \u201eNetanjahu je velk\u00fd v\u00e1le\u010dn\u00fd v\u016fdce na\u0161\u00ed doby,\u201c prohl\u00e1sil The Daily Telegraph a ozna\u010dil premi\u00e9ra za \u201eg\u00e9nia\u201c.<\/span><\/p>\n<p><span dir=\"auto\">Titulek na pond\u011bln\u00ed tituln\u00ed stran\u011b den\u00edku The Daily Telegraph zn\u011bl \u201eBrit\u00e1nie podporuje v\u00e1lku proti \u00cdr\u00e1nu\u201c a objevil se na n\u011bm obr\u00e1zek \u00cdr\u00e1nc\u016f v diaspo\u0159e, kte\u0159\u00ed j\u00e1saj\u00ed nad bombardov\u00e1n\u00edm sv\u00e9 zem\u011b. Realita je v\u0161ak mnohem m\u00e9n\u011b \u0161ovinistick\u00e1. Pr\u016fzkum agentury YouGov zve\u0159ejn\u011bn\u00fd ve stejn\u00fd den zjistil, \u017ee pouze 28 % britsk\u00fdch ob\u010dan\u016f podporuje kroky USA a Izraele, zat\u00edmco 49 % je proti. Moder\u00e1tor BBC Nick Robinson nicm\u00e9n\u011b v jednom po\u0159adu navrhl, aby byly protesty proti \u00fatok\u016fm USA a Izraele v cel\u00e9 Velk\u00e9 Brit\u00e1nii zak\u00e1z\u00e1ny.<\/span><\/p>\n<p><span dir=\"auto\">Vzhledem k deklarovan\u00e9mu postoji BBC k Izraeli by tato mentalita nem\u011bla b\u00fdt \u017e\u00e1dn\u00fdm p\u0159ekvapen\u00edm. Redaktor BBC pro Bl\u00edzk\u00fd v\u00fdchod, Raffi Berg, je b\u00fdval\u00fd agent CIA a agent Mossadu, kter\u00fd m\u00e1 na zdi sv\u00e9 kancel\u00e1\u0159e vis\u00edc\u00ed podepsan\u00fd doporu\u010duj\u00edc\u00ed dopis od Netanjahua.<\/span><\/p>\n<p><span dir=\"auto\">Anonymn\u00ed zam\u011bstnanci BBC sd\u011blili serveru Drop Site News, \u017ee Bergovou \u201ecelou prac\u00ed je zm\u00edr\u0148ovat cokoli p\u0159\u00edli\u0161 kritick\u00e9ho v\u016f\u010di Izraeli\u201c. D\u00e1le tvrdili, \u017ee v britsk\u00e9 ve\u0159ejnopr\u00e1vn\u00ed stanici disponuje \u201eobrovskou\u201c moc\u00ed, \u017ee v BBC panuje kultura \u201eextr\u00e9mn\u00edho strachu\u201c z publikov\u00e1n\u00ed kritick\u00fdch zpr\u00e1v o Izraeli a \u017ee Berg s\u00e1m sehr\u00e1l kl\u00ed\u010dovou roli v prom\u011bn\u011b report\u00e1\u017e\u00ed v \u201esystematickou izraelskou propagandu\u201c. BBC tato obvin\u011bn\u00ed pop\u0159ela.<\/span><\/p>\n<p><span dir=\"auto\">Pokud je to pravda, pak povaha proizraelsk\u00e9 zaujatosti v BBC, kter\u00e1 je vnucov\u00e1na shora dol\u016f, do zna\u010dn\u00e9 m\u00edry odr\u00e1\u017e\u00ed zaujatost americk\u00fdch m\u00e9di\u00ed. Unikl\u00e1 zpr\u00e1va z roku 2023 z The New York Times odhalila, \u017ee veden\u00ed v\u00fdslovn\u011b na\u0159\u00eddilo sv\u00fdm report\u00e9r\u016fm, aby p\u0159i informov\u00e1n\u00ed o izraelsk\u00fdch akc\u00edch nepou\u017e\u00edvali v\u00fdrazy jako \u201egenocida\u201c, \u201emasakr\u201c a \u201eetnick\u00e9 \u010distky\u201c. Zam\u011bstnanci Times se mus\u00ed ve sv\u00fdch report\u00e1\u017e\u00edch vyh\u00fdbat v\u00fdraz\u016fm jako \u201euprchlick\u00fd t\u00e1bor\u201c, \u201eokupovan\u00e9 \u00fazem\u00ed\u201c nebo dokonce \u201ePalestina\u201c, co\u017e t\u00e9m\u011b\u0159 znemo\u017e\u0148uje sd\u011blit publiku n\u011bkter\u00e1 z nejz\u00e1kladn\u011bj\u0161\u00edch fakt\u016f.<\/span><\/p>\n<p><span dir=\"auto\">Zam\u011bstnanci CNN jsou pod podobn\u00fdm tlakem. Po \u00fatoc\u00edch ze 7. \u0159\u00edjna zaslal v\u00fdkonn\u00fd \u0159editel spole\u010dnosti Mark Thompson v\u0161em zam\u011bstnanc\u016fm memorandum, v n\u011bm\u017e je na\u0159izoval, aby zajistili, \u017ee za n\u00e1sil\u00ed bude odpov\u011bdn\u00fd Ham\u00e1s (a nikoli Izrael), \u017ee p\u0159i informov\u00e1n\u00ed o ministerstvu zdravotnictv\u00ed v Gaze a po\u010dtu civiln\u00edch ob\u011bt\u00ed mus\u00ed v\u017edy pou\u017e\u00edvat term\u00edn \u201ekontrolov\u00e1no Ham\u00e1sem\u201c a \u017ee nesm\u00ed zve\u0159ej\u0148ovat zpr\u00e1vy o perspektiv\u011b Ham\u00e1su, kter\u00e1 podle vrchn\u00edho \u0159editele pro standardy a postupy v oblasti zpravodajstv\u00ed \u201enebyla hodna zpravodajstv\u00ed\u201c a rovnala se \u201epobu\u0159uj\u00edc\u00ed r\u00e9torice a propagand\u011b\u201c.<\/span><\/p>\n<p><span dir=\"auto\">N\u011bmeck\u00e1 medi\u00e1ln\u00ed skupina Axel Springer, vlastn\u00edk publikac\u00ed jako Politico a Business Insider, vy\u017eaduje od sv\u00fdch zam\u011bstnanc\u016f, aby podepsali jak\u00fdsi slib v\u011brnosti, v n\u011bm\u017e se zav\u00e1zali k podpo\u0159e \u201etransatlantick\u00e9 aliance a Izraele\u201c. Spole\u010dnost propustila libanonsk\u00e9ho zam\u011bstnance, kter\u00fd tento po\u017eadavek zpochybnil prost\u0159ednictv\u00edm intern\u00edch kan\u00e1l\u016f.<\/span><\/p>\n<p><span dir=\"auto\">Americk\u00e9 redakce jsou tak\u00e9 pln\u00e9 b\u00fdval\u00fdch izraelsk\u00fdch lobbist\u016f. Vy\u0161et\u0159ov\u00e1n\u00ed agentury MintPress News zjistilo, \u017ee stovky b\u00fdval\u00fdch zam\u011bstnanc\u016f izraelsk\u00fdch lobbistick\u00fdch skupin, jako jsou AIPAC, StandWithUs a CAMERA, pracuj\u00ed v p\u0159edn\u00edch redakc\u00edch po cel\u00e9 zemi a p\u00ed\u0161\u00ed a produkuj\u00ed americk\u00e9 zpr\u00e1vy \u2013 v\u010detn\u011b \u010dl\u00e1nk\u016f o Izraeli a Palestin\u011b. Mezi tato m\u00e9dia pat\u0159\u00ed MSNBC, The New York Times, CNN a Fox News.<\/span><\/p>\n<p><span dir=\"auto\">Dokonce i b\u00fdval\u00ed izrael\u0161t\u00ed \u0161pioni p\u00ed\u0161\u00ed na\u0161e zpr\u00e1vy. Dal\u0161\u00ed zpr\u00e1va serveru MintPress odhalila s\u00ed\u0165 b\u00fdval\u00fdch agent\u016f izraelsk\u00e9 vojensk\u00e9 zpravodajsk\u00e9 slu\u017eby Unit 8200 pracuj\u00edc\u00edch v americk\u00fdch redakc\u00edch, v\u010detn\u011b CNN a Axios.<\/span><\/p>\n<p><span dir=\"auto\">Vzhledem k tomu, \u017ee v\u00fdznamnou \u010d\u00e1st americk\u00fdch redakc\u00ed vedou a obsazuj\u00ed proizrael\u0161t\u00ed fanatici, nen\u00ed divu, \u017ee jejich zpravodajstv\u00ed odr\u00e1\u017e\u00ed n\u00e1zory a p\u0159edsudky Washingtonu a Tel Avivu.<\/span><\/p>\n<p><span dir=\"auto\">A nyn\u00ed, kdy\u017e CNN, CBS News a TikTok vlastn\u00ed Larry Ellison, agent CIA, nejv\u011bt\u0161\u00ed soukrom\u00fd d\u00e1rce IDF a bl\u00edzk\u00fd osobn\u00ed p\u0159\u00edtel Benjamina Netanjahua, lze o\u010dek\u00e1vat, \u017ee propaganda se je\u0161t\u011b v\u00edce zintenzivn\u00ed.<\/span><\/p>\n<\/div>\n<\/div>\n<div class=\"elementor-element elementor-element-8c57238 quelle dc-has-condition dc-condition-empty elementor-widget elementor-widget-heading\" data-id=\"8c57238\" data-element_type=\"widget\" data-e-type=\"widget\" data-widget_type=\"heading.default\">\n<div class=\"elementor-widget-container\">\n<h3 class=\"elementor-heading-title elementor-size-default\"><span style=\"font-size: 10pt;\"><a href=\"https:\/\/www.mintpressnews.com\/corporate-media-go-all-out-to-support-the-us-israeli-war-on-iran\/290713\/\" target=\"_blank\" rel=\"nofollow noopener\"><span dir=\"auto\">Zdroj<\/span><\/a><\/span><\/h3>\n<p>&nbsp;<\/p>\n<\/div>\n<\/div>\n","protected":false},"excerpt":{"rendered":"<p>Korpor\u00e1tn\u00ed m\u00e9dia v\u0161eho druhu se vrhla na podporu \u00fatoku USA a Izraele na \u00cdr\u00e1n a&#8230;<\/p>\n","protected":false},"author":2,"featured_media":101829,"comment_status":"closed","ping_status":"closed","sticky":false,"template":"","format":"standard","meta":[],"categories":[7],"tags":[38,1503,158,1242,40],"_links":{"self":[{"href":"https:\/\/www.infokuryr.cz\/n\/wp-json\/wp\/v2\/posts\/101828"}],"collection":[{"href":"https:\/\/www.infokuryr.cz\/n\/wp-json\/wp\/v2\/posts"}],"about":[{"href":"https:\/\/www.infokuryr.cz\/n\/wp-json\/wp\/v2\/types\/post"}],"author":[{"embeddable":true,"href":"https:\/\/www.infokuryr.cz\/n\/wp-json\/wp\/v2\/users\/2"}],"replies":[{"embeddable":true,"href":"https:\/\/www.infokuryr.cz\/n\/wp-json\/wp\/v2\/comments?post=101828"}],"version-history":[{"count":0,"href":"https:\/\/www.infokuryr.cz\/n\/wp-json\/wp\/v2\/posts\/101828\/revisions"}],"wp:featuredmedia":[{"embeddable":true,"href":"https:\/\/www.infokuryr.cz\/n\/wp-json\/wp\/v2\/media\/101829"}],"wp:attachment":[{"href":"https:\/\/www.infokuryr.cz\/n\/wp-json\/wp\/v2\/media?parent=101828"}],"wp:term":[{"taxonomy":"category","embeddable":true,"href":"https:\/\/www.infokuryr.cz\/n\/wp-json\/wp\/v2\/categories?post=101828"},{"taxonomy":"post_tag","embeddable":true,"href":"https:\/\/www.infokuryr.cz\/n\/wp-json\/wp\/v2\/tags?post=101828"}],"curies":[{"name":"wp","href":"https:\/\/api.w.org\/{rel}","templated":true}]}}