{"id":101825,"date":"2026-03-13T05:09:49","date_gmt":"2026-03-13T04:09:49","guid":{"rendered":"https:\/\/www.infokuryr.cz\/n\/?p=101825"},"modified":"2026-03-13T05:10:24","modified_gmt":"2026-03-13T04:10:24","slug":"michael-svatos-pro-koho-pracuje-andrej-babis-aneb-sokujici-odhaleni-polskeho-prezidenta","status":"publish","type":"post","link":"https:\/\/www.infokuryr.cz\/n\/2026\/03\/13\/michael-svatos-pro-koho-pracuje-andrej-babis-aneb-sokujici-odhaleni-polskeho-prezidenta\/","title":{"rendered":"Michael Svato\u0161: Pro koho pracuje Andrej Babi\u0161?! Aneb \u0161okuj\u00edc\u00ed odhalen\u00ed polsk\u00e9ho prezidenta&#8230;"},"content":{"rendered":"<div id=\"fb-root\"><\/div>\n<h3>Pro koho pracuje Andrej Babi\u0161?! Aneb \u0161okuj\u00edc\u00ed odhalen\u00ed polsk\u00e9ho prezidenta, a VETO proti programu EU na zbrojen\u00ed SAFE!<\/h3>\n<p>V\u010dera ve\u010der z \u010dist\u00e9ho nebe n\u00e1hle v Polsku ne\u010dekan\u011b prudce zah\u0159m\u011blo, a polsk\u00fd prezident Karol Nawrocki vyd\u011bsil v\u0161echny Eurokraty i jejich bank\u00e9\u0159e,\u00a0<a href=\"https:\/\/wpolityce.pl\/polityka\/755361-politycy-opozycji-zadowoleni-z-decyzji-prezydenta-o-wecie\">a vyhl\u00e1sil Veto proti p\u016fj\u010dce EU na masivn\u00ed vyzbrojov\u00e1n\u00ed<\/a>, zn\u00e1m\u00e9 jako program SAFE za 150 miliard EUR. Toto Veto prezidenta Nawrocki proti p\u016fj\u010dce EU SAFE nem\u016f\u017ee polsk\u00fd parlament p\u0159ehlasovat, shoduj\u00ed se v\u0161ichni tamn\u00ed analytici, proto\u017ee polsk\u00e1 vl\u00e1da Eurokrata Donalda Tuska k p\u0159ehlasov\u00e1n\u00ed tohoto prezidentova Veta nem\u00e1 dostatek poslanc\u016f.<\/p>\n<p>Pro \u010ceskou republiku je nejd\u016fle\u017eit\u011bj\u0161\u00ed argumentace s jakou polsk\u00fd prezident vznesl toto sv\u00e9 Veto proti zbrojn\u00ed p\u016fj\u010dce SAFE organizovan\u00e9 EU, nebo\u0165 \u00fa\u0159aduj\u00edc\u00ed \u010desk\u00fd premi\u00e9r Andrej Babi\u0161 ned\u00e1vno osobn\u011b \u017eadonil p\u0159i sv\u00e9 n\u00e1v\u0161t\u011bv\u011b u bruselsk\u00e9 Ursuly, aby se \u010cesk\u00e1 republika mohla u EU zadlu\u017eit pomoc\u00ed p\u016fj\u010dky SAFE ur\u010den\u00e9 pouze k v\u00fdrob\u011b zbran\u00ed je\u0161t\u011b v\u00edce, ne\u017e p\u016fvodn\u011b dojednal jeho ne\u00fasp\u011b\u0161n\u00fd p\u0159edch\u016fdce premi\u00e9r Petr Fiala.<\/p>\n<div id=\"attachment_24208\" class=\"wp-caption aligncenter\" style=\"width: 840px;\">\n<p><img decoding=\"async\" loading=\"lazy\" class=\" wp-image-24208\" src=\"https:\/\/www.michalapetr.com\/wp-content\/uploads\/2026\/03\/OTYwL3VfMS9jY180YzM5NS9wLzIwMjYvMDMvMTIvMTIwMC83NjAvZDI3OGI0YjNkY2EwNGU1YzlkMzI1ZGY3YjUyMjExOGQuanBlZw-1.jpeg\" sizes=\"(max-width: 960px) 100vw, 960px\" srcset=\"https:\/\/www.michalapetr.com\/wp-content\/uploads\/2026\/03\/OTYwL3VfMS9jY180YzM5NS9wLzIwMjYvMDMvMTIvMTIwMC83NjAvZDI3OGI0YjNkY2EwNGU1YzlkMzI1ZGY3YjUyMjExOGQuanBlZw-1.jpeg 960w, https:\/\/www.michalapetr.com\/wp-content\/uploads\/2026\/03\/OTYwL3VfMS9jY180YzM5NS9wLzIwMjYvMDMvMTIvMTIwMC83NjAvZDI3OGI0YjNkY2EwNGU1YzlkMzI1ZGY3YjUyMjExOGQuanBlZw-1-300x190.jpeg 300w, https:\/\/www.michalapetr.com\/wp-content\/uploads\/2026\/03\/OTYwL3VfMS9jY180YzM5NS9wLzIwMjYvMDMvMTIvMTIwMC83NjAvZDI3OGI0YjNkY2EwNGU1YzlkMzI1ZGY3YjUyMjExOGQuanBlZw-1-768x486.jpeg 768w, https:\/\/www.michalapetr.com\/wp-content\/uploads\/2026\/03\/OTYwL3VfMS9jY180YzM5NS9wLzIwMjYvMDMvMTIvMTIwMC83NjAvZDI3OGI0YjNkY2EwNGU1YzlkMzI1ZGY3YjUyMjExOGQuanBlZw-1-705x447.jpeg 705w, https:\/\/www.michalapetr.com\/wp-content\/uploads\/2026\/03\/OTYwL3VfMS9jY180YzM5NS9wLzIwMjYvMDMvMTIvMTIwMC83NjAvZDI3OGI0YjNkY2EwNGU1YzlkMzI1ZGY3YjUyMjExOGQuanBlZw-1-450x285.jpeg 450w\" alt=\"\" width=\"840\" height=\"532\" aria-describedby=\"caption-attachment-24208\" \/><\/p>\n<p id=\"caption-attachment-24208\" class=\"wp-caption-text\" style=\"text-align: justify;\">\u0160OK! Polsk\u00fd prezident Nawrocki v\u010dera ne\u010dekan\u011b VETOVAL p\u016fj\u010dku EU SAFE ur\u010denou ke spole\u010dn\u00e9mu financov\u00e1n\u00ed vyzbrojov\u00e1n\u00ed, proto\u017ee pr\u00fd ohro\u017euje suverenitu Polska ve prosp\u011bch Bruselu a Berl\u00edna! Babi\u0161 si p\u0159itom u\u017e p\u0159edt\u00edm v Bruselu st\u011b\u017eoval Ur\u0161ule, \u017ee Petr Fiala vyjednal v\u00fd\u0161i p\u016fj\u010dky SAFE \u0161patn\u011b, a po\u017eadoval jej\u00ed zv\u00fd\u0161en\u00ed! Ergo podle logiky polsk\u00e9ho prezidenta hodl\u00e1 Babi\u0161 p\u0159edat \u010deskou st\u00e1tn\u00ed suverenitu do Bruslelu!!!!<\/p>\n<\/div>\n<p>Hlavn\u00ed\u00a0<a href=\"https:\/\/wpolityce.pl\/polityka\/755361-politycy-opozycji-zadowoleni-z-decyzji-prezydenta-o-wecie\">argumenty prezidenta Nawrocki proti p\u016fj\u010dce EU SAFE<\/a>:<\/p>\n<p><strong>(1)<\/strong> P\u0159ijet\u00ed p\u016fj\u010dky SAFE ohro\u017euje polskou st\u00e1tn\u00ed suverenitu, proto\u017ee jej\u00edm p\u0159ijet\u00edm vkl\u00e1d\u00e1 ka\u017ed\u00e1 zem\u011b dobrovoln\u011b do rukou Komise EU nov\u00e9 a naprosto nep\u0159ijateln\u00e9 finan\u010dn\u00ed a pr\u00e1vn\u00ed n\u00e1stroje, a ty potom m\u016f\u017ee Komise EU kdykoli pou\u017e\u00edt proti ka\u017ed\u00e9 zemi, kter\u00e1 p\u016fj\u010dku p\u0159ijala, aby ji donutila, aby se pln\u011b pod\u0159\u00eddila v\u0161em jej\u00edm dal\u0161\u00edm n\u00e1sledn\u00fdm rozhodnut\u00edm.<\/p>\n<p><strong>(2)<\/strong> P\u0159ijet\u00ed p\u016fj\u010dky SAFE znamen\u00e1 nep\u0159ijateln\u00e9 zadlu\u017een\u00ed n\u011bkolika budouc\u00edch generac\u00ed mlad\u00fdch Pol\u00e1k\u016f, a ty budou muset p\u0159edra\u017eenou p\u016fj\u010dku spl\u00e1cet. Nav\u00edc by se Polsko p\u0159ijet\u00edm p\u016fj\u010dky SAFE dostalo do pozice, \u017ee bude muset tuto spole\u010dnou p\u016fj\u010dku SAFE spl\u00e1cet, kdy\u017e ji n\u011bkter\u00e9 jin\u00e9 zem\u011b spl\u00e1cet nebudou moci.<\/p>\n<p><strong>(3)<\/strong> P\u016fj\u010dka SAFE vytv\u00e1\u0159\u00ed nov\u00fd pr\u00e1vn\u00ed mechanismus, a v jeho r\u00e1mci by Brusel mohl kdykoli prost\u0159ednictv\u00edm nov\u011b zaveden\u00e9ho tzv. \u201cprincipu podm\u00edn\u011bnosti\u201d sv\u00e9voln\u011b pozastavit ve\u0161ker\u00fd transfer dotac\u00ed a plateb Polsku, zat\u00edmco by Polsko muselo i nad\u00e1le spl\u00e1cet tento dluh SAFE.<\/p>\n<p><strong>(4)<\/strong> P\u0159ijet\u00edm p\u016fj\u010dky SAFE by Polsko muselo za\u010d\u00edt v\u00fdrazn\u011b zv\u00fdhod\u0148ovat p\u0159i n\u00e1kupech sv\u00fdch nov\u00fdch zbran\u00ed n\u011bmeck\u00e9, francouzsk\u00e9 a dal\u0161\u00ed z\u00e1padoevropsk\u00e9 zbroja\u0159e, a to na \u00fakor sv\u00fdch vlastn\u00edch dom\u00e1c\u00edch zbroja\u0159\u016f, a nebo zbroja\u0159\u016f z v\u00fdchodn\u00ed EU, nebo USA, nebo z Asie, a\u010dkoli dod\u00e1vaj\u00ed lep\u0161\u00ed a cenov\u011b v\u00fdhodn\u011bj\u0161\u00ed zbran\u011b. Tato p\u016fj\u010dka SAFE m\u00e1 vyd\u011bl\u00e1vat hlavn\u011b N\u011bmc\u016fm, kde\u017eto n\u00e1rody jako Polsko maj\u00ed podle podm\u00ednek t\u00e9to p\u016fj\u010dky hlavn\u011b na n\u00e1kupech zbran\u00ed prod\u011bl\u00e1vat, a to ve prosp\u011bch N\u011bmecka.<\/p>\n<p><strong>(5)<\/strong> \u201c<em>Mechanismus p\u016fj\u010dky SAFE je masivn\u00ed zahrani\u010dn\u00ed \u00fav\u011br splatn\u00fd za 45 let v ciz\u00ed m\u011bn\u011b s \u00farokov\u00fdmi n\u00e1klady, a ty by mohly pro Polsko dos\u00e1hnout a\u017e 180 miliard zlot\u00fdch (42 miliard eur). Polsko by tak muselo nejen splatit celou dlu\u017enou \u010d\u00e1stku 43.7 miliardy EUR, ale tak\u00e9 jej\u00ed \u00faroky zhruba odpov\u00eddaj\u00edc\u00ed cel\u00e9 hodnot\u011b samotn\u00e9ho \u00fav\u011bru (+42 miliard EUR), p\u0159i\u010dem\u017e by z toho profitovaly pouze z\u00e1padn\u00ed banky a z\u00e1padn\u00ed finan\u010dn\u00ed instituce\u201d<\/em>, uvedl v\u010dera Nawrocki, ne\u017e vyhl\u00e1sil p\u016fj\u010dce SAFE Veto.<\/p>\n<p>Petr Fiala loni p\u0159edb\u011b\u017en\u011b vyjednal p\u016fj\u010dku SAFE od EU pro \u010cR\u00a0<a href=\"https:\/\/defence-industry-space.ec.europa.eu\/eu-defence-industry\/safe-security-action-europe_en#:~:text=Adopted%20by%20the%20Council%20of,timely%20delivery%20of%20critical%20assets.\">ve v\u00fd\u0161i 2.06 miliardy EUR<\/a>. Polsk\u00fd premi\u00e9r Tusk ve v\u00fd\u0161i 43.7 miliard EUR.\u00a0<a href=\"https:\/\/www.armadninoviny.cz\/babis-nechape-proc-cesko-pozadalo-z-obranneho-fondu-safe-o-nejnizsi-castku.html\">Babi\u0161 ihned po jmenov\u00e1n\u00ed premi\u00e9rem po\u017eadoval v Bruselu po Ur\u0161ule, aby p\u016fj\u010dku SAFE pro \u010cR zv\u00fd\u0161ila<\/a>. A\u010dkoli nen\u00ed zn\u00e1m\u00e9 o kolik po\u017eadoval, je z argument\u016f polsk\u00e9ho prezidenta Nawrocki nasnad\u011b, \u017ee Babi\u0161 hodl\u00e1 p\u016fj\u010dkou SAFE zadlu\u017eit mlad\u00e9 \u010cechy, kte\u0159\u00ed budou muset p\u016fj\u010dku splatit v dob\u011b, kdy Babi\u0161 bude u\u017e po smrti, pokud se nedo\u017eije 116 let. A je\u0161t\u011b p\u0159ijet\u00edm t\u00e9to p\u016fj\u010dky vkl\u00e1d\u00e1 do rukou Komisa\u0159\u016f EU dobrovoln\u011b mocensk\u00e9 a finan\u010dn\u00ed n\u00e1stroje, aby jejich uplatn\u011bn\u00edm mohli \u010cR zbavit na\u0161\u00ed suverenity. A je\u0161t\u011b p\u0159ij\u00edm\u00e1 takov\u00e9 podm\u00ednky p\u016fj\u010dky SAFE, kter\u00e9 jsou v\u00fdnosn\u00e9 pouze pro n\u011bmeck\u00e9 zbroja\u0159e a bank\u00e9\u0159e, a kter\u00e9 zna\u010dn\u011b znev\u00fdhod\u0148uj\u00ed, \u010di zamezuj\u00ed dovozu zbran\u00ed do \u010cR z USA \u010di t\u0159eba z Polska. Babi\u0161 tak te\u010f defacto podle smyslu argumentace polsk\u00e9ho prezidenta Nawrocki jde p\u0159ijet\u00edm p\u016fj\u010dky SAFE od EU a\u017e za hranice, kter\u00e9 nep\u0159ekro\u010dil ani pov\u011bstn\u00fd Eurokrat Petr Fiala.<\/p>\n<p><a href=\"https:\/\/wpolityce.pl\/polityka\/755329-polski-safe-0-doradca-prezydenta-mowi-o-waznych-szczegolach\">Pol\u00e1ci samoz\u0159ejm\u011b nejsou proti vyzbrojov\u00e1n\u00ed Polska<\/a>, a polsk\u00fd prezident Nawrocki sv\u00e9 Veto nevznesl, aby vyzbrojov\u00e1n\u00ed Polska zamezil, ale naopak, aby Pol\u00e1ci se vyzbrojovali pouze tak, aby to bylo v\u00fdhodn\u00e9 pro n\u011b, a ne pro pro N\u011bmce, a z\u00e1padoevropsk\u00e9 zbroja\u0159e, bank\u00e9\u0159e, a finan\u010dn\u00ed spekulanty a instituce. Politika polsk\u00e9ho prezidenta se tak jev\u00ed jako: \u201c<em>Poland first with USA<\/em>\u201c. Kde\u017eto politika Babi\u0161ovy vl\u00e1dy sp\u00ed\u0161e jako: \u201c<em>Br\u00fcssel und Berlin zuerst<\/em>\u201c. Veto polsk\u00e9ho prezidenta bylo hodnoceno jako \u201cmimo\u0159\u00e1dn\u011b odv\u00e1\u017en\u00e9\u201d.<\/p>\n<p>Sl\u00edben\u00e9 zdroje\u00a0<a class=\"mfp-iframe lightbox-added\" href=\"https:\/\/www.youtube.com\/watch?v=yWzvEoNXDM0\">k posledn\u00edmu po\u0159adu na TV Bure\u0161<\/a>:<\/p>\n<p>EU vypracovala tento t\u00fdden d\u016fv\u011brn\u00fd pl\u00e1n o 350 stran\u00e1ch, a podle n\u011bj se mus\u00ed v Evrop\u011b podstatn\u011b sn\u00ed\u017eit konzumace masa. Produkce masa v EU proto mus\u00ed b\u00fdt zat\u00ed\u017eena nov\u00fdmi vysok\u00fdmi dan\u011bmi a poplatky, aby si Evropan\u00e9 maso u\u017e nad\u00e1le nemohli dovolit konzumovat. Zdroj najdete\u00a0<a href=\"https:\/\/www.politico.eu\/article\/eu-climate-advisers-say-eat-less-meat-and-tax-farm-emissions\/\">zde<\/a>.<\/p>\n<p>EU 4. b\u0159ezna vymyslela nov\u00fd pl\u00e1n, \u017ee zavede dal\u0161\u00ed nov\u00e9 poplatky, a za n\u011b budou evrop\u0161t\u00ed soukrom\u00ed rejda\u0159i p\u0159estavovat sv\u00e9 lod\u011b na v\u011btrn\u00e9 plachetnice, a nov\u00e9 v\u00e1le\u010dn\u00e9 trajekty maskovan\u00e9 jako civiln\u00ed lod\u011b, a doveze nov\u00e9 imigranty, aby tyto lod\u011b v N\u011bmecku stav\u011bli.\u00a0 Evropani maj\u00ed podle tohoto pl\u00e1nu EU t\u011bmito nov\u00fdmi poplatky zachr\u00e1nit z\u00e1padoeveropsk\u00fdm miliard\u00e1\u0159\u016fm a bank\u00e9\u0159\u016fm jejich upadaj\u00edc\u00ed rejda\u0159sk\u00fd byznys, proto\u017ee jsou nekonkuren\u010dn\u00ed rejda\u0159\u016fm USA a \u010c\u00edny a Indie. Zbohatnout maj\u00ed hlavn\u011b Italov\u00e9, Holan\u010fan\u00e9, Francouzi a N\u011bmci, ostatn\u00ed Evropan\u00e9 jim tento jejich nov\u00fd dota\u010dn\u00ed byznys maj\u00ed platit nov\u00fdmi poplatky. Zdroje zde:\u00a0<a href=\"https:\/\/ec.europa.eu\/commission\/presscorner\/detail\/en\/ip_26_484\">Prvn\u00ed<\/a>,\u00a0<a href=\"https:\/\/publyon.com\/eu-industrial-maritime-strategy-a-new-era-for-shipbuilding-and-shipping\/\">Druh\u00fd<\/a>.<\/p>\n<p>Evrop\u0161t\u00ed far\u00e1\u0159i maj\u00ed podle dal\u0161\u00edho pl\u00e1nu EU zkrachovat, proto\u017ee produkuj\u00ed p\u0159\u00edli\u0161 velk\u00e9 mno\u017estv\u00ed drah\u00e9ho ml\u00e9ka. Komise EU hodl\u00e1 proto m\u00edsto evropsk\u00e9ho ml\u00e9ka dov\u00e1\u017eet ml\u00e9ko jihoamerick\u00e9.\u00a0<a href=\"https:\/\/www.europeanmilkboard.org\/news-1\/news-details\/eu-mercosur-agreement-is-an-attack-on-europes-farmers-2761.html\">Zdroj zde<\/a>.<\/p>\n<p><a href=\"https:\/\/www.michalapetr.com\/map-2549-pro-koho-pracuje-andrej-babis-aneb-sokujici-odhaleni-polskeho-prezidenta-a-veto-proti-programu-eu-na-zbrojeni-safe-analyza\/\">Michael Svato\u0161<\/a><\/p>\n<p><img decoding=\"async\" loading=\"lazy\" class=\"alignnone size-full wp-image-27204\" src=\"http:\/\/www.infokuryr.cz\/n\/wp-content\/uploads\/2023\/05\/Michael_Svatos.png\" alt=\"\" width=\"180\" height=\"180\" srcset=\"https:\/\/www.infokuryr.cz\/n\/wp-content\/uploads\/2023\/05\/Michael_Svatos.png 180w, https:\/\/www.infokuryr.cz\/n\/wp-content\/uploads\/2023\/05\/Michael_Svatos-150x150.png 150w\" sizes=\"(max-width: 180px) 100vw, 180px\" \/><\/p>\n<p>&nbsp;<\/p>\n","protected":false},"excerpt":{"rendered":"<p>Pro koho pracuje Andrej Babi\u0161?! Aneb \u0161okuj\u00edc\u00ed odhalen\u00ed polsk\u00e9ho prezidenta, a VETO proti programu EU&#8230;<\/p>\n","protected":false},"author":2,"featured_media":31077,"comment_status":"closed","ping_status":"closed","sticky":false,"template":"","format":"standard","meta":[],"categories":[6],"tags":[1042,126,1508,338],"_links":{"self":[{"href":"https:\/\/www.infokuryr.cz\/n\/wp-json\/wp\/v2\/posts\/101825"}],"collection":[{"href":"https:\/\/www.infokuryr.cz\/n\/wp-json\/wp\/v2\/posts"}],"about":[{"href":"https:\/\/www.infokuryr.cz\/n\/wp-json\/wp\/v2\/types\/post"}],"author":[{"embeddable":true,"href":"https:\/\/www.infokuryr.cz\/n\/wp-json\/wp\/v2\/users\/2"}],"replies":[{"embeddable":true,"href":"https:\/\/www.infokuryr.cz\/n\/wp-json\/wp\/v2\/comments?post=101825"}],"version-history":[{"count":0,"href":"https:\/\/www.infokuryr.cz\/n\/wp-json\/wp\/v2\/posts\/101825\/revisions"}],"wp:featuredmedia":[{"embeddable":true,"href":"https:\/\/www.infokuryr.cz\/n\/wp-json\/wp\/v2\/media\/31077"}],"wp:attachment":[{"href":"https:\/\/www.infokuryr.cz\/n\/wp-json\/wp\/v2\/media?parent=101825"}],"wp:term":[{"taxonomy":"category","embeddable":true,"href":"https:\/\/www.infokuryr.cz\/n\/wp-json\/wp\/v2\/categories?post=101825"},{"taxonomy":"post_tag","embeddable":true,"href":"https:\/\/www.infokuryr.cz\/n\/wp-json\/wp\/v2\/tags?post=101825"}],"curies":[{"name":"wp","href":"https:\/\/api.w.org\/{rel}","templated":true}]}}