{"id":101816,"date":"2026-03-13T05:00:39","date_gmt":"2026-03-13T04:00:39","guid":{"rendered":"https:\/\/www.infokuryr.cz\/n\/?p=101816"},"modified":"2026-03-13T05:02:04","modified_gmt":"2026-03-13T04:02:04","slug":"valecny-zlocin-kdo-bombardoval-iranskou-zakladni-skolu-minab","status":"publish","type":"post","link":"https:\/\/www.infokuryr.cz\/n\/2026\/03\/13\/valecny-zlocin-kdo-bombardoval-iranskou-zakladni-skolu-minab\/","title":{"rendered":"V\u00e1le\u010dn\u00fd zlo\u010din: Kdo bombardoval \u00edr\u00e1nskou z\u00e1kladn\u00ed \u0161kolu Minab?"},"content":{"rendered":"<div id=\"fb-root\"><\/div>\n<h3>V\u0161echny d\u016fkazy ukazuj\u00ed na USA, ale B\u00edl\u00fd d\u016fm vinu nep\u0159izn\u00e1v\u00e1<\/h3>\n<p><span dir=\"auto\">Americko-izraelsk\u00e1 v\u00e1lka proti \u00cdr\u00e1nu za\u010dala masivn\u00edmi \u00fadery na m\u011bstsk\u00e1 centra, atent\u00e1tem na nejvy\u0161\u0161\u00edho v\u016fdce zem\u011b a jeho rodiny a brut\u00e1ln\u00edm zabit\u00edm v\u00edce ne\u017e 160 d\u011bt\u00ed v d\u00edv\u010d\u00ed z\u00e1kladn\u00ed \u0161kole v Minabu. S t\u00edm, jak se objevily dal\u0161\u00ed informace o bombov\u00e9m \u00fatoku, se diskuse p\u0159esunula od toho, zda USA provedly tento krut\u00fd \u010din, k tomu, jak a pro\u010d.<\/span><\/p>\n<p><span dir=\"auto\">\u00datok na d\u00edv\u010d\u00ed \u0161kolu Shajarah Tayyebeh z 28. \u00fanora p\u0159i\u0161el prvn\u00ed den americko-izraelsk\u00e9ho \u00fatoku na \u00cdr\u00e1n, kter\u00fd administrativa americk\u00e9ho prezidenta Donalda Trumpa nazvala \u201eOperace Epic Fury\u201c a \u017eidovsk\u00fd st\u00e1t \u201eOperace Lion&#8217;s Roar\u201c.<\/span><\/p>\n<p><span dir=\"auto\">O\u010dit\u00ed sv\u011bdci hl\u00e1sili nejm\u00e9n\u011b dv\u011b rakety, kter\u00e9 \u0161kolu zas\u00e1hly v rychl\u00e9m sledu a vy\u017e\u00e1daly si v\u00edce ne\u017e 170 ob\u011bt\u00ed, z nich\u017e t\u00e9m\u011b\u0159 v\u0161echny byly \u0161kola\u010dky. Dv\u011b rakety \u00fadajn\u011b zas\u00e1hly pr\u00e1zdn\u00e9 sklady soused\u00edc\u00ed se \u0161kolou.<\/span><\/p>\n<div style=\"width: 640px;\" class=\"wp-video\"><!--[if lt IE 9]><script>document.createElement('video');<\/script><![endif]-->\n<video class=\"wp-video-shortcode\" id=\"video-101816-1\" width=\"640\" height=\"360\" preload=\"metadata\" controls=\"controls\"><source type=\"video\/mp4\" src=\"http:\/\/www.infokuryr.cz\/n\/wp-content\/uploads\/2026\/03\/skolair.mp4?_=1\" \/><a href=\"http:\/\/www.infokuryr.cz\/n\/wp-content\/uploads\/2026\/03\/skolair.mp4\">http:\/\/www.infokuryr.cz\/n\/wp-content\/uploads\/2026\/03\/skolair.mp4<\/a><\/video><\/div>\n<p>&nbsp;<\/p>\n<p><span dir=\"auto\">Videoz\u00e1znamy ze \u0161koly ukazovaly sc\u00e9ny zk\u00e1zy po \u00fatoku, jak z\u00e1chran\u00e1\u0159i pro\u010des\u00e1vali trosky a rodi\u010de hledali sv\u00e9 poh\u0159e\u0161ovan\u00e9 d\u011bti.\u00a0\u00a0<\/span><\/p>\n<p><span dir=\"auto\">Sv\u011bt s hr\u016fzou p\u0159ihl\u00ed\u017eel potvrzen\u00ed p\u016fvodn\u00edch z\u00e1b\u011br\u016f a zve\u0159ejn\u011bn\u00ed srdcervouc\u00edch z\u00e1b\u011br\u016f p\u0159ipravovan\u00fdch hrob\u016f pro d\u011bti. OSN prohl\u00e1sila, \u017ee\u00a0<\/span><em><span dir=\"auto\">\u201e\u00fatok na \u0161kolu p\u0159edstavuje v\u00e1\u017en\u00fd \u00fatok na d\u011bti, na vzd\u011bl\u00e1v\u00e1n\u00ed a na budoucnost cel\u00e9 komunity\u201c.<\/span><\/em><\/p>\n<div class=\"article__cover\">\n<div class=\"media\">\n<picture><source srcset=\"https:\/\/mf.b37mrtl.ru\/files\/2026.03\/original\/69b310b6203027567d3aabe2.jpg\" sizes=\"991px\" data-srcset=\"https:\/\/mf.b37mrtl.ru\/files\/2026.03\/original\/69b310b6203027567d3aabe2.jpg\" \/><img decoding=\"async\" loading=\"lazy\" class=\"read-more__cover lazyautosizes lazyloaded aligncenter\" src=\"https:\/\/mf.b37mrtl.ru\/files\/2026.03\/original\/69b310b6203027567d3aabe2.jpg\" sizes=\"991px\" alt=\"RT\" width=\"762\" height=\"477\" data-sizes=\"auto\" data-src=\"https:\/\/mf.b37mrtl.ru\/files\/2026.03\/original\/69b310b6203027567d3aabe2.jpg\" \/><\/picture>\n<div class=\"media__footer media__footer_bottom \">\n<div class=\"media__title media__title_footer\" style=\"text-align: center;\"><em><span dir=\"auto\">Rakve studentek zabit\u00fdch p\u0159i izraelsko-americk\u00e9m \u00fatoku na d\u00edv\u010d\u00ed z\u00e1kladn\u00ed \u0161kolu b\u011bhem hromadn\u00e9ho poh\u0159ebn\u00edho ob\u0159adu v Minabu v \u00cdr\u00e1nu 3. b\u0159ezna 2026 \u00a9 Getty Images<\/span><\/em><\/div>\n<\/div>\n<\/div>\n<\/div>\n<h2><span dir=\"auto\">Co k \u00fatoku \u0159ekly USA a Izrael?<\/span><\/h2>\n<p><span dir=\"auto\">Ameri\u010dt\u00ed a izrael\u0161t\u00ed p\u0159edstavitel\u00e9 okam\u017eit\u011b nab\u00eddli protich\u016fdnou sm\u011bsici pop\u00edr\u00e1n\u00ed a vysv\u011btlen\u00ed \u00fatoku. Izraelsk\u00fd velvyslanec v Austr\u00e1lii Hillel Newman 2. b\u0159ezna prohl\u00e1sil, \u017ee \u0161kolu\u00a0<\/span><em><span dir=\"auto\">\u201eve skute\u010dnosti vyu\u017e\u00edvaly [\u00edr\u00e1nsk\u00e9 Isl\u00e1msk\u00e9 revolu\u010dn\u00ed gardy] a dal\u0161\u00ed s\u00edly\u201c<\/span><\/em><span dir=\"auto\">\u00a0a \u017ee jeho zdroje nazna\u010dily, \u017ee budova\u00a0<\/span><em><span dir=\"auto\">\u201ev t\u00e9 dob\u011b nebyla vyu\u017e\u00edv\u00e1na jako \u0161kola, ale sp\u00ed\u0161e jako budova IRGC a vl\u00e1dy\u201c.<\/span><\/em><\/p>\n<p><span dir=\"auto\">Mluv\u010d\u00ed Izraelsk\u00fdch obrann\u00fdch sil (IDF) Nadav \u0160o\u0161an\u00ed pozd\u011bji uvedl, \u017ee jeho zam\u011bstnanci\u00a0<\/span><em><span dir=\"auto\">\u201eprovedli n\u011bkolikr\u00e1t kontrolu a nena\u0161li \u017e\u00e1dnou souvislost mezi IDF a t\u00edm, co se v dan\u00e9 \u0161kole stalo\u201c.<\/span><\/em><\/p>\n<p><span dir=\"auto\">Americk\u00fd ministr zahrani\u010d\u00ed Marco Rubio, ministr v\u00e1lky Pete Hegseth a tiskov\u00e1 mluv\u010d\u00ed B\u00edl\u00e9ho domu Karoline Leavittov\u00e1 trvali na tom, \u017ee USA ne\u00fato\u010d\u00ed na civilisty.\u00a0<\/span><em><span dir=\"auto\">\u201eVaroval bych v\u00e1s, abyste v p\u0159\u00edpad\u011b \u00fatok\u016f na civilisty ukazovali prstem na Spojen\u00e9 st\u00e1ty americk\u00e9, proto\u017ee to tyto ozbrojen\u00e9 s\u00edly ned\u011blaj\u00ed,\u201c<\/span><\/em><span dir=\"auto\">\u00a0\u0159ekl Leavittov\u00e1 4. b\u0159ezna novin\u00e1\u0159\u016fm a pot\u00e9 report\u00e9ry obvinil z toho, \u017ee nalet\u011bli \u00edr\u00e1nsk\u00e9\u00a0<\/span><em><span dir=\"auto\">\u201epropagand\u011b\u201c.<\/span><\/em><\/p>\n<p><span dir=\"auto\">Na ot\u00e1zku ohledn\u011b \u00fatoku ze 7. b\u0159ezna Trump odpov\u011bd\u011bl, \u017ee se domn\u00edv\u00e1, \u017ee jej\u00a0<\/span><em><span dir=\"auto\">\u201eprovedl \u00cdr\u00e1n&#8230; mysl\u00edme si, \u017ee jej provedl \u00cdr\u00e1n, proto\u017ee, jak v\u00edte, je se svou munic\u00ed velmi nep\u0159esn\u00fd. Nemaj\u00ed v\u016fbec \u017e\u00e1dnou p\u0159esnost.\u201c<\/span><\/em><\/p>\n<p><span dir=\"auto\">Hegseth Trumpovo tvrzen\u00ed nepotvrdil a novin\u00e1\u0159\u016fm \u0159ekl, \u017ee Pentagon incident vy\u0161et\u0159uje. Trval v\u0161ak na tom, \u017ee\u00a0<\/span><em><span dir=\"auto\">\u201ejedinou stranou, kter\u00e1 \u00fato\u010d\u00ed na civilisty, je \u00cdr\u00e1n\u201c.<\/span><\/em><\/p>\n<h2><span dir=\"auto\">Jak reagoval \u00cdr\u00e1n?<\/span><\/h2>\n<p><span dir=\"auto\">\u00cdr\u00e1n obvinil z masakru USA a Izrael. N\u011bkolik vysok\u00fdch p\u0159edstavitel\u016f v Teher\u00e1nu ozna\u010dilo bombov\u00fd \u00fatok za\u00a0<\/span><em><span dir=\"auto\">\u201ev\u00e1le\u010dn\u00fd zlo\u010din\u201c<\/span><\/em><span dir=\"auto\">\u00a0a p\u0159\u00edsahalo, \u017ee se pomst\u00ed.\u00a0<\/span><em><span dir=\"auto\">\u201eNaz\u00fdvat to pouh\u00fdm \u201av\u00e1le\u010dn\u00fdm zlo\u010dinem\u2018 tragicky nedok\u00e1\u017ee vystihnout \u010dirou zlomyslnost a zka\u017eenost takov\u00e9 krutosti,\u201c<\/span><\/em><span dir=\"auto\">\u00a0\u0159ekl 4. b\u0159ezna mluv\u010d\u00ed ministerstva zahrani\u010d\u00ed Esmaeil Baqaei.<\/span><\/p>\n<p><span dir=\"auto\">\u00cdr\u00e1nsk\u00fd velvyslanec v B\u011blorusku Alireza Sanei popsal \u00fatok jako\u00a0<\/span><em><span dir=\"auto\">\u201eritu\u00e1l d\u011btsk\u00e9 ob\u011bti\u201c<\/span><\/em><span dir=\"auto\"> ze strany USA a Izraele.<\/span><\/p>\n<div class=\"rtcode\">\n<div class=\"twitter-tweet twitter-tweet-rendered\"><a href=\"https:\/\/x.com\/araghchi\/status\/2028550945278222558?ref_src=twsrc%5Etfw%7Ctwcamp%5Etweetembed%7Ctwterm%5E2028550945278222558%7Ctwgr%5Eec4cbd87040db144eb684278ce0dfec1010d068a%7Ctwcon%5Es1_&amp;ref_url=https%3A%2F%2Fwww.rt.com%2Fnews%2F634692-iran-minab-school-bombing%2F\"><img decoding=\"async\" loading=\"lazy\" class=\"wp-image-101820 aligncenter\" src=\"http:\/\/www.infokuryr.cz\/n\/wp-content\/uploads\/2026\/03\/xx-247x300.jpg\" alt=\"\" width=\"448\" height=\"544\" srcset=\"https:\/\/www.infokuryr.cz\/n\/wp-content\/uploads\/2026\/03\/xx-247x300.jpg 247w, https:\/\/www.infokuryr.cz\/n\/wp-content\/uploads\/2026\/03\/xx.jpg 554w\" sizes=\"(max-width: 448px) 100vw, 448px\" \/><\/a><\/div>\n<\/div>\n<p><span dir=\"auto\">\u00cdr\u00e1nsk\u00e9 ministerstvo zahrani\u010d\u00ed zve\u0159ejnilo d\u011bsiv\u00e9 fotografie stovek hrob\u016f p\u0159ipravovan\u00fdch pro ob\u011bti \u00fatoku.\u00a0<\/span><em><span dir=\"auto\">\u201eToto jsou hroby kopan\u00e9 pro v\u00edce ne\u017e 160 nevinn\u00fdch mlad\u00fdch d\u00edvek, kter\u00e9 byly zabity p\u0159i americko-izraelsk\u00e9m bombardov\u00e1n\u00ed z\u00e1kladn\u00ed \u0161koly,\u201c<\/span><\/em><span dir=\"auto\">\u00a0napsal ministr zahrani\u010d\u00ed Abb\u00e1s Arag\u010d\u010d\u00ed na serveru X.\u00a0<\/span><em><span dir=\"auto\">\u201eJejich t\u011bla byla roztrh\u00e1na na kusy. Takhle ve skute\u010dnosti vypad\u00e1 \u201az\u00e1chrana\u2018 slibovan\u00e1 panem Trumpem. Od Gazy po Minab, nevinn\u00ed zavra\u017ed\u011bni chladnokrevn\u011b.\u201c<\/span><\/em><\/p>\n<h2><span dir=\"auto\">Video Tomahawk, kter\u00e9 v\u0161echno zm\u011bnilo<\/span><\/h2>\n<p><span dir=\"auto\">Videoz\u00e1znam zve\u0159ejn\u011bn\u00fd 8. b\u0159ezna a ov\u011b\u0159en\u00fd \u0159adou tiskov\u00fdch agentur a analytik\u016f poskytl nejp\u0159esv\u011bd\u010div\u011bj\u0161\u00ed d\u016fkaz o tom, \u017ee za \u00fatok byly zodpov\u011bdn\u00e9 Spojen\u00e9 st\u00e1ty. Na z\u00e1b\u011brech je vid\u011bt, jak \u0159\u00edzen\u00e1 st\u0159ela s profilem odpov\u00eddaj\u00edc\u00edm americk\u00e9mu Tomahawku zas\u00e1hla budovu vedle \u0161koly.<\/span><\/p>\n<div style=\"width: 640px;\" class=\"wp-video\"><video class=\"wp-video-shortcode\" id=\"video-101816-2\" width=\"640\" height=\"350\" preload=\"metadata\" controls=\"controls\"><source type=\"video\/mp4\" src=\"http:\/\/www.infokuryr.cz\/n\/wp-content\/uploads\/2026\/03\/69b313a8203027567d3aabe7.mp4?_=2\" \/><a href=\"http:\/\/www.infokuryr.cz\/n\/wp-content\/uploads\/2026\/03\/69b313a8203027567d3aabe7.mp4\">http:\/\/www.infokuryr.cz\/n\/wp-content\/uploads\/2026\/03\/69b313a8203027567d3aabe7.mp4<\/a><\/video><\/div>\n<p>&nbsp;<\/p>\n<p><span dir=\"auto\">V dob\u011b dopadu se ze samotn\u00e9 \u0161koly ji\u017e valil oblak kou\u0159e, co\u017e nazna\u010dovalo, \u017ee st\u0159ela byla p\u0159inejmen\u0161\u00edm druhou ze \u010dty\u0159, kter\u00e9 oblast zas\u00e1hly.<\/span><\/p>\n<p><em><span dir=\"auto\">\u201eDvojit\u00fd z\u00e1sah americk\u00e9 st\u0159ely #tomahawk, kter\u00e1 ve m\u011bst\u011b #Minab zmasakrovala 168 \u00edr\u00e1nsk\u00fdch mal\u00fdch and\u011bl\u00ed\u010dk\u016f,\u201c<\/span><\/em><span dir=\"auto\">\u00a0napsal Baqaei v p\u0159\u00edsp\u011bvku na X a sd\u00edlel video z\u00e1sahu a fotografie trosek st\u0159ely obsahuj\u00edc\u00edch komponenty americk\u00e9 v\u00fdroby.\u00a0<\/span><em><span dir=\"auto\">\u201eNeodpustiteln\u00fd, do o\u010d\u00ed bij\u00edc\u00ed V\u00c1LE\u010cN\u00dd ZLO\u010cIN, kter\u00fd nesm\u00ed z\u016fstat beztrestn\u00fd.\u201c<\/span><\/em><\/p>\n<div class=\"rtcode\">\n<div class=\"twitter-tweet twitter-tweet-rendered\"><a href=\"https:\/\/x.com\/IRIMFA_SPOX\/status\/2031785242105716904?ref_src=twsrc%5Etfw%7Ctwcamp%5Etweetembed%7Ctwterm%5E2031785242105716904%7Ctwgr%5Eec4cbd87040db144eb684278ce0dfec1010d068a%7Ctwcon%5Es1_&amp;ref_url=https%3A%2F%2Fwww.rt.com%2Fnews%2F634692-iran-minab-school-bombing%2F\"><img decoding=\"async\" loading=\"lazy\" class=\"wp-image-101821 aligncenter\" src=\"http:\/\/www.infokuryr.cz\/n\/wp-content\/uploads\/2026\/03\/xx1-261x300.jpg\" alt=\"\" width=\"508\" height=\"584\" srcset=\"https:\/\/www.infokuryr.cz\/n\/wp-content\/uploads\/2026\/03\/xx1-261x300.jpg 261w, https:\/\/www.infokuryr.cz\/n\/wp-content\/uploads\/2026\/03\/xx1.jpg 548w\" sizes=\"(max-width: 508px) 100vw, 508px\" \/><\/a><\/div>\n<\/div>\n<p><span dir=\"auto\">Na ot\u00e1zku ohledn\u011b videa Trump zdvojn\u00e1sobil sv\u00e9 p\u0159\u00edm\u00e9 pop\u00edr\u00e1n\u00ed a tvrzen\u00ed o zapojen\u00ed \u00cdr\u00e1nu a tvrdil, \u017ee rakety Tomahawk\u00a0<\/span><em><span dir=\"auto\">\u201eprod\u00e1vaj\u00ed a pou\u017e\u00edvaj\u00ed i jin\u00e9 zem\u011b\u201c<\/span><\/em><span dir=\"auto\">\u00a0a \u017ee \u00cdr\u00e1n\u00a0<\/span><em><span dir=\"auto\">\u201etak\u00e9 n\u011bjak\u00e9 Tomahawky m\u00e1\u201c.\u00a0<\/span><\/em><\/p>\n<p><em><span dir=\"auto\">\u201eAle a\u0165 u\u017e je to \u00cdr\u00e1n nebo n\u011bkdo jin\u00fd\u2026 skute\u010dnost, \u017ee Tomahawk je velmi obecn\u00fd, prod\u00e1v\u00e1 se i jin\u00fdm zem\u00edm, ale to se pr\u00e1v\u011b vy\u0161et\u0159uje,\u201c<\/span><\/em><span dir=\"auto\">\u00a0pokra\u010doval.<\/span><\/p>\n<p><span dir=\"auto\">\u00dato\u010dn\u00e1 st\u0159ela BGM-109 Tomahawk pro pozemn\u00ed \u00fatok vstoupila do slu\u017eby v roce 1983, t\u0159i roky pot\u00e9, co USA p\u0159eru\u0161ily vztahy s \u00cdr\u00e1nem po isl\u00e1msk\u00e9 revoluci. Provozuj\u00ed ji v\u00fdhradn\u011b USA a hrstka americk\u00fdch spojenc\u016f: Austr\u00e1lie, Japonsko, Nizozemsko a Spojen\u00e9 kr\u00e1lovstv\u00ed.<\/span><\/p>\n<h2><span dir=\"auto\">Co odhalily New York Times o vy\u0161et\u0159ov\u00e1n\u00ed st\u00e1vky?<\/span><\/h2>\n<p><span dir=\"auto\">Vy\u0161et\u0159ovatel\u00e9 Pentagonu ji\u017e potvrdili, \u017ee \u00fatok provedly Spojen\u00e9 st\u00e1ty, informoval 11. b\u0159ezna den\u00edk New York Times s odvol\u00e1n\u00edm na nejmenovan\u00e9 vojensk\u00e9 p\u0159edstavitele. \u0160kola byla postavena na m\u00edst\u011b b\u00fdval\u00e9ho za\u0159\u00edzen\u00ed IRGC a vy\u0161et\u0159ovatel\u00e9 se \u00fadajn\u011b domn\u00edvaj\u00ed, \u017ee d\u016fstojn\u00edci americk\u00e9ho \u00fast\u0159edn\u00edho velen\u00ed se spol\u00e9hali na\u00a0<\/span><em><span dir=\"auto\">\u201ezastaral\u00e9 \u00fadaje o c\u00edlen\u00ed\u201c<\/span><\/em><span dir=\"auto\">\u00a0od Obrann\u00e9 zpravodajsk\u00e9 slu\u017eby (Defense Intelligence Agency), kter\u00e1 budovu \u0161koly st\u00e1le klasifikovala jako sou\u010d\u00e1st vojensk\u00e9ho komplexu, p\u0159esto\u017ee byla na \u0161kolu p\u0159estav\u011bna p\u0159ed v\u00edce ne\u017e deseti lety.<\/span><\/p>\n<div class=\"article__cover\">\n<div class=\"media\">\n<picture><source srcset=\"https:\/\/mf.b37mrtl.ru\/files\/2026.03\/original\/69b314d785f54034c069f6b4.jpg\" sizes=\"991px\" data-srcset=\"https:\/\/mf.b37mrtl.ru\/files\/2026.03\/original\/69b314d785f54034c069f6b4.jpg\" \/><img decoding=\"async\" loading=\"lazy\" class=\"read-more__cover lazyautosizes lazyloaded aligncenter\" src=\"https:\/\/mf.b37mrtl.ru\/files\/2026.03\/original\/69b314d785f54034c069f6b4.jpg\" sizes=\"991px\" alt=\"Sutiny a trosky viditeln\u00e9 u d\u00edv\u010d\u00ed \u0161koly Shajarah Tayyebeh v Minabu v \u00cdr\u00e1nu pot\u00e9, co byla zni\u010dena p\u0159i zjevn\u00e9m americk\u00e9m raketov\u00e9m \u00fatoku.\" width=\"849\" height=\"566\" data-sizes=\"auto\" data-src=\"https:\/\/mf.b37mrtl.ru\/files\/2026.03\/original\/69b314d785f54034c069f6b4.jpg\" \/><\/picture>\n<div class=\"media__footer media__footer_bottom \">\n<div class=\"media__title media__title_footer\" style=\"text-align: center;\"><em><span dir=\"auto\">Pohled na zni\u010denou d\u00edv\u010d\u00ed \u0161kolu Shajarah Tayyebeh v Minabu v \u00cdr\u00e1nu, 5. b\u0159ezna 2026 \u00a9 Getty Images<br \/>\nx<\/span><\/em><\/div>\n<\/div>\n<\/div>\n<\/div>\n<p><span dir=\"auto\">M\u00edsto neslo jasn\u00e9 zn\u00e1mky civiln\u00edho vyu\u017eit\u00ed, v\u010detn\u011b sportovn\u00edho h\u0159i\u0161t\u011b, d\u011btsk\u00fdch n\u00e1st\u011bnn\u00fdch maleb a pestrobarevn\u00fdch zd\u00ed, kter\u00e9 byly viditeln\u00e9 na satelitn\u00edch sn\u00edmc\u00edch po\u0159\u00edzen\u00fdch t\u00e9m\u011b\u0159 p\u0159ed deseti lety. \u0160kola m\u011bla tak\u00e9 webov\u00e9 str\u00e1nky, kter\u00e9 byly v dob\u011b bombardov\u00e1n\u00ed aktivn\u00ed.<\/span><\/p>\n<p><span dir=\"auto\">B\u00edl\u00fd d\u016fm st\u00e1le nep\u0159iznal vinu.\u00a0<\/span><em><span dir=\"auto\">\u201eJak The New York Times ve sv\u00e9 vlastn\u00ed zpr\u00e1v\u011b uzn\u00e1v\u00e1, vy\u0161et\u0159ov\u00e1n\u00ed st\u00e1le prob\u00edh\u00e1,\u201c<\/span><\/em><span dir=\"auto\">\u00a0uvedl Leavitt ve sv\u00e9m prohl\u00e1\u0161en\u00ed.<\/span><\/p>\n<h2><span dir=\"auto\">Vybrala si um\u011bl\u00e1 inteligence \u0161kolu Minab jako c\u00edl?<\/span><\/h2>\n<p><span dir=\"auto\">Pentagon pou\u017e\u00edv\u00e1 Claude, rozs\u00e1hl\u00fd jazykov\u00fd model vytvo\u0159en\u00fd firmou zab\u00fdvaj\u00edc\u00ed se um\u011blou inteligenc\u00ed Anthropic, k identifikaci a anal\u00fdze potenci\u00e1ln\u00edch c\u00edl\u016f vojensk\u00fdch \u00fader\u016f. Tato spolupr\u00e1ce se stala p\u0159edm\u011btem extr\u00e9mn\u00ed kontroverze, p\u0159i\u010dem\u017e Trump v \u00fanoru zru\u0161il vl\u00e1dn\u00ed smlouvy se spole\u010dnost\u00ed Anthropic kv\u016fli tomu, \u017ee spole\u010dnost odm\u00edtla povolit pou\u017eit\u00ed Claude pro hromadn\u00fd dom\u00e1c\u00ed dohled nebo pln\u011b autonomn\u00ed zbran\u011b. Smlouva Anthropic s Pentagonem vypr\u0161\u00ed a\u017e v z\u00e1\u0159\u00ed.<\/span><\/p>\n<p><span dir=\"auto\">Podle den\u00edku Times se vy\u0161et\u0159ovatel\u00e9 domn\u00edvaj\u00ed, \u017ee je\u00a0<\/span><em><span dir=\"auto\">\u201enepravd\u011bpodobn\u00e9\u201c<\/span><\/em><span dir=\"auto\">\u00a0, \u017ee by se Claude pod\u00edlel na \u00fatoku na \u0161kolu. M\u00edsto toho se domn\u00edvaj\u00ed, \u017ee \u00fader byl v\u00fdsledkem lidsk\u00e9 chyby.<\/span><\/p>\n<p><span dir=\"auto\">Claude \u00fadajn\u011b sehr\u00e1l kl\u00ed\u010dovou roli p\u0159i pl\u00e1nov\u00e1n\u00ed a prov\u00e1d\u011bn\u00ed americk\u00e9ho \u00fatoku zam\u011b\u0159en\u00e9ho na venezuelsk\u00e9ho prezidenta Nicol\u00e1se Madura v lednu a tak\u00e9 p\u0159i n\u011bkter\u00fdch z prvn\u00edch americko-izraelsk\u00fdch \u00fader\u016f na \u00cdr\u00e1n 28. \u00fanora.<\/span><\/p>\n<h2><span dir=\"auto\">Co se Rusko vyj\u00e1d\u0159ilo k krutosti v d\u00edv\u010d\u00ed \u0161kole Minab?<\/span><\/h2>\n<p><span dir=\"auto\">Mluv\u010d\u00ed rusk\u00e9ho ministerstva zahrani\u010d\u00ed Maria Zacharovov\u00e1 tento krut\u00fd \u010din p\u0159\u00edmo odsoudila a obvinila USA a Izrael z\u00a0<\/span><em><span dir=\"auto\">\u201ekrutosti, cynismu a dehumanizace\u201c.<\/span><\/em><span dir=\"auto\">\u00a0\u00datok byl\u00a0<\/span><em><span dir=\"auto\">\u201enezodpov\u011bdn\u00fd a bezohledn\u00fd\u201c,<\/span><\/em><span dir=\"auto\">\u00a0trvala na sv\u00e9m a incident ozna\u010dila za poru\u0161en\u00ed mezin\u00e1rodn\u00edho a humanit\u00e1rn\u00edho pr\u00e1va.<\/span><\/p>\n<p><span dir=\"auto\">V Rad\u011b bezpe\u010dnosti OSN se Rusko zdr\u017eelo hlasov\u00e1n\u00ed o n\u00e1vrhu odsuzuj\u00edc\u00edm \u00edr\u00e1nsk\u00e9 \u00fatoky na americk\u00e9 z\u00e1kladny v Persk\u00e9m z\u00e1livu, proto\u017ee se o \u00fatoku na z\u00e1kladnu Minab v\u016fbec nezm\u00ednilo. Podle st\u00e1l\u00e9ho rusk\u00e9ho z\u00e1stupce p\u0159i OSN Vasilije N\u011bbenzji n\u00e1vrh vyvolal dojem, jako by\u00a0<\/span><em><span dir=\"auto\">\u201eTeher\u00e1n z vlastn\u00ed v\u016fle a ze zl\u00e9ho \u00famyslu provedl nevyprovokovan\u00fd \u00fatok na arabsk\u00e9 st\u00e1ty\u201c.<\/span><\/em><\/p>\n<h2><span dir=\"auto\">Jak na tento krut\u00fd \u010din reagovali spojenci USA?<\/span><\/h2>\n<p><span dir=\"auto\">Italsk\u00e1 premi\u00e9rka Giorgia Meloni se v\u00fdznamn\u011b distancovala od Trumpa, sv\u00e9ho b\u00fdval\u00e9ho politick\u00e9ho spojence, a vyj\u00e1d\u0159ila solidaritu s ob\u011b\u0165mi\u00a0<\/span><em><span dir=\"auto\">\u201emasakru\u201c.<\/span><\/em><span dir=\"auto\">\u00a0\u0160pan\u011blsk\u00fd premi\u00e9r Pedro Sanchez pou\u017eil stejn\u00fd v\u00fdraz p\u0159i odsouzen\u00ed incidentu.<\/span><\/p>\n<p><span dir=\"auto\">Jsou jedin\u00fdmi p\u0159edstaviteli st\u00e1t\u016f EU, kte\u0159\u00ed incident odsoudili. Ani p\u0159edsedkyn\u011b Evropsk\u00e9 komise Ursula von der Leyen, ani \u0161\u00e9fka zahrani\u010dn\u00ed politiky Kaja Kallas se k trag\u00e9dii ve\u0159ejn\u011b nevyj\u00e1d\u0159ily.<\/span><\/p>\n<p>\u010cesk\u00fd europoslanec za ODS Alexandr Vondra dokonce tento zlo\u010din ve\u0159ejn\u011b schvaloval a omlouval!<\/p>\n<p><img decoding=\"async\" loading=\"lazy\" class=\"alignnone size-full wp-image-1185\" src=\"http:\/\/www.infokuryr.cz\/n\/wp-content\/uploads\/2021\/04\/kuryr-podpis.png\" alt=\"\" width=\"84\" height=\"24\" \/><\/p>\n<p>&nbsp;<\/p>\n<p>&nbsp;<\/p>\n","protected":false},"excerpt":{"rendered":"<p>V\u0161echny d\u016fkazy ukazuj\u00ed na USA, ale B\u00edl\u00fd d\u016fm vinu nep\u0159izn\u00e1v\u00e1 Americko-izraelsk\u00e1 v\u00e1lka proti \u00cdr\u00e1nu za\u010dala&#8230;<\/p>\n","protected":false},"author":2,"featured_media":101819,"comment_status":"closed","ping_status":"closed","sticky":false,"template":"","format":"standard","meta":[],"categories":[7],"tags":[245,38,94,37,2923],"_links":{"self":[{"href":"https:\/\/www.infokuryr.cz\/n\/wp-json\/wp\/v2\/posts\/101816"}],"collection":[{"href":"https:\/\/www.infokuryr.cz\/n\/wp-json\/wp\/v2\/posts"}],"about":[{"href":"https:\/\/www.infokuryr.cz\/n\/wp-json\/wp\/v2\/types\/post"}],"author":[{"embeddable":true,"href":"https:\/\/www.infokuryr.cz\/n\/wp-json\/wp\/v2\/users\/2"}],"replies":[{"embeddable":true,"href":"https:\/\/www.infokuryr.cz\/n\/wp-json\/wp\/v2\/comments?post=101816"}],"version-history":[{"count":1,"href":"https:\/\/www.infokuryr.cz\/n\/wp-json\/wp\/v2\/posts\/101816\/revisions"}],"predecessor-version":[{"id":101822,"href":"https:\/\/www.infokuryr.cz\/n\/wp-json\/wp\/v2\/posts\/101816\/revisions\/101822"}],"wp:featuredmedia":[{"embeddable":true,"href":"https:\/\/www.infokuryr.cz\/n\/wp-json\/wp\/v2\/media\/101819"}],"wp:attachment":[{"href":"https:\/\/www.infokuryr.cz\/n\/wp-json\/wp\/v2\/media?parent=101816"}],"wp:term":[{"taxonomy":"category","embeddable":true,"href":"https:\/\/www.infokuryr.cz\/n\/wp-json\/wp\/v2\/categories?post=101816"},{"taxonomy":"post_tag","embeddable":true,"href":"https:\/\/www.infokuryr.cz\/n\/wp-json\/wp\/v2\/tags?post=101816"}],"curies":[{"name":"wp","href":"https:\/\/api.w.org\/{rel}","templated":true}]}}