{"id":101805,"date":"2026-03-13T04:32:47","date_gmt":"2026-03-13T03:32:47","guid":{"rendered":"https:\/\/www.infokuryr.cz\/n\/?p=101805"},"modified":"2026-03-13T04:32:47","modified_gmt":"2026-03-13T03:32:47","slug":"silene-propagandisticke-video-nato-propaguje-high-tech-valceni-jako-videohru","status":"publish","type":"post","link":"https:\/\/www.infokuryr.cz\/n\/2026\/03\/13\/silene-propagandisticke-video-nato-propaguje-high-tech-valceni-jako-videohru\/","title":{"rendered":"\u0160\u00edlen\u00e9 propagandistick\u00e9 video: NATO propaguje high-tech v\u00e1l\u010den\u00ed jako videohru"},"content":{"rendered":"<div id=\"fb-root\"><\/div>\n<p><strong><span dir=\"auto\">V\u00e1lka jako v Call of Duty: Takhle NATO \u201epropaguje\u201c bl\u00ed\u017e\u00edc\u00ed se high-tech v\u00e1lku, na kterou se \u010dlov\u011bk mus\u00ed p\u0159ipravit jako postava Toma Cruise. Tento pseudo-modern\u00ed styl s futuristick\u00fdmi p\u0159\u00edb\u011bhy a spoustou barevn\u00fdch obr\u00e1zk\u016f s um\u011blou inteligenc\u00ed je konzistentn\u00ed v cel\u00e9m textu: Obrann\u00e1 akademie NATO dokonce vyd\u00e1v\u00e1 komiksy. Bere \u201eobrann\u00e1 aliance\u201c st\u00e1le sv\u00e9 posl\u00e1n\u00ed v\u00e1\u017en\u011b?<\/span><\/strong><\/p>\n<p><span dir=\"auto\">\u201eOd p\u0159edv\u00eddavosti k v\u00e1le\u010dn\u00e9mu boji\u201c je n\u00e1zev propagandistick\u00e9ho videa NATO zve\u0159ejn\u011bn\u00e9ho v \u0159\u00edjnu 2025. V n\u011bm b\u00fdval\u00e1 obrann\u00e1 aliance otev\u0159en\u011b reflektuje budouc\u00ed v\u00e1le\u010dn\u00e9 schopnosti. V\u00fdznamn\u00fdm faktorem by podle videa m\u011bla b\u00fdt zm\u011bna klimatu, kter\u00e1 ovliv\u0148uje obchodn\u00ed cesty, z\u00e1soby potravin a infrastrukturu a vede k nov\u00fdm konflikt\u016fm, a tak\u00e9 modern\u00ed technologie, kter\u00e9 drasticky m\u011bn\u00ed a roz\u0161i\u0159uj\u00ed povahu v\u00e1l\u010den\u00ed.<\/span><\/p>\n<p><span dir=\"auto\">Zpr\u00e1va popisuje nejen roje dron\u016f s robotick\u00fdmi \u201emate\u0159sk\u00fdmi lod\u011bmi\u201c a autonomn\u00edmi zbra\u0148ov\u00fdmi syst\u00e9my ovl\u00e1dan\u00fdmi um\u011blou inteligenc\u00ed, ale tak\u00e9 v\u00e1l\u010den\u00ed v kyberprostoru a dokonce i ve vesm\u00edru. Hovo\u0159\u00ed o nep\u0159\u00e1telsk\u00fdch \u00fatoc\u00edch prost\u0159ednictv\u00edm psychotropn\u00edch drog, \u00fatoc\u00edch na ekosyst\u00e9m a biologick\u00fdch zbran\u00edch (bakteri\u00edch). NATO sice m\u016f\u017ee doufat v \u201ekr\u00e1tk\u00e9 v\u00e1lky\u201c, ale realita bude m\u00edt kone\u010dn\u00e9 slovo, varuje zpr\u00e1va.<\/span><\/p>\n<p><span dir=\"auto\">Video je stylizovan\u00e9 jako reklama na videohru a zd\u00e1 se, \u017ee propaguje modern\u00ed high-tech v\u00e1l\u010den\u00ed, jako je nejnov\u011bj\u0161\u00ed d\u00edl Call of Duty. Kon\u010d\u00ed slovy: \u201eVa\u0161\u00ed v\u00fdzvou, pokud se ji rozhodnete p\u0159ijmout, je p\u0159en\u00e9st tuto p\u0159edv\u00eddavost do v\u00e1l\u010den\u00ed.\u201c Tato fr\u00e1ze je shodou okolnost\u00ed zn\u00e1m\u00e1 z popul\u00e1rn\u00edch film\u016f \u201eMission: Impossible\u201c s Tomem Cruisem v hlavn\u00ed roli. Kolik Ethan\u016f Hunt\u016f by NATO r\u00e1do m\u011blo jako d\u011blov\u00e9 krmivo na front\u011b od roku 2030?<\/span><\/p>\n<p><span dir=\"auto\">V sekci koment\u00e1\u0159\u016f se \u017e\u00e1dn\u00ed dobrovoln\u00edci nep\u0159id\u00e1vaj\u00ed. \u201eNepot\u0159ebujeme p\u0159edstavivost o budoucnosti v\u00e1lky, ale p\u0159edstavivost o budoucnosti v m\u00edru!\u201c zn\u00ed nejvy\u0161\u0161\u00ed koment\u00e1\u0159 \u2013 pot\u0159ebujeme vizi m\u00edrov\u00e9 budoucnosti.<\/span><\/p>\n<p><iframe loading=\"lazy\" title=\"NATO od p\u0159edv\u00eddavosti k v\u00e1le\u010dn\u00e9mu boji\" src=\"https:\/\/www.youtube.com\/embed\/gUeOJ5pMHiQ?feature=oembed\" width=\"640\" height=\"360\" frameborder=\"0\" allowfullscreen=\"allowfullscreen\" data-mce-fragment=\"1\"><\/iframe><\/p>\n<p><span dir=\"auto\">Podle popisu jsou odpov\u011bdn\u00fdmi osobami:<\/span><\/p>\n<p><em><span dir=\"auto\">Sc\u00e9n\u00e1\u0159: Florence Gaub. Kreativn\u00ed dohled: Florence Gaub a Heiko Bauer. Film a zvuk: Ponywurst Production, Andreas O. Loff<\/span><\/em><\/p>\n<p><span dir=\"auto\">To, \u017ee se sv\u011bt m\u011bn\u00ed a NATO se mus\u00ed p\u0159izp\u016fsobit dob\u011b, je nepochybn\u00e9. V\u00fdznam tohoto klipu v\u0161ak nen\u00ed jasn\u00fd. Video p\u016fsob\u00ed tak p\u0159ehnan\u011b, \u017ee by si ho \u010dlov\u011bk mohl spl\u00e9st s um\u011blou inteligenc\u00ed generovan\u00fdm odpadem n\u011bjak\u00e9ho pod\u0159adn\u00e9ho youtubera. Objevilo se v\u0161ak na ofici\u00e1ln\u00edm YouTube kan\u00e1lu Obrann\u00e9\u00a0<\/span><a href=\"https:\/\/www.ndc.nato.int\/\"><span dir=\"auto\">akademie NATO<\/span><\/a><span dir=\"auto\">\u00a0a odkazuje na\u00a0<\/span><a href=\"https:\/\/www.act.nato.int\/\" target=\"_blank\" rel=\"noreferrer noopener\"><span dir=\"auto\">Velitelstv\u00ed spojeneck\u00fdch sil NATO pro transformaci<\/span><\/a><span dir=\"auto\"> (ACT). A to je pravda.<\/span><\/p>\n<p><span dir=\"auto\">Snaha NATO o zaji\u0161t\u011bn\u00ed budoucnosti je patrn\u00e1 na webov\u00fdch str\u00e1nk\u00e1ch ACT. Je tam pops\u00e1na \u201eAgenda rozvoje v\u00e1l\u010den\u00ed\u201c, v jej\u00edm\u017e r\u00e1mci m\u00e1 b\u00fdt implementov\u00e1na \u201eVrchn\u00ed koncepce v\u00e1l\u010den\u00ed NATO\u201c. Cel\u00e1 koncepce nen\u00ed ve\u0159ejn\u011b dostupn\u00e1; zve\u0159ejn\u011bn\u00e1\u00a0<\/span><a href=\"https:\/\/www.act.nato.int\/wp-content\/uploads\/2023\/06\/NWCC-Glossy-18-MAY.pdf\" target=\"_blank\" rel=\"noreferrer noopener\"><span dir=\"auto\">verze<\/span><\/a><span dir=\"auto\">\u00a0na webov\u00fdch str\u00e1nk\u00e1ch je op\u011bt naps\u00e1na stylem \u201ecall-of-duty\u201c. Popisy se nijak netaj\u00ed t\u00edm, \u017ee NATO pova\u017euje svou roli obrann\u00e9 aliance za pot\u0159ebuj\u00edc\u00ed modernizaci.<\/span><\/p>\n<p><em><span dir=\"auto\">M\u011bn\u00edc\u00ed se a vyv\u00edjej\u00edc\u00ed se bezpe\u010dnostn\u00ed prost\u0159ed\u00ed ohro\u017euje trval\u00fd \u00fasp\u011bch Aliance. NATO sice z\u016fst\u00e1v\u00e1 obrannou alianc\u00ed, ale opera\u010dn\u00ed prost\u0159ed\u00ed vy\u017eaduje nov\u00e9 zp\u016fsoby my\u0161len\u00ed, organizace a jedn\u00e1n\u00ed. Rusko a teroristick\u00e9 skupiny a organizace budou Alianci i nad\u00e1le ohro\u017eovat, zat\u00edmco role a vliv \u010c\u00edny se budou zejm\u00e9na zvy\u0161ovat. P\u0159etrv\u00e1vat budou \u0161ir\u0161\u00ed bezpe\u010dnostn\u00ed v\u00fdzvy, v\u010detn\u011b t\u011bch souvisej\u00edc\u00edch s demografi\u00ed, klimatem, zdroji a krizemi ve\u0159ejn\u00e9ho zdrav\u00ed, jako je COVID-19.<\/span><\/em><\/p>\n<h3 id=\"h-nato-defense-college-krieg-klima-mrna\" class=\"wp-block-heading\"><span dir=\"auto\">Obrann\u00e1 akademie NATO: V\u00e1lka, klima, mRNA<\/span><\/h3>\n<p><span dir=\"auto\">Mezit\u00edm na Obrann\u00e9 akademii NATO vystavuj\u00ed\u00a0<\/span><a href=\"https:\/\/www.ndc.nato.int\/wp-content\/uploads\/2026\/02\/North_Star_Final.pdf\" target=\"_blank\" rel=\"noreferrer noopener\"><span dir=\"auto\">fiktivn\u00ed noviny datovan\u00e9 14. \u00fanora 2031<\/span><\/a><span dir=\"auto\"> , jak\u00e9si globalistick\u00e9 bingo, kter\u00e9 se nejen zab\u00fdv\u00e1 obvykl\u00fdmi geopolitick\u00fdmi konflikty od Ruska po \u00cdr\u00e1n, ale tak\u00e9 p\u0159edpov\u00edd\u00e1 vynikaj\u00edc\u00ed mRNA terapie rakoviny \u2013 a samoz\u0159ejm\u011b nejteplej\u0161\u00ed \u00fanor a\u017e srpen v Mnichov\u011b od za\u010d\u00e1tku m\u011b\u0159en\u00ed. Podle fiktivn\u00edho \u00faniku informac\u00ed se v B\u011blorusku chovaj\u00ed tak\u00e9 geneticky modifikovan\u00ed voj\u00e1ci. Dokonce p\u0159idali i horoskop. NATO rozhodn\u011b nep\u016fsob\u00ed na potenci\u00e1ln\u00ed nep\u0159\u00e1tele jako v\u00e1\u017en\u00fd protivn\u00edk.<\/span><\/p>\n<p><span dir=\"auto\">Dal\u0161\u00ed ned\u00e1vn\u00e1 publikace, kter\u00e1 by mohla znepokojit vlastn\u00ed ob\u010dany:\u00a0<\/span><a href=\"https:\/\/www.ndc.nato.int\/download\/war-is-a-mind-game-countering-weaponised-information\/?wpdmdl=10277&amp;refresh=69b2d22696d631773326886\"><span dir=\"auto\">varov\u00e1n\u00ed p\u0159ed informacemi jako zbran\u00ed<\/span><\/a><span dir=\"auto\">\u00a0\u2013 tzv. dezinformacemi, zejm\u00e9na z Ruska. \u201eNa rozd\u00edl od autorit\u00e1\u0159sk\u00fdch re\u017eim\u016f \u010del\u00ed demokratick\u00e9 st\u00e1ty a aliance na kognitivn\u00edm boji\u0161ti zna\u010dn\u00fdm nev\u00fdhod\u00e1m. Jejich z\u00e1vazek ke svobod\u011b informac\u00ed, rozmanitosti n\u00e1zor\u016f a minim\u00e1ln\u00ed cenzu\u0159e vytv\u00e1\u0159\u00ed prost\u0159ed\u00ed, kter\u00e9 umo\u017e\u0148uje zahrani\u010dn\u00edm protivn\u00edk\u016fm snadno \u0161\u00ed\u0159it informace zneu\u017e\u00edvan\u00e9 jako zbran\u011b,\u201c na\u0159\u00edk\u00e1 zpr\u00e1va. Jak je tedy p\u0159\u00edhodn\u00e9, \u017ee Evropa tak usilovn\u011b bojuje za omezen\u00ed svobody informac\u00ed a rozmanitosti n\u00e1zor\u016f.<\/span><\/p>\n<h3 id=\"h-kognitiver-verfall-bei-der-nato\" class=\"wp-block-heading\"><span dir=\"auto\">Kognitivn\u00ed pokles v NATO?<\/span><\/h3>\n<p><span dir=\"auto\">Nejpodivn\u011bj\u0161\u00ed p\u0159\u00edsp\u011bvky \u2013 jako nap\u0159\u00edklad video o v\u00e1le\u010dn\u00e9 propagand\u011b zobrazen\u00e9 na za\u010d\u00e1tku \u2013 v mnoha p\u0159\u00edpadech ukazuj\u00ed na jedno a tot\u00e9\u017e jm\u00e9no odpov\u011bdn\u00e9 osoby:\u00a0<\/span><a href=\"https:\/\/de.wikipedia.org\/wiki\/Florence_Gaub\" target=\"_blank\" rel=\"noreferrer noopener\"><span dir=\"auto\">Florence Gaub<\/span><\/a><span dir=\"auto\"> . V letech 2009 a\u017e 2013 pracovala na Obrann\u00e9 akademii NATO, n\u011bkolik let str\u00e1vila v Institutu Evropsk\u00e9 unie pro bezpe\u010dnostn\u00ed studia do roku 2018 a pot\u00e9 se v roce 2023 vr\u00e1tila na Obrannou akademii NATO. V letech 2020 a\u017e 2022 tak\u00e9 pracovala na WEF (jako \u010dlenka Future Council on Frontier Risks).<\/span><\/p>\n<p><span dir=\"auto\">V sou\u010dasn\u00e9 dob\u011b publikuje na Obrann\u00e9 akademii sc\u00e9n\u00e1\u0159e budoucnosti, nap\u0159\u00edklad \u201e\u00a0<\/span><a href=\"https:\/\/www.ndc.nato.int\/download\/what-if-ten-dragon-king-scenarios-for-2030\/?wpdmdl=10276&amp;refresh=69b2d37c31c161773327228\"><span dir=\"auto\">Co kdyby\u2026? Deset sc\u00e9n\u00e1\u0159\u016f Dra\u010d\u00edho kr\u00e1le pro rok 2030<\/span><\/a><span dir=\"auto\">\u00a0\u201c, kter\u00e1 p\u0159edstavuje my\u0161lenkov\u00e9 experimenty o v\u00e1lce a kriz\u00edch s k\u00fd\u010dovit\u00fdm, um\u011blou inteligenc\u00ed generovan\u00fdmi obr\u00e1zky drak\u016f. \u010ctrn\u00e1ctilet\u00fdm by to mohlo p\u0159ipadat l\u00e1kav\u00e9 \u2013 pro dosp\u011bl\u00e9 je to v\u0161ak pon\u011bkud matouc\u00ed. Gaub je tak\u00e9 spoluautorkou komiksu s n\u00e1zvem \u201eNATO\u00a02099\u00a0<\/span><a href=\"https:\/\/www.ndc.nato.int\/download\/nato-2099-a-graphic-novel\/?wpdmdl=2167&amp;refresh=69b2d75764c2b1773328215\" target=\"_blank\" rel=\"noreferrer noopener\"><span dir=\"auto\">\u201c.<\/span><\/a><\/p>\n<p><span dir=\"auto\">V\u011bd\u011bli jste, \u017ee tvorba grafick\u00fdch rom\u00e1n\u016f je sou\u010d\u00e1st\u00ed pr\u00e1ce NATO?\u00a0<\/span><strong><span dir=\"auto\">Nesta\u010d\u00ed u\u017e \u010dten\u00ed text\u016f a anal\u00fdz pro person\u00e1ln\u00ed z\u00e1le\u017eitosti NATO? Opravdu pot\u0159ebuj\u00ed spoustu barevn\u00e9 grafiky, aby se nenudili ve sv\u00e9 \u00fanavn\u00e9 pr\u00e1ci? Mo\u017en\u00e1 rad\u011bji ma\u010dkaj\u00ed p\u00e1r \u010derven\u00fdch tla\u010d\u00edtek, ne\u017e aby se zab\u00fdvali tak nudn\u00fdmi t\u00e9maty, jako je \u201em\u00edr\u201c?<\/span><\/strong><span dir=\"auto\">\u00a0Je mo\u017en\u00e9, \u017ee Gaub a jeho kolegov\u00e9 tento d\u011btinsk\u00fd styl pou\u017e\u00edvaj\u00ed tak\u00e9 k potla\u010den\u00ed obecn\u00e9ho poklesu pozornosti a pracovn\u00ed mor\u00e1lky. Rozhodn\u011b to nevzbuzuje d\u016fv\u011bru.<\/span><\/p>\n<p><span dir=\"auto\">V publikaci z Gaubov\u00fdch dob v EUISS (\u201e\u00a0<\/span><a href=\"https:\/\/www.iss.europa.eu\/sites\/default\/files\/EUISSFiles\/CP_161.pdf\" target=\"_blank\" rel=\"noreferrer noopener\"><span dir=\"auto\">Konflikty, kter\u00e9 p\u0159ijdou<\/span><\/a><span dir=\"auto\"> \u201c) se dva auto\u0159i tak\u00e9 zab\u00fdvaj\u00ed vyu\u017eit\u00edm fikce k dal\u0161\u00edmu rozv\u00edjen\u00ed my\u0161lenek \u2013 nap\u0159\u00edklad k anal\u00fdze b\u011b\u017en\u00fdch vojensk\u00fdch slabin. Lyricky hovo\u0159\u00ed o zbran\u00edch z mangy, exoskeletonech a odkazuj\u00ed na Iron Mana od Marvelu. D\u016fraz se neklade na lidsk\u00e9 \u017eivoty zni\u010den\u00e9 v\u00e1lkou, ale sp\u00ed\u0161e na mo\u017enosti je\u0161t\u011b efektivn\u011bj\u0161\u00ed destrukce, kter\u00e9 by sci-fi mohla inspirovat.<\/span><\/p>\n<h3 id=\"h-eine-zukunftsforscherin-mit-afd-phobie\" class=\"wp-block-heading\"><span dir=\"auto\">Futurista s fobi\u00ed z AfD<\/span><\/h3>\n<p><span dir=\"auto\">Abychom posoudili v\u011brohodnost Gaubov\u00fdch barvit\u00fdch sc\u00e9n\u00e1\u0159\u016f budoucnosti, odkazujeme zde na jej\u00ed d\u0159\u00edv\u011bj\u0161\u00ed v\u00fdtvor: V dubnu 2024 Gaub, rovn\u011b\u017e ve spolupr\u00e1ci s Andreasem O. Loffem a jeho produk\u010dn\u00ed spole\u010dnost\u00ed \u201ePonywurst Production\u201c, vydala video s um\u011blou inteligenc\u00ed zalo\u017een\u00e9 na m\u00fdtech z Postupimi proti AfD (Alternativa pro N\u011bmecko) a stru\u010dn\u011b vykouzlila exodus: \u201eModr\u00ed\u201c, tedy AfD, nastolili diktaturu a donutili v\u0161echny emigrovat do severn\u00ed Afriky, podle absurdn\u00edho p\u0159\u00edb\u011bhu vypr\u00e1v\u011bn\u00e9ho z pohledu babi\u010dky v roce 2060. Referovali jsme: \u201e\u00a0<\/span><a href=\"https:\/\/report24.news\/nato-wissenschaftlerin-linksradikale-und-z-promis-produzieren-ki-propagandafilm-gegen-deutschland\/\"><span dir=\"auto\">V\u011bdec NATO, levicov\u00ed radik\u00e1lov\u00e9 a celebrity ze seznamu Z nato\u010dili propagandistick\u00fd film s um\u011blou inteligenc\u00ed proti N\u011bmecku.<\/span><\/a><span dir=\"auto\">\u00a0\u201c<\/span><\/p>\n<p><span dir=\"auto\">Ka\u017ed\u00fd, kdo publikuje takov\u00e9 \u201evize budoucnosti\u201c zalo\u017een\u00e9 na fale\u0161n\u00fdch tvrzen\u00edch (kter\u00e1 byla nyn\u00ed dostate\u010dn\u011b vyvr\u00e1cena u soudu), se nemus\u00ed t\u011b\u0161it nejv\u011bt\u0161\u00ed d\u016fv\u011bryhodnosti jako prorok. Nicm\u00e9n\u011b se zd\u00e1, \u017ee NATO boduje p\u0159edev\u0161\u00edm barevn\u00fdmi obr\u00e1zky a p\u00f3zov\u00e1n\u00edm ve stylu Call of Duty. To je d\u016fvod k obav\u00e1m \u2013 stejn\u011b jako celkov\u00fd v\u00fdvoj \u201eobrann\u00e9 aliance\u201c.<\/span><\/p>\n<p><em><span dir=\"auto\">Koment\u00e1\u0159 od <a href=\"https:\/\/report24.news\/irres-propaganda-video-nato-bewirbt-high-tech-krieg-wie-ein-videospiel\/\">Vanessy Rennerov\u00e9<\/a><\/span><\/em><\/p>\n<p>&nbsp;<\/p>\n","protected":false},"excerpt":{"rendered":"<p>V\u00e1lka jako v Call of Duty: Takhle NATO \u201epropaguje\u201c bl\u00ed\u017e\u00edc\u00ed se high-tech v\u00e1lku, na kterou&#8230;<\/p>\n","protected":false},"author":2,"featured_media":101806,"comment_status":"closed","ping_status":"closed","sticky":false,"template":"","format":"standard","meta":[],"categories":[7],"tags":[1503,39,1051,40,889],"_links":{"self":[{"href":"https:\/\/www.infokuryr.cz\/n\/wp-json\/wp\/v2\/posts\/101805"}],"collection":[{"href":"https:\/\/www.infokuryr.cz\/n\/wp-json\/wp\/v2\/posts"}],"about":[{"href":"https:\/\/www.infokuryr.cz\/n\/wp-json\/wp\/v2\/types\/post"}],"author":[{"embeddable":true,"href":"https:\/\/www.infokuryr.cz\/n\/wp-json\/wp\/v2\/users\/2"}],"replies":[{"embeddable":true,"href":"https:\/\/www.infokuryr.cz\/n\/wp-json\/wp\/v2\/comments?post=101805"}],"version-history":[{"count":0,"href":"https:\/\/www.infokuryr.cz\/n\/wp-json\/wp\/v2\/posts\/101805\/revisions"}],"wp:featuredmedia":[{"embeddable":true,"href":"https:\/\/www.infokuryr.cz\/n\/wp-json\/wp\/v2\/media\/101806"}],"wp:attachment":[{"href":"https:\/\/www.infokuryr.cz\/n\/wp-json\/wp\/v2\/media?parent=101805"}],"wp:term":[{"taxonomy":"category","embeddable":true,"href":"https:\/\/www.infokuryr.cz\/n\/wp-json\/wp\/v2\/categories?post=101805"},{"taxonomy":"post_tag","embeddable":true,"href":"https:\/\/www.infokuryr.cz\/n\/wp-json\/wp\/v2\/tags?post=101805"}],"curies":[{"name":"wp","href":"https:\/\/api.w.org\/{rel}","templated":true}]}}