{"id":101802,"date":"2026-03-13T04:27:08","date_gmt":"2026-03-13T03:27:08","guid":{"rendered":"https:\/\/www.infokuryr.cz\/n\/?p=101802"},"modified":"2026-03-13T04:27:08","modified_gmt":"2026-03-13T03:27:08","slug":"zbynek-fiala-krkonossky-masakr","status":"publish","type":"post","link":"https:\/\/www.infokuryr.cz\/n\/2026\/03\/13\/zbynek-fiala-krkonossky-masakr\/","title":{"rendered":"Zbyn\u011bk Fiala: Krkono\u0161sk\u00fd masakr"},"content":{"rendered":"<div id=\"fb-root\"><\/div>\n<p><strong>Ve sn\u011bmovn\u011b lze hlasovat, ale p\u0159\u00edrodn\u00ed z\u00e1kony jsou dikt\u00e1t, se kter\u00fdm nic neud\u011bl\u00e1me.<\/strong><\/p>\n<p style=\"font-weight: 400;\">Za\u010d\u00edt mus\u00edm ze \u0161iroka, pokud hled\u00e1m vysv\u011btlen\u00ed zb\u011bsilost\u00ed, kter\u00e9 se kolem n\u00e1s odehr\u00e1vaj\u00ed a vytv\u00e1\u0159ej\u00ed tak prapodivnou sm\u011bsku s\u00a0v\u00edtanou obnovou politik, kter\u00e9 maj\u00ed poslou\u017eit lidem. Co bylo na za\u010d\u00e1tku? \u010ceskou republiku potkala katastrofa v\u00a0podob\u011b n\u00e1zorov\u00e9ho monopolu medi\u00e1ln\u00ed sc\u00e9ny, kter\u00fd slou\u017e\u00ed listopadov\u00e9mu kartelu a neoliber\u00e1l\u016fm. Zavedlo se blokov\u00e9 my\u0161len\u00ed, co\u017e zn\u00ed l\u00e9pe ne\u017e to, \u017ee my\u0161len\u00ed se zru\u0161ilo a nahradilo p\u016fj\u010dovnou jedin\u00e9 pravdy. Kdo ji m\u00e1 a m\u016f\u017ee se j\u00ed na vy\u017e\u00e1d\u00e1n\u00ed prok\u00e1zat, m\u00e1 n\u00e1rok. Ostatn\u00ed maj\u00ed sm\u016flu.<\/p>\n<p style=\"font-weight: 400;\">Listopadov\u00fd kartel se dok\u00e1zal uchopit moci v\u00a0nep\u0159ehledn\u00e9 situaci po listopadu 1989 a zocelil se v\u00a0devades\u00e1tk\u00e1ch. Te\u010f jsou to \u201emy kamar\u00e1di, co spolu mluv\u00edme\u201c, n\u011bkdy ozna\u010dovan\u00ed jako \u201ekav\u00e1rna\u201c, jako kdyby \u0161lo jen o ne\u0161kodn\u00e9 hospodsk\u00e9 plky.<\/p>\n<p style=\"font-weight: 400;\">A je\u0161t\u011b vysv\u011btlen\u00ed neoliberalismu pro ty, kdo nikdy nestudovali ekonomii \u2013 podle neoliberalismu je spr\u00e1vn\u00e9 jen to, co zvy\u0161uje bohatstv\u00ed nejbohat\u0161\u00edm. A kdy\u017e jsou nejbohat\u0161\u00ed opravdu dost bohat\u00ed, mohou si to, co se medi\u00e1ln\u00ed sc\u00e9nou \u0161\u00ed\u0159\u00ed jako spr\u00e1vn\u00e9, koupit. Ale kdo by se v\u00a0tom p\u0159ehraboval, prost\u011b si koup\u00ed medi\u00e1ln\u00ed sc\u00e9nu celou. Pro\u010dt\u011bte si seznamy vlastn\u00edk\u016f nejd\u016fle\u017eit\u011bj\u0161\u00edch titul\u016f a pochop\u00edte, \u017ee to nebylo tak t\u011b\u017ek\u00e9. Spor o ve\u0159ejnopr\u00e1vn\u00ed m\u00e9dia nav\u00edc ukazuje, \u017ee vliv je vliv, a\u0165 u\u017e je forma kontroly jak\u00e1koliv. To byl taky hlavn\u00ed d\u016fvod \u010desk\u00e9ho volebn\u00edho v\u00fdsledku, ze kter\u00e9ho vze\u0161la Babi\u0161ova vl\u00e1da.<\/p>\n<p style=\"font-weight: 400;\">Historicky nep\u0159ehl\u00e9dnuteln\u00e1 Fialova koalice vl\u00e1dla v\u00a0podm\u00ednk\u00e1ch v\u00e1lky (\u201eJsme ve v\u00e1lce.\u201c), co\u017e ji p\u0159inutilo zp\u0159etrhat v\u0161echny u\u017eite\u010dn\u00e9 ekonomick\u00e9 vazby, aby sn\u00ed\u017eila svou z\u00e1vislost na agres\u00edvn\u00edm Rusku a dala p\u0159ednost je\u0161t\u011b v\u011bt\u0161\u00ed z\u00e1vislosti na je\u0161t\u011b agres\u00edvn\u011bj\u0161\u00edch USA. Ve skute\u010dnosti m\u011bla jedin\u00e9ho skute\u010dn\u00e9ho protivn\u00edka, Babi\u0161e, kter\u00fd si mohl dovolit m\u00edrn\u00fd nesouhlas a p\u0159\u00edpadn\u011b Fialu ze Strakovky vystrnadit. Tak\u017ee vl\u00e1da p\u011btikoalice vyu\u017eila sv\u00e9ho funk\u010dn\u00edho obdob\u00ed pln\u011b k tomu, aby do Babi\u0161e mydlila v\u0161emi prost\u0159edky a zbavila ho \u0161anc\u00ed n\u011bjak j\u00ed to oplatit.<\/p>\n<p style=\"font-weight: 400;\">V\u00a0tomhle \u0161el jemnocit stranou. Jan Hus se dal up\u00e1lit kv\u016fli ide\u00e1l\u016fm, ale v\u00a0politice, kter\u00e1 se posuzuje podle v\u00fdsledk\u016f, je okam\u017eit\u00e1 v\u00fdhra cen\u011bna v\u00fd\u0161e ne\u017e pr\u00e1vo na v\u011b\u010dnost. Babi\u0161 k\u00a0tomu p\u0159istoupil podle pravidla \u201ejak vy k\u00a0my, tak my k\u00a0vy\u201c. Na absolutn\u00ed v\u011bt\u0161inu by v\u00a0takov\u00e9 medi\u00e1ln\u00ed palb\u011b nikdy nedos\u00e1hl, ale kdy\u017e proti politice \u201eAntibabi\u0161\u201c postavil v\u0161echny, kdo Babi\u0161e m\u016f\u017eou, volby vyhr\u00e1l. Nebyla to volba n\u011b\u010deho, ale proti n\u011b\u010demu. A te\u010f abychom se z\u00a0tohoto nen\u00e1vistnictv\u00ed p\u00e1r let vzpamatov\u00e1vali.<\/p>\n<p style=\"font-weight: 400;\">Nen\u00ed divu, \u017ee vl\u00e1da vznikla jako divok\u00e1 sm\u011bska, kdy\u017e nic jin\u00e9ho k\u00a0dispozici nebylo. Na stran\u011b ANO vid\u00edme z\u00e1m\u011bry t\u011bch, kdo jsou pro pokra\u010dov\u00e1n\u00ed m\u00edrn\u00e9ho pokroku v\u00a0mez\u00edch z\u00e1kona z\u00a0p\u0159edchoz\u00edch vl\u00e1dn\u00edch funkc\u00ed. Babi\u0161 se v\u00a0nich prosadil jako pracant, by\u0165 ob\u010das chaot. Je ochoten p\u0159edlo\u017eit vizi (<em>O \u010dem sn\u00edm, kdy\u017e n\u00e1hodou sp\u00edm<\/em>), ale orientuje se na rozvoj osv\u011bd\u010den\u00e9ho, co\u017e v\u0161ak m\u016f\u017ee b\u00fdt i zastaral\u00e9.<\/p>\n<p style=\"font-weight: 400;\">P\u0159ekvapiv\u011b u\u017eite\u010dn\u00e1 se uk\u00e1zala nab\u00eddka vl\u00e1dn\u00ed spolupr\u00e1ce ze strany SPD, kter\u00e1 do vl\u00e1dy nominovala sp\u0159\u00edzn\u011bn\u00e9 experty a zd\u00e1 se, \u017ee se nerozhodla \u0161patn\u011b. Probl\u00e9m je s\u00a0Motoristy, kte\u0159\u00ed zaspali dobu, a tak p\u0159ipom\u00ednaj\u00ed state\u010dn\u00e9 Moravany v\u00a0bitv\u011b na B\u00edl\u00e9 Ho\u0159e, jak bojuj\u00ed zaklesnuti ve v\u00fdklenku z\u00e1me\u010dku Hv\u011bzda.<\/p>\n<p style=\"font-weight: 400;\">Moravan\u00e9 nem\u011bli kam ustoupit, a podle toho dopadli. Motorist\u00e9 by se z\u00a0toho mohli pou\u010dit. Zat\u00edm nastoupili ofenz\u00edvn\u011b. S\u00e1zka na spalovac\u00ed motory, s\u00e1zka na Trumpa, s\u00e1zka na odpor b\u011b\u017en\u00fdch ob\u010dan\u016f proti tomu, aby je n\u011bkdo motivoval ke zm\u011bn\u00e1m, kter\u00e9 jsou prosp\u011b\u0161n\u00e9 \u017eivotn\u00edmu prost\u0159ed\u00ed, ale rabuj\u00ed kapsu, to jsou ty kr\u00e1tkodob\u00e9 politick\u00e9 v\u00fdhry, kter\u00e9 se po\u010d\u00edtaj\u00ed. Ale jen te\u010f.<\/p>\n<p style=\"font-weight: 400;\">Kdyby m\u011bl Babi\u0161 jin\u00e9 partnery, t\u0159eba by ten konflikt mezi pot\u0159ebou klimatick\u00e9 zm\u011bny a odpov\u00eddaj\u00edc\u00edmi n\u00e1klady pro dom\u00e1cnosti vy\u0159e\u0161il n\u011bjak\u00fdmi velkorys\u00fdmi programy, financovan\u00fdmi ze zisk\u016f energetick\u00fdch spole\u010dnost\u00ed, bank a dal\u0161\u00edch, kdo na to maj\u00ed. V\u011bt\u0161ina se jinak nehne z\u00a0m\u00edsta i kdyby sebev\u00edc cht\u011bla.<\/p>\n<p style=\"font-weight: 400;\">Babi\u0161 jin\u00e9 partnery nem\u00e1. Mus\u00ed tak\u00e9 respektovat paradox politick\u00e9 praxe, \u017ee to, co pom\u00e1h\u00e1 lidem, n\u011bkdy politice \u0161kod\u00ed. S\u00e1zka Motorist\u016f na z\u00e1chranu spalovac\u00edch motor\u016f \u0159ad\u00ed\u00a0elektrick\u00e1 auta a obnoviteln\u00e9 zdroje energie mezi nebezpe\u010dnou konkurenci.<\/p>\n<p style=\"font-weight: 400;\">Jen\u017ee ta se prosad\u00ed i bez souhlasu. Nejen BYD, te\u010f u\u017e i Renault chyst\u00e1 elektrick\u00e9 auto s\u00a0dojezdem k\u00a0tis\u00edci kilometr\u016f a rychlonab\u00edjen\u00edm kolem 10 minut. Zaujme to o to v\u00edc, a\u017e na \u010desk\u00e9 \u010derpac\u00ed stanice dolehne hladovka po v\u00e1lce kolem hlavn\u00ed ropn\u00e9 tepny sv\u011bta.<\/p>\n<p style=\"font-weight: 400;\">D\u00edky v\u00e1lce, sn\u00ed\u017een\u00ed z\u00e1vislosti na fosiln\u00edch zdroj\u00edch u\u017e nen\u00ed v\u011bc\u00ed jen idealist\u016f, v\u011bdc\u016f a spla\u0161en\u00fdch slun\u00ed\u010dk\u00e1\u0159\u016f h\u00e1j\u00edc\u00edch klima. Te\u010f je to ot\u00e1zka p\u0159e\u017eit\u00ed. D\u011bjiny najednou zrychlily a karty se rozd\u00e1vaj\u00ed znovu. Politici si mus\u00ed uv\u011bdomit, \u017ee ve sn\u011bmovn\u011b lze hlasovat, ale velmocem je to jedno a dal\u0161\u00ed dikt\u00e1t p\u0159edstavuj\u00ed p\u0159\u00edrodn\u00ed z\u00e1kony, se kter\u00fdmi taky nic neud\u011bl\u00e1me.<\/p>\n<p style=\"font-weight: 400;\">Motoristick\u00fd ministr zahrani\u010dn\u00edch v\u011bc\u00ed Macinka je celkem kvalifikovan\u00fd a v\u00ed hodn\u011b o sv\u00e9m \u0159emesle, jen nem\u00e1 zku\u0161enosti. Za\u010dal state\u010dn\u011b, ale to slep\u00fd kr\u00e1l Jan v\u00a0bitv\u011b u Kres\u010daku taky. Dnes to nen\u00ed o moc leh\u010d\u00ed. Trump sliboval ukon\u010den\u00ed v\u00e1lek, do kter\u00fdch n\u00e1s zatahoval hlubok\u00fd st\u00e1t kolem bezmocn\u00e9ho d\u011bde\u010dka Bidena. Potvrdilo se, \u017ee Trump je prav\u00fd opak, jen v\u00a0trochu jin\u00e9m smyslu. Je natolik mocn\u00fd, \u017ee kolem sebe soust\u0159edil jen lidi, kte\u0159\u00ed s\u00a0n\u00edm bezv\u00fdhradn\u011b souhlas\u00ed. Proto se nikdy nedozv\u00ed, co se doopravdy d\u011bje. Usly\u0161\u00ed v\u017edycky jen to, \u017ee rozhodl spr\u00e1vn\u011b. I kdy\u017e pojede hlavou do zdi.<\/p>\n<p style=\"font-weight: 400;\">V\u00a0dal\u0161\u00edm motoristick\u00e9m resortu \u017eivotn\u00edho prost\u0159ed\u00ed je to divo\u010dej\u0161\u00ed. Nev\u00edme, kdo tomu vel\u00ed. Je to ministr \u010cerven\u00fd, vl\u00e1dn\u00ed zmocn\u011bnec Turek, nebo z\u010d\u00e1sti je\u0161t\u011b p\u0159edchoz\u00ed ministr a p\u0159edseda strany Macinka? Tam se r\u00fdsuje katastrofa.<\/p>\n<p style=\"font-weight: 400;\">P\u0159enech\u00e1m slovo tiskov\u00e9 zpr\u00e1v\u011b Hnut\u00ed DUHA, kter\u00e9 je zoufal\u00e9 z\u00a0perspektiv na\u0161ich n\u00e1rodn\u00edch park\u016f. I ten Krkono\u0161sk\u00fd (\u0159editel u\u017e padl) by mohl n\u00e1sledovat osud \u0160umavsk\u00e9ho n\u00e1rodn\u00edho parku, kde u\u017e se \u0159editelsk\u00e1 \u017eidle t\u0159ese a\u00a0 hroz\u00ed n\u00e1vrat do \u010das\u016f, kdy byl v\u00a0pa\u0159\u00e1tech ODS. Ale ta byla pora\u017een\u00e1 ve volb\u00e1ch! \u010cert aby se v\u00a0tom vyznal\u2026<\/p>\n<p style=\"font-weight: 400;\"><strong>Otev\u0159en\u00fd dopis Hnut\u00ed DUHA Andreji Babi\u0161ovi:<\/strong><\/p>\n<p style=\"font-weight: 400;\"><a href=\"https:\/\/tracking.hnutiduha.cz\/f\/a\/_cyEHrK3KtCOkVdBztvVpA~~\/AAA-fBA~\/fAXFeAXE5RsRCVgMbLrMPoNpfmRGCDQscVHQxxSASYOX5YRUz6X5UzPeoaSMw-_v5VwzJxsUBv2tYk9OAYHXts8XURjsHLo5pziMnQsDoWUW44tjr7bFPST455mbwg1AY-F4RgJFWrJXodqoNmMkEHCp9vPD5vqGuAP13HF1r60VunhVlzIAoICWp__rGtz_NCMZuE4Fr-69un1a4dqT8HkwI6MQQjG3V_B336nl86E~\">Hnut\u00ed DUHA odeslalo premi\u00e9ru Andreji Babi\u0161ovi otev\u0159en\u00fd dopis<\/a>\u00a0s v\u00fdzvou, aby osobn\u011b zabr\u00e1nil pokra\u010duj\u00edc\u00ed c\u00edlen\u00e9 destrukci resortu \u017eivotn\u00edho prost\u0159ed\u00ed a n\u00e1rodn\u00edch park\u016f prost\u0159ednictv\u00edm strany Motorist\u00e9 sob\u011b. Andrej Babi\u0161 je p\u0159\u00edmo odpov\u011bdn\u00fd za kroky vl\u00e1dy, kter\u00e1 se nyn\u00ed vydala sm\u011brem k rozbit\u00ed n\u00e1rodn\u00edch park\u016f a jejich koncepce, kterou p\u0159itom hnut\u00ed ANO se sv\u00fdm ministrem Richardem Brabcem v roce 2017 vytvo\u0159ilo. O odvol\u00e1n\u00ed \u0159editele NP \u0160umava Pavla Huben\u00e9ho a obsazen\u00ed postu usiluje Ji\u0159\u00ed M\u00e1nek, b\u00fdval\u00fd n\u00e1m\u011bstek a \u0159editel N\u00e1rodn\u00edho parku \u0160umava (1), kter\u00fd prosazoval k\u00e1cen\u00ed v divo\u010din\u011b a n\u00e1rodn\u00ed park ji\u017e jednou rozlo\u017eil. Hnut\u00ed DUHA premi\u00e9ra p\u0159ed takov\u00fdm dal\u0161\u00edm krokem Motorist\u016f varovalo.<\/p>\n<p style=\"font-weight: 400;\">Ji\u0159\u00ed M\u00e1nek byl odpov\u011bdn\u00fdm n\u00e1m\u011bstkem \u0159editele n\u00e1rodn\u00edho parku Jana Str\u00e1sk\u00e9ho, kter\u00fd rozhodl o k\u00e1cen\u00ed v cenn\u00fdch \u010d\u00e1stech parku, a pozd\u011bji jej v t\u00e9to funkci nahradil. Ji\u0159\u00ed M\u00e1nek sekundoval \u0159editeli Str\u00e1sk\u00e9mu p\u0159i organizaci neleg\u00e1ln\u00edho k\u00e1cen\u00ed v oblastech d\u0159\u00edve ponechan\u00fdch p\u0159\u00edrod\u011b, kter\u00e9 vyvolalo ob\u010danskou nen\u00e1silnou blok\u00e1du, do n\u00ed\u017e se zapojilo v\u00edce ne\u017e 400 lid\u00ed.<\/p>\n<p style=\"font-weight: 400;\">Soudy i \u010cesk\u00e1 inspekce \u017eivotn\u00edho prost\u0159ed\u00ed n\u00e1sledn\u011b potvrdily, \u017ee k\u00e1cen\u00ed bylo nez\u00e1konn\u00e9, a ud\u011blily Spr\u00e1v\u011b NP \u0160umava pokutu.\u00a0<strong>(2)<\/strong>\u00a0Za jeho p\u016fsoben\u00ed byla n\u00e1rodn\u00edmu parku ud\u011blena i pokuta za neleg\u00e1ln\u00ed pou\u017eit\u00ed toxick\u00fdch post\u0159ik\u016f\u00a0<strong>(3)<\/strong>\u00a0a do\u0161lo k v\u00fdrazn\u00e9mu po\u0161kozen\u00ed lesn\u00ed p\u016fdy p\u0159i plo\u0161n\u00e9 t\u011b\u017eb\u011b nap\u0159\u00edklad na Modravsk\u00e9 ho\u0159e. Z ve\u0159ejn\u00fdch prost\u0159edk\u016f p\u0159itom p\u0159esouval miliony korun ve prosp\u011bch soukrom\u00fdch PR kancel\u00e1\u0159\u00ed, kter\u00e9 m\u011bly za \u00fakol toto po\u0161kozov\u00e1n\u00ed n\u00e1rodn\u00edho parku obh\u00e1jit.\u00a0<strong>(4)<\/strong><\/p>\n<p style=\"font-weight: 400;\">Je\u0161t\u011b z\u00e1sadn\u011bj\u0161\u00ed ale je, \u017ee Ji\u0159\u00ed M\u00e1nek v\u00fdrazn\u011b p\u0159isp\u011bl k n\u00e1vrhu z\u00e1kona o N\u00e1rodn\u00edm parku \u0160umava, kter\u00fd by omezil \u00fazem\u00ed pro divokou p\u0159\u00edrodu, roz\u0161\u00ed\u0159il plochy kolem obc\u00ed pro dal\u0161\u00ed v\u00fdstavbu a otev\u0159el developer\u016fm dve\u0159e k zastav\u011bn\u00ed \u0160umavy. Mamut\u00ed rekrea\u010dn\u00ed st\u0159ediska a sjezdovky podle n\u011bj toti\u017e m\u011bly m\u00edt v n\u00e1rodn\u00edm parku stejnou d\u016fle\u017eitost jako ochrana p\u0159\u00edrody.\u00a0<strong>(5)<\/strong>\u00a0Ji\u0159\u00ed M\u00e1nek rovn\u011b\u017e navrhl vy\u0159azen\u00ed N\u00e1rodn\u00edho parku \u0160umava z kategorie mezin\u00e1rodn\u011b uzn\u00e1van\u00fdch n\u00e1rodn\u00edch park\u016f dle Mezin\u00e1rodn\u00ed unie ochrany p\u0159\u00edrody.\u00a0<strong>(6)<\/strong>\u00a0N\u00e1sledn\u00fd audit v n\u00e1rodn\u00edm parku odhalil pl\u00fdtv\u00e1n\u00ed ve\u0159ejn\u00fdmi prost\u0159edky v \u0159\u00e1du milion\u016f korun,\u00a0<strong>(7)<\/strong>\u00a0v\u010detn\u011b toho, \u017ee ze st\u00e1tn\u00edch prost\u0159edk\u016f hradil sv\u016fj titul MBA, kter\u00fd m\u011bl dle informac\u00ed M\u017dP hradit soukrom\u011b.\u00a0<strong>(8)\u00a0<\/strong><\/p>\n<p style=\"font-weight: 400;\">Ji\u0159\u00ed M\u00e1nek je b\u00fdval\u00fd \u010dlen region\u00e1ln\u00ed rady ODS napojen\u00fd na V\u00e1clava Klause, jiho\u010desk\u00e9ho kmotra Pavla Dlouh\u00e9ho i Zde\u0148ka Zbytka. V roce 2018 vystoupil na protest proti vylou\u010den\u00ed V\u00e1clava Klause mlad\u0161\u00edho z ODS a n\u00e1sledn\u011b spolupracoval s hnut\u00edm Trikolora.\u00a0<strong>(9)<\/strong><\/p>\n<p style=\"font-weight: 400;\">Hnut\u00ed DUHA spustilo v\u00fdzvu Zachra\u0148me \u010deskou p\u0159\u00edrodu\u00a0<strong>(10)<\/strong>, kter\u00e1 reaguje na znepokojiv\u00e9 kroky Motorist\u016f v \u010dele Ministerstvo \u017eivotn\u00edho prost\u0159ed\u00ed, kter\u00e9 ohro\u017euj\u00ed \u010deskou p\u0159\u00edrodu i instituce, je\u017e maj\u00ed jej\u00ed ochranu zaji\u0161\u0165ovat. Lid\u00e9 se k t\u00e9to v\u00fdzv\u011b mohou nad\u00e1le p\u0159ipojovat a apelovat na premi\u00e9ra Andreje Babi\u0161em a ministra Igora \u010cerven\u00e9ho, aby destrukci ochrany na\u0161\u00ed p\u0159\u00edrody zastavili.<\/p>\n<p style=\"font-weight: 400;\"><strong>Jarom\u00edr Bl\u00e1ha, expert na ochranu les\u016f Hnut\u00ed DUHA:<\/strong><br \/>\n<em>\u201ePotvrzuje se, \u017ee Motorist\u00e9 uvol\u0148uj\u00ed p\u0159ek\u00e1\u017eky v byznysu sv\u00fdm bl\u00edzk\u00fdm a jdou p\u0159i tom p\u0159es mrtvoly. Tou p\u0159ek\u00e1\u017ekou je pro n\u011b na\u0161e p\u0159\u00edroda, kterou br\u00e1n\u00ed \u0159editel\u00e9 n\u00e1rodn\u00edch park\u016f a dal\u0161\u00edch instituc\u00ed ochrany p\u0159\u00edrody. Po odvol\u00e1n\u00ed \u0159editele Krkono\u0161sk\u00e9ho n\u00e1rodn\u00edho parku je na \u0159ad\u011b \u0159editel toho \u0161umavsk\u00e9ho, na jeho\u017e m\u00edsto se tla\u010d\u00ed Ji\u0159\u00ed M\u00e1nek, kter\u00fd u\u017e jednou n\u00e1rodn\u00ed park rozlo\u017eil. Obr\u00e1tili jsme se na premi\u00e9ra, aby tomu zabr\u00e1nil. Osobn\u011b se pamatuji jak se Ji\u0159\u00ed M\u00e1nek tehdy v pozici n\u00e1m\u011bstka a pozd\u011bji \u0159editele parku choval &#8211; prosazoval k\u00e1cen\u00ed v divok\u00e9 p\u0159\u00edrod\u011b, degradaci statusu n\u00e1rodn\u00edho parku, jeho otev\u0159en\u00ed developer\u016fm i r\u016fzn\u00e9 podivn\u00e9 k\u0161efty pro sp\u0159\u00edzn\u011bn\u00e9 podnikatele.\u201d<\/em><\/p>\n<p style=\"font-weight: 400;\">\u00a0<strong>Zuzana Lenhartov\u00e1, \u0159editelka Hnut\u00ed DUHA, \u0159\u00edk\u00e1:<\/strong><\/p>\n<p style=\"font-weight: 400;\"><em>\u201ePot\u00e9, co Motorist\u00e9 sob\u011b vzali pen\u00edze dv\u011bma nejv\u011bt\u0161\u00edm n\u00e1rodn\u00edm park\u016fm, jim cht\u011bj\u00ed vz\u00edt i kvalifikovan\u00e9 a funk\u010dn\u00ed veden\u00ed. Neobt\u011b\u017euj\u00ed se p\u0159itom v\u016f\u010di ve\u0159ejnosti ani s vysv\u011btlen\u00edm, pro\u010d \u0159editele odvol\u00e1vaj\u00ed &#8211; je toti\u017e jasn\u00e9, \u017ee z odborn\u00fdch d\u016fvod\u016f to nen\u00ed. Na\u0161e n\u00e1rodn\u00ed parky si zaslou\u017e\u00ed stabiln\u00ed a kompetentn\u00ed veden\u00ed, ne politick\u00e9 experimenty a klientelismus. Odvol\u00e1v\u00e1n\u00ed \u0159editel\u016f a snahy o n\u00e1vrat lid\u00ed, kte\u0159\u00ed u\u017e jednou prosazovali destruktivn\u00ed z\u00e1sahy v nejcenn\u011bj\u0161\u00edch \u00fazem\u00edch, mohou jejich ochranu v\u00e1\u017en\u011b ohrozit.\u201d<\/em><\/p>\n<p style=\"font-weight: 400;\"><strong>Pozn\u00e1mky:<\/strong><\/p>\n<p style=\"font-weight: 400;\"><em>1 \u201eMacink\u016fv seznam.\u201c V pl\u00e1nu je vyhazov pro lidi, kte\u0159\u00ed vad\u00ed sponzor\u016fm a spojenc\u016fm Motorist\u016f<\/em><\/p>\n<p style=\"font-weight: 400;\"><em>2 Dementi nepravdiv\u00e9 zpr\u00e1vy \u0159editele NP \u0160umava M\u00e1nka<\/em><\/p>\n<p style=\"font-weight: 400;\"><em>3 Jedovat\u00e1 chemie v NP \u0160umava byla povolena nez\u00e1konn\u011b<\/em><\/p>\n<p style=\"font-weight: 400;\"><em>4 Ze \u0161umavsk\u00e9 PR kucha\u0159ky<\/em><\/p>\n<p style=\"font-weight: 400;\"><em>5 Chalupa navrhuje vpustit na \u0160umavu developery<\/em><\/p>\n<p style=\"font-weight: 400;\"><em>6 Nov\u00fd \u0159editel chce sn\u00ed\u017eit stupe\u0148 ochrany n\u00e1rodn\u00edho parku<\/em><\/p>\n<p style=\"font-weight: 400;\"><em>7 Za M\u00e1nkova veden\u00ed se pl\u00fdtvalo<\/em><\/p>\n<p style=\"font-weight: 400;\"><em>8 B\u00fdval\u00fd \u0161\u00e9f, ekonom i mluv\u010d\u00ed n\u00e1rodn\u00edho parku studovali MBA za pen\u00edze \u0161umavsk\u00e9ho parku<\/em><\/p>\n<p style=\"font-weight: 400;\"><em>9 Dlouh\u00e9 prsty pry\u010d od \u0160umavy<\/em><\/p>\n<p style=\"font-weight: 400;\"><em>10 Kampa\u0148 Hnut\u00ed DUHA &#8211; Zachra\u0148me \u010deskou p\u0159\u00edrodu<\/em><\/p>\n<p><a href=\"https:\/\/vasevec.info\/vip-blogy\/krkonossky-masakr\">Zbyn\u011bk Fiala<\/a><\/p>\n<p><img decoding=\"async\" loading=\"lazy\" class=\"alignnone size-medium wp-image-18520\" src=\"http:\/\/www.infokuryr.cz\/n\/wp-content\/uploads\/2022\/11\/zbynek-fiala-300x208.jpg\" alt=\"\" width=\"300\" height=\"208\" srcset=\"https:\/\/www.infokuryr.cz\/n\/wp-content\/uploads\/2022\/11\/zbynek-fiala-300x208.jpg 300w, https:\/\/www.infokuryr.cz\/n\/wp-content\/uploads\/2022\/11\/zbynek-fiala.jpg 318w\" sizes=\"(max-width: 300px) 100vw, 300px\" \/><\/p>\n<p>&nbsp;<\/p>\n","protected":false},"excerpt":{"rendered":"<p>Ve sn\u011bmovn\u011b lze hlasovat, ale p\u0159\u00edrodn\u00ed z\u00e1kony jsou dikt\u00e1t, se kter\u00fdm nic neud\u011bl\u00e1me. Za\u010d\u00edt mus\u00edm&#8230;<\/p>\n","protected":false},"author":2,"featured_media":83634,"comment_status":"closed","ping_status":"closed","sticky":false,"template":"","format":"standard","meta":[],"categories":[6],"tags":[1042,10726,67,99],"_links":{"self":[{"href":"https:\/\/www.infokuryr.cz\/n\/wp-json\/wp\/v2\/posts\/101802"}],"collection":[{"href":"https:\/\/www.infokuryr.cz\/n\/wp-json\/wp\/v2\/posts"}],"about":[{"href":"https:\/\/www.infokuryr.cz\/n\/wp-json\/wp\/v2\/types\/post"}],"author":[{"embeddable":true,"href":"https:\/\/www.infokuryr.cz\/n\/wp-json\/wp\/v2\/users\/2"}],"replies":[{"embeddable":true,"href":"https:\/\/www.infokuryr.cz\/n\/wp-json\/wp\/v2\/comments?post=101802"}],"version-history":[{"count":0,"href":"https:\/\/www.infokuryr.cz\/n\/wp-json\/wp\/v2\/posts\/101802\/revisions"}],"wp:featuredmedia":[{"embeddable":true,"href":"https:\/\/www.infokuryr.cz\/n\/wp-json\/wp\/v2\/media\/83634"}],"wp:attachment":[{"href":"https:\/\/www.infokuryr.cz\/n\/wp-json\/wp\/v2\/media?parent=101802"}],"wp:term":[{"taxonomy":"category","embeddable":true,"href":"https:\/\/www.infokuryr.cz\/n\/wp-json\/wp\/v2\/categories?post=101802"},{"taxonomy":"post_tag","embeddable":true,"href":"https:\/\/www.infokuryr.cz\/n\/wp-json\/wp\/v2\/tags?post=101802"}],"curies":[{"name":"wp","href":"https:\/\/api.w.org\/{rel}","templated":true}]}}