{"id":101800,"date":"2026-03-13T04:21:33","date_gmt":"2026-03-13T03:21:33","guid":{"rendered":"https:\/\/www.infokuryr.cz\/n\/?p=101800"},"modified":"2026-03-13T04:21:33","modified_gmt":"2026-03-13T03:21:33","slug":"statistiky-temer-kazdy-druhy-mlady-muslim-v-nemecku-je-islamista-a-antisemita","status":"publish","type":"post","link":"https:\/\/www.infokuryr.cz\/n\/2026\/03\/13\/statistiky-temer-kazdy-druhy-mlady-muslim-v-nemecku-je-islamista-a-antisemita\/","title":{"rendered":"Statistiky: T\u00e9m\u011b\u0159 ka\u017ed\u00fd druh\u00fd mlad\u00fd muslim v N\u011bmecku je islamista a antisemita!"},"content":{"rendered":"<div id=\"fb-root\"><\/div>\n<p><strong><span dir=\"auto\">Je to definitivn\u00ed konec poh\u00e1dky o levicov\u00e9 integraci \u2013 a je to tam \u010dern\u00e9 na b\u00edl\u00e9m ve zpr\u00e1v\u011b, kterou si ironicky objednala samotn\u00e1 n\u011bmeck\u00e1 vl\u00e1da. \u010c\u00edsla jsou k\u0159i\u0161\u0165\u00e1lov\u011b jasn\u00e1: Radikalizace mezi mlad\u00fdmi muslimy v N\u011bmecku dosahuje dramatick\u00fdch a d\u011bsiv\u00fdch rozm\u011br\u016f.<\/span><\/strong><\/p>\n<p><span dir=\"auto\">V\u00fdzkumn\u00e9 konsorcium MOTRA (Monitorovac\u00ed syst\u00e9m a platforma pro transfer radikalizace), financovan\u00e9 t\u0159emi feder\u00e1ln\u00edmi ministerstvy, p\u0159edstavilo sv\u016fj nov\u00fd\u00a0<\/span><a href=\"https:\/\/www.motra.info\/en\/motra-monitor-2024-25\/\"><span dir=\"auto\">monitor pro obdob\u00ed 2024\/2025<\/span><\/a><span dir=\"auto\"> . Monitor o rozsahu 595 stran odhaluje pln\u00fd rozsah ne\u00fasp\u011b\u0161n\u00e9 politiky. Isl\u00e1msk\u00e1 komunita, zejm\u00e9na mlad\u0161\u00ed generace, odm\u00edt\u00e1 z\u00e1padn\u00ed hodnoty a st\u00e1le v\u00edce se obrac\u00ed k politick\u00e9mu isl\u00e1mu a otev\u0159en\u00e9mu antisemitismu.<\/span><\/p>\n<p><span dir=\"auto\">Abychom to uvedli do perspektivy: Zat\u00edmco pr\u016fm\u011brn\u00fd v\u011bk n\u011bmeck\u00e9 populace je 44 let, pr\u016fm\u011brn\u00fd v\u011bk muslim\u016f je pouh\u00fdch 32 let. Mluv\u00edme o 2,5 a\u017e 3,5 milionu lid\u00ed ve v\u011bku 18 a\u017e 40 let. A pr\u00e1v\u011b v t\u00e9to skupin\u011b se schyluje k n\u011b\u010demu, co by mohlo ot\u0159\u00e1st na\u0161\u00ed spole\u010dnost\u00ed od z\u00e1kladu: Neuv\u011b\u0159iteln\u00fdch 45,1 procenta muslim\u016f mlad\u0161\u00edch 40 let projevuje otev\u0159en\u00e9 (11,5 procenta) nebo skryt\u00e9 (33,6 procenta) islamistick\u00e9 a antisemitsk\u00e9 n\u00e1zory! T\u00e9m\u011b\u0159 ka\u017ed\u00fd druh\u00fd!<\/span><\/p>\n<figure class=\"wp-block-embed is-type-rich is-provider-twitter wp-block-embed-twitter\">\n<div class=\"wp-block-embed__wrapper\">\n<div class=\"twitter-tweet twitter-tweet-rendered\"><iframe id=\"twitter-widget-0\" class=\"\" title=\"X P\u0159\u00edsp\u011bvek\" src=\"https:\/\/platform.twitter.com\/embed\/Tweet.html?dnt=true&amp;embedId=twitter-widget-0&amp;features=eyJ0ZndfdGltZWxpbmVfbGlzdCI6eyJidWNrZXQiOltdLCJ2ZXJzaW9uIjpudWxsfSwidGZ3X2ZvbGxvd2VyX2NvdW50X3N1bnNldCI6eyJidWNrZXQiOnRydWUsInZlcnNpb24iOm51bGx9LCJ0ZndfdHdlZXRfZWRpdF9iYWNrZW5kIjp7ImJ1Y2tldCI6Im9uIiwidmVyc2lvbiI6bnVsbH0sInRmd19yZWZzcmNfc2Vzc2lvbiI6eyJidWNrZXQiOiJvbiIsInZlcnNpb24iOm51bGx9LCJ0ZndfZm9zbnJfc29mdF9pbnRlcnZlbnRpb25zX2VuYWJsZWQiOnsiYnVja2V0Ijoib24iLCJ2ZXJzaW9uIjpudWxsfSwidGZ3X21peGVkX21lZGlhXzE1ODk3Ijp7ImJ1Y2tldCI6InRyZWF0bWVudCIsInZlcnNpb24iOm51bGx9LCJ0ZndfZXhwZXJpbWVudHNfY29va2llX2V4cGlyYXRpb24iOnsiYnVja2V0IjoxMjA5NjAwLCJ2ZXJzaW9uIjpudWxsfSwidGZ3X3Nob3dfYmlyZHdhdGNoX3Bpdm90c19lbmFibGVkIjp7ImJ1Y2tldCI6Im9uIiwidmVyc2lvbiI6bnVsbH0sInRmd19kdXBsaWNhdGVfc2NyaWJlc190b19zZXR0aW5ncyI6eyJidWNrZXQiOiJvbiIsInZlcnNpb24iOm51bGx9LCJ0ZndfdXNlX3Byb2ZpbGVfaW1hZ2Vfc2hhcGVfZW5hYmxlZCI6eyJidWNrZXQiOiJvbiIsInZlcnNpb24iOm51bGx9LCJ0ZndfdmlkZW9faGxzX2R5bmFtaWNfbWFuaWZlc3RzXzE1MDgyIjp7ImJ1Y2tldCI6InRydWVfYml0cmF0ZSIsInZlcnNpb24iOm51bGx9LCJ0ZndfbGVnYWN5X3RpbWVsaW5lX3N1bnNldCI6eyJidWNrZXQiOnRydWUsInZlcnNpb24iOm51bGx9LCJ0ZndfdHdlZXRfZWRpdF9mcm9udGVuZCI6eyJidWNrZXQiOiJvbiIsInZlcnNpb24iOm51bGx9fQ%3D%3D&amp;frame=false&amp;hideCard=false&amp;hideThread=false&amp;id=2031714640913150204&amp;lang=cs&amp;origin=https%3A%2F%2Freport24.news%2Fstatistik-fast-jeder-zweite-junge-moslem-in-deutschland-ist-islamist-und-judenhasser%2F&amp;sessionId=1d96b522f0fd4c97607b6e89eb50c3d7bc65a97d&amp;theme=light&amp;widgetsVersion=2615f7e52b7e0%3A1702314776716&amp;width=550px\" frameborder=\"0\" scrolling=\"no\" allowfullscreen=\"allowfullscreen\" data-tweet-id=\"2031714640913150204\" data-mce-fragment=\"1\"><\/iframe><\/div>\n<\/div>\n<\/figure>\n<p><span dir=\"auto\">Cel\u00fdch 23,8 procenta mlad\u00fdch muslim\u016f pova\u017euje isl\u00e1mskou teokracii za nejlep\u0161\u00ed formu vl\u00e1dy. Ka\u017ed\u00fd, kdo se zam\u00fd\u0161lel nad agresivn\u00edmi v\u00fdzvami k chal\u00edf\u00e1tu v na\u0161ich ulic\u00edch, zde najde \u0161okuj\u00edc\u00ed vysv\u011btlen\u00ed. 25,1 procenta otev\u0159en\u011b stav\u00ed pravidla Kor\u00e1nu nad z\u00e1kony v N\u011bmecku. 27,7 procenta pop\u00edr\u00e1, \u017ee k\u0159es\u0165anstv\u00ed m\u016f\u017ee zaru\u010dit mor\u00e1lku. A ohromuj\u00edc\u00edch 44,8 procenta opovrhuje na\u0161\u00edm z\u00e1padn\u00edm zp\u016fsobem \u017eivota a pova\u017euje na\u0161i sexu\u00e1ln\u00ed mor\u00e1lku za \u201ezcela zka\u017eenou\u201c.<\/span><\/p>\n<p><span dir=\"auto\">Obzvl\u00e1\u0161t\u011b alarmuj\u00edc\u00ed je exploduj\u00edc\u00ed antisemitismus. Od brut\u00e1ln\u00edho teroristick\u00e9ho \u00fatoku Ham\u00e1su ze 7. \u0159\u00edjna 2023 ve\u0161ker\u00e9 z\u00e1brany zmizely. Zat\u00edmco star\u0161\u00ed generace, tedy osoby star\u0161\u00ed 60 let, st\u00e1le zast\u00e1v\u00e1 nejm\u00e9n\u011b radik\u00e1ln\u00edch n\u00e1zor\u016f, mlad\u00ed muslimov\u00e9 do 40 let vykazuj\u00ed nejvy\u0161\u0161\u00ed m\u00edru. 29,1 procenta mlad\u00fdch muslim\u016f m\u00e1 zjevn\u011b antisemitsk\u00fd sv\u011bton\u00e1zor. Pr\u00e1v\u011b zde zpr\u00e1va zaznamen\u00e1v\u00e1 nejv\u00fdznamn\u011bj\u0161\u00ed n\u00e1r\u016fst. V\u00fdroky jako \u201e\u017did\u00e9 maj\u00ed v N\u011bmecku p\u0159\u00edli\u0161 velk\u00fd vliv\u201c nebo \u201e\u017did\u016fm nelze v\u011b\u0159it\u201c nach\u00e1zej\u00ed \u0161okuj\u00edc\u00edm zp\u016fsobem \u0161irokou podporu.<\/span><\/p>\n<p><span dir=\"auto\">M\u00e1me obrovsk\u00fd, \u017eivot ohro\u017euj\u00edc\u00ed probl\u00e9m s importovan\u00fdm antisemitismem a islamismem. Agresivn\u00ed, n\u011bkdy n\u00e1siln\u00e9, pro-Hamasovy davy v na\u0161ich ulic\u00edch nejsou ojedin\u011bl\u00fdmi incidenty \u2013 jsou jen \u0161pi\u010dkou obrovsk\u00e9ho, radikalizovan\u00e9ho ledovce. M\u00edsto toho, aby se z toho vyvodily nezbytn\u00e9 z\u00e1v\u011bry, muslimov\u00e9 (nap\u0159. z Afgh\u00e1nist\u00e1nu) jsou nad\u00e1le dov\u00e1\u017eeni a hranice z\u016fst\u00e1vaj\u00ed propustn\u00e9 jako \u0161v\u00fdcarsk\u00fd s\u00fdr.<\/span><\/p>\n<p><img decoding=\"async\" loading=\"lazy\" class=\"alignnone size-full wp-image-1185\" src=\"http:\/\/www.infokuryr.cz\/n\/wp-content\/uploads\/2021\/04\/kuryr-podpis.png\" alt=\"\" width=\"84\" height=\"24\" \/><\/p>\n<p>&nbsp;<\/p>\n","protected":false},"excerpt":{"rendered":"<p>Je to definitivn\u00ed konec poh\u00e1dky o levicov\u00e9 integraci \u2013 a je to tam \u010dern\u00e9 na&#8230;<\/p>\n","protected":false},"author":2,"featured_media":101801,"comment_status":"closed","ping_status":"closed","sticky":false,"template":"","format":"standard","meta":[],"categories":[7],"tags":[44,84,620],"_links":{"self":[{"href":"https:\/\/www.infokuryr.cz\/n\/wp-json\/wp\/v2\/posts\/101800"}],"collection":[{"href":"https:\/\/www.infokuryr.cz\/n\/wp-json\/wp\/v2\/posts"}],"about":[{"href":"https:\/\/www.infokuryr.cz\/n\/wp-json\/wp\/v2\/types\/post"}],"author":[{"embeddable":true,"href":"https:\/\/www.infokuryr.cz\/n\/wp-json\/wp\/v2\/users\/2"}],"replies":[{"embeddable":true,"href":"https:\/\/www.infokuryr.cz\/n\/wp-json\/wp\/v2\/comments?post=101800"}],"version-history":[{"count":0,"href":"https:\/\/www.infokuryr.cz\/n\/wp-json\/wp\/v2\/posts\/101800\/revisions"}],"wp:featuredmedia":[{"embeddable":true,"href":"https:\/\/www.infokuryr.cz\/n\/wp-json\/wp\/v2\/media\/101801"}],"wp:attachment":[{"href":"https:\/\/www.infokuryr.cz\/n\/wp-json\/wp\/v2\/media?parent=101800"}],"wp:term":[{"taxonomy":"category","embeddable":true,"href":"https:\/\/www.infokuryr.cz\/n\/wp-json\/wp\/v2\/categories?post=101800"},{"taxonomy":"post_tag","embeddable":true,"href":"https:\/\/www.infokuryr.cz\/n\/wp-json\/wp\/v2\/tags?post=101800"}],"curies":[{"name":"wp","href":"https:\/\/api.w.org\/{rel}","templated":true}]}}