{"id":101798,"date":"2026-03-13T00:33:28","date_gmt":"2026-03-12T23:33:28","guid":{"rendered":"https:\/\/www.infokuryr.cz\/n\/?p=101798"},"modified":"2026-03-12T17:26:56","modified_gmt":"2026-03-12T16:26:56","slug":"99-medii-je-postaveno-na-strachu-a-emocich-soutezi-pouze-o-pozornost-alena-marsalkova","status":"publish","type":"post","link":"https:\/\/www.infokuryr.cz\/n\/2026\/03\/13\/99-medii-je-postaveno-na-strachu-a-emocich-soutezi-pouze-o-pozornost-alena-marsalkova\/","title":{"rendered":"99 % m\u00e9di\u00ed je postaveno na strachu a emoc\u00edch. Sout\u011b\u017e\u00ed pouze o pozornost. | Alena Mar\u0161\u00e1lkov\u00e1"},"content":{"rendered":"<div id=\"fb-root\"><\/div>\n<h4>\u201e99 % m\u00e9di\u00ed je postaveno na strachu a emoc\u00edch. Sout\u011b\u017e\u00ed pouze o pozornost.&#8220;<\/h4>\n<p>\ud83d\udc49 Jak dramaticky se zm\u011bnil medi\u00e1ln\u00ed sv\u011bt za posledn\u00edch 30 let? Bylo to k lep\u0161\u00edmu nebo pozorujeme \u00fapadek \u0159emesla?<br \/>\n\ud83d\udc49 Jak si ve\u0159ejnopr\u00e1vn\u00ed m\u00e9dia zprivatizovala \u00fazk\u00e1 skupina lid\u00ed a my jim na to povinn\u011b p\u0159isp\u00edv\u00e1me?<br \/>\n\ud83d\udc49 Kam miz\u00ed miliardy z na\u0161ich poplatk\u016f a pro\u010d jde na v\u00fdrobu jen zlomek rozpo\u010dtu?<br \/>\n\ud83d\udc49 Pot\u0159ebuje st\u00e1t ve 21. stolet\u00ed jeden medi\u00e1ln\u00ed monopol, nebo by ve\u0159ejnou slu\u017ebu mohly poskytnout i jin\u00e9 televize?<br \/>\n\ud83d\udc49 Pro\u010d se z report\u00e9r\u016f stali soudci a z publicistiky n\u00e1stroj dehonestace?<br \/>\n\ud83d\udc49 Jak t\u011b\u017ek\u00e9 je pro nez\u00e1vislou osobnost proniknout do vysok\u00e9 politiky?<\/p>\n<p>O tom i o dal\u0161\u00edch t\u00e9matech jsme se bavili s medi\u00e1ln\u00ed analyti\u010dkou Alenou Mar\u0161\u00e1lkovou \ud83d\udde3\ufe0f v podcastu \u010cau Praho, kde v\u00e1m pr\u016fb\u011b\u017en\u011b p\u0159edstavuji zaj\u00edmav\u00e9 osobnosti. Budu moc r\u00e1d, kdy\u017e si dne\u0161n\u00ed d\u00edl pust\u00edte a nap\u00ed\u0161ete n\u00e1m v\u00e1\u0161 n\u00e1zor nebo post\u0159eh do koment\u00e1\u0159\u016f. Pros\u00edm tak\u00e9 o sd\u00edlen\u00ed. P\u0159edem moc d\u011bkuji!<\/p>\n<p><strong>Alena Mar\u0161\u00e1lkov\u00e1<\/strong>\u00a0p\u016fsobila jako dramaturgyn\u011b a novin\u00e1\u0159ka v hlavn\u00edch \u010desk\u00fdch redakc\u00edch. Dnes otev\u0159en\u011b kritizuje ne\u0161vary v medi\u00e1ln\u00edm syst\u00e9mu a usiluje o jeho reformu a v\u011bt\u0161\u00ed transparentnost.<\/p>\n<p><iframe loading=\"lazy\" title=\"99 % m\u00e9di\u00ed je postaveno na strachu a emoc\u00edch. Sout\u011b\u017e\u00ed pouze o pozornost. | Alena Mar\u0161\u00e1lkov\u00e1\" width=\"640\" height=\"360\" src=\"https:\/\/www.youtube.com\/embed\/2o8FgA4v1ls?feature=oembed\" frameborder=\"0\" allow=\"accelerometer; autoplay; clipboard-write; encrypted-media; gyroscope; picture-in-picture; web-share\" referrerpolicy=\"strict-origin-when-cross-origin\" allowfullscreen><\/iframe><\/p>\n<h4>Ing. Ond\u0159ej Prokop<\/h4>\n<p>&nbsp;<\/p>\n","protected":false},"excerpt":{"rendered":"<p>\u201e99 % m\u00e9di\u00ed je postaveno na strachu a emoc\u00edch. Sout\u011b\u017e\u00ed pouze o pozornost.&#8220; \ud83d\udc49 Jak&#8230;<\/p>\n","protected":false},"author":2,"featured_media":101799,"comment_status":"closed","ping_status":"closed","sticky":false,"template":"","format":"standard","meta":[],"categories":[6],"tags":[158,1052,925,889],"_links":{"self":[{"href":"https:\/\/www.infokuryr.cz\/n\/wp-json\/wp\/v2\/posts\/101798"}],"collection":[{"href":"https:\/\/www.infokuryr.cz\/n\/wp-json\/wp\/v2\/posts"}],"about":[{"href":"https:\/\/www.infokuryr.cz\/n\/wp-json\/wp\/v2\/types\/post"}],"author":[{"embeddable":true,"href":"https:\/\/www.infokuryr.cz\/n\/wp-json\/wp\/v2\/users\/2"}],"replies":[{"embeddable":true,"href":"https:\/\/www.infokuryr.cz\/n\/wp-json\/wp\/v2\/comments?post=101798"}],"version-history":[{"count":0,"href":"https:\/\/www.infokuryr.cz\/n\/wp-json\/wp\/v2\/posts\/101798\/revisions"}],"wp:featuredmedia":[{"embeddable":true,"href":"https:\/\/www.infokuryr.cz\/n\/wp-json\/wp\/v2\/media\/101799"}],"wp:attachment":[{"href":"https:\/\/www.infokuryr.cz\/n\/wp-json\/wp\/v2\/media?parent=101798"}],"wp:term":[{"taxonomy":"category","embeddable":true,"href":"https:\/\/www.infokuryr.cz\/n\/wp-json\/wp\/v2\/categories?post=101798"},{"taxonomy":"post_tag","embeddable":true,"href":"https:\/\/www.infokuryr.cz\/n\/wp-json\/wp\/v2\/tags?post=101798"}],"curies":[{"name":"wp","href":"https:\/\/api.w.org\/{rel}","templated":true}]}}