{"id":101787,"date":"2026-03-13T00:31:16","date_gmt":"2026-03-12T23:31:16","guid":{"rendered":"https:\/\/www.infokuryr.cz\/n\/?p=101787"},"modified":"2026-03-13T03:47:14","modified_gmt":"2026-03-13T02:47:14","slug":"toto-je-za-iran-zide-jsou-v-usa-biti-na-ulicich","status":"publish","type":"post","link":"https:\/\/www.infokuryr.cz\/n\/2026\/03\/13\/toto-je-za-iran-zide-jsou-v-usa-biti-na-ulicich\/","title":{"rendered":"Toto je za \u00cdr\u00e1n: \u017did\u00e9 jsou v USA bit\u00ed na ulic\u00edch"},"content":{"rendered":"<div id=\"fb-root\"><\/div>\n<p class=\"lead\"><strong><span dir=\"auto\">K prvn\u00edmu \u00fatoku na \u017didy v d\u016fsledku izraelsk\u00e9 agrese proti \u00cdr\u00e1nu do\u0161lo v San Jose v Kalifornii. Policie zah\u00e1jila vy\u0161et\u0159ov\u00e1n\u00ed zlo\u010dinu, kter\u00fd byl motivov\u00e1n rasovou nen\u00e1vist\u00ed.<\/span><\/strong><\/p>\n<p><span dir=\"auto\">K incidentu do\u0161lo u vchodu do obl\u00edben\u00e9 restaurace Augustine. Rod\u00e1ci z Haify\u00a0<\/span><strong><span dir=\"auto\">Lior Zeevi<\/span><\/strong><span dir=\"auto\">\u00a0a\u00a0<\/span><strong><span dir=\"auto\">Daniel Levi<\/span><\/strong><span dir=\"auto\"> \u010dekali ve front\u011b a pov\u00eddali si hebrejsky. Napadli je t\u0159i mu\u017ei, kte\u0159\u00ed je za\u010dali b\u00edt, k\u0159i\u010deli ur\u00e1\u017eky na Izrael a \u0159\u00edkali jim, aby se \u201edr\u017eeli d\u00e1l od \u00cdr\u00e1nu\u201c.<\/span><\/p>\n<p><em><span dir=\"auto\">\u201eOto\u010dil jsem se a oni m\u011b za\u010dali b\u00edt. Zbili m\u011b hrozn\u011b. Hodn\u011b to bol\u00ed. Nem\u016f\u017eu \u017ev\u00fdkat, bol\u00ed m\u011b \u010delist, bol\u00ed m\u011b z\u00e1da.\u201c<\/span><span class=\"after-quote\"><span dir=\"auto\">\u00a0\u201e\u0158ekla jedna z ob\u011bt\u00ed. Oba Izraelci byli p\u0159evezeni do nemocnice.\u201c<\/span><\/span><\/em><\/p>\n<p><span dir=\"auto\">\u00dato\u010dn\u00edk\u016fm se poda\u0159ilo uprchnout a prob\u00edh\u00e1 p\u00e1tr\u00e1n\u00ed. Starosta San Jose\u00a0<\/span><strong><span dir=\"auto\">Matt Mahan<\/span><\/strong><span dir=\"auto\">\u00a0incident ost\u0159e odsoudil.<\/span><\/p>\n<p><em><span dir=\"auto\">\u201eToto je odporn\u00fd \u00fatok. Jsem v kontaktu s p\u0159edstaviteli \u017eidovsk\u00e9 komunity a polici\u00ed a budu v\u00e1s informovat o postupu vy\u0161et\u0159ov\u00e1n\u00ed.\u201c<\/span><span class=\"after-quote\"><span dir=\"auto\">\u00a0\u201e\u0158ekl a ujistil, \u017ee m\u011bsto podporuje \u017eidovskou komunitu.\u201c<\/span><\/span><\/em><\/p>\n<p><img decoding=\"async\" loading=\"lazy\" class=\"alignnone size-full wp-image-1185\" src=\"http:\/\/www.infokuryr.cz\/n\/wp-content\/uploads\/2021\/04\/kuryr-podpis.png\" alt=\"\" width=\"84\" height=\"24\" \/><\/p>\n<p>&nbsp;<\/p>\n","protected":false},"excerpt":{"rendered":"<p>K prvn\u00edmu \u00fatoku na \u017didy v d\u016fsledku izraelsk\u00e9 agrese proti \u00cdr\u00e1nu do\u0161lo v San Jose&#8230;<\/p>\n","protected":false},"author":2,"featured_media":101788,"comment_status":"closed","ping_status":"closed","sticky":false,"template":"","format":"standard","meta":[],"categories":[7],"tags":[38,1300,92],"_links":{"self":[{"href":"https:\/\/www.infokuryr.cz\/n\/wp-json\/wp\/v2\/posts\/101787"}],"collection":[{"href":"https:\/\/www.infokuryr.cz\/n\/wp-json\/wp\/v2\/posts"}],"about":[{"href":"https:\/\/www.infokuryr.cz\/n\/wp-json\/wp\/v2\/types\/post"}],"author":[{"embeddable":true,"href":"https:\/\/www.infokuryr.cz\/n\/wp-json\/wp\/v2\/users\/2"}],"replies":[{"embeddable":true,"href":"https:\/\/www.infokuryr.cz\/n\/wp-json\/wp\/v2\/comments?post=101787"}],"version-history":[{"count":0,"href":"https:\/\/www.infokuryr.cz\/n\/wp-json\/wp\/v2\/posts\/101787\/revisions"}],"wp:featuredmedia":[{"embeddable":true,"href":"https:\/\/www.infokuryr.cz\/n\/wp-json\/wp\/v2\/media\/101788"}],"wp:attachment":[{"href":"https:\/\/www.infokuryr.cz\/n\/wp-json\/wp\/v2\/media?parent=101787"}],"wp:term":[{"taxonomy":"category","embeddable":true,"href":"https:\/\/www.infokuryr.cz\/n\/wp-json\/wp\/v2\/categories?post=101787"},{"taxonomy":"post_tag","embeddable":true,"href":"https:\/\/www.infokuryr.cz\/n\/wp-json\/wp\/v2\/tags?post=101787"}],"curies":[{"name":"wp","href":"https:\/\/api.w.org\/{rel}","templated":true}]}}