{"id":101782,"date":"2026-03-13T00:27:14","date_gmt":"2026-03-12T23:27:14","guid":{"rendered":"https:\/\/www.infokuryr.cz\/n\/?p=101782"},"modified":"2026-03-12T15:56:41","modified_gmt":"2026-03-12T14:56:41","slug":"jeffrey-a-tucker-sledujte-ekonomicky-dopad-po-sesti-letech","status":"publish","type":"post","link":"https:\/\/www.infokuryr.cz\/n\/2026\/03\/13\/jeffrey-a-tucker-sledujte-ekonomicky-dopad-po-sesti-letech\/","title":{"rendered":"Jeffrey A. Tucker: Sledujte ekonomick\u00fd dopad po \u0161esti letech"},"content":{"rendered":"<div id=\"fb-root\"><\/div>\n<div class=\"elementor-element elementor-element-1fb4c2c elementor-widget elementor-widget-theme-post-content\" data-id=\"1fb4c2c\" data-element_type=\"widget\" data-e-type=\"widget\" data-widget_type=\"theme-post-content.default\">\n<div class=\"elementor-widget-container\">\n<p><span dir=\"auto\">Mnoho lid\u00ed chce t\u00e9ma covidov\u00fdch lockdown\u016f nechat za sebou. Probl\u00e9m je v\u0161ak v tom, \u017ee covidov\u00e9 lockdowny je\u0161t\u011b neskon\u010dily. N\u011bco takov\u00e9ho se v re\u00e1ln\u00e9m \u017eivot\u011b nikdy p\u0159edt\u00edm nepokusilo: vynucen\u00e9 p\u0159eru\u0161en\u00ed v\u011bt\u0161iny lidsk\u00fdch aktivit, kter\u00e9 by ovlivnilo materi\u00e1ln\u00ed i soci\u00e1ln\u00ed sv\u011bt. D\u016fsledky by byly dalekos\u00e1hl\u00e9, dlouhodob\u00e9 a zni\u010duj\u00edc\u00ed \u2013 jedna z nejv\u00fdznamn\u011bj\u0161\u00edch katastrof modern\u00ed doby.<\/span><\/p>\n<p><span dir=\"auto\">P\u0159etrv\u00e1vaj\u00edc\u00ed ekonomick\u00e1 slabost a z n\u00ed vypl\u00fdvaj\u00edc\u00ed stagnace \u017eivotn\u00ed \u00farovn\u011b jsou jen jedn\u00edm z d\u016fsledk\u016f. Zdaleka to neskon\u010dilo.<\/span><\/p>\n<p><span dir=\"auto\">Zpr\u00e1va o trhu pr\u00e1ce, kterou v p\u00e1tek 6. b\u0159ezna 2026 zve\u0159ejnil \u00da\u0159ad statistiky pr\u00e1ce (Bureau of Labor Statistics), byla mnohem pochmurn\u011bj\u0161\u00ed, ne\u017e se o\u010dek\u00e1valo. Zam\u011bstnavatel\u00e9 b\u011bhem m\u011bs\u00edce zru\u0161ili 92 000 pracovn\u00edch m\u00edst, zat\u00edmco m\u00edra nezam\u011bstnanosti m\u00edrn\u011b vzrostla na 4,4 procenta. R\u016fst po\u010dtu pracovn\u00edch m\u00edst za prosinec a leden byl revidov\u00e1n sm\u011brem dol\u016f o 69 000.<\/span><\/p>\n<p><span dir=\"auto\">Je\u0161t\u011b alarmuj\u00edc\u00ed je skute\u010dnost, \u017ee tyto ztr\u00e1ty byly neomezen\u00e9.<\/span><\/p>\n<p><strong><span dir=\"auto\">Krom\u011b ztr\u00e1t ve zdravotnictv\u00ed m\u00e1me:<\/span><\/strong><\/p>\n<ul>\n<li><span dir=\"auto\">Voln\u00fd \u010das a pohostinstv\u00ed: pokles o 27 000 pracovn\u00edch m\u00edst, v\u010detn\u011b 34 700 v sektoru ubytov\u00e1n\u00ed a stravovac\u00edch slu\u017eeb, co\u017e nazna\u010duje pokra\u010duj\u00edc\u00ed oslaben\u00ed nebo pokles slu\u017eeb souvisej\u00edc\u00edch se spot\u0159ebiteli.<\/span><\/li>\n<li><span dir=\"auto\">Doprava a skladov\u00e1n\u00ed: pokles o 11 300 pracovn\u00edch m\u00edst, p\u0159i\u010dem\u017e kur\u00fdrn\u00ed a spedi\u010dn\u00ed slu\u017eby zaznamenaly prudk\u00fd pokles o 16 600.<\/span><\/li>\n<li><span dir=\"auto\">Informa\u010dn\u00ed sektor: Pokles o 11 000 pracovn\u00edch m\u00edst, z toho 9 500 ve filmov\u00e9m a zvukov\u00e9m sektoru.<\/span><\/li>\n<li><span dir=\"auto\">Administrativn\u00ed a podp\u016frn\u00e9 slu\u017eby (v r\u00e1mci odborn\u00fdch a obchodn\u00edch slu\u017eeb): pokles o 14 300 pracovn\u00edch m\u00edst, co\u017e nazna\u010duje probl\u00e9my s podporou podnik\u00e1n\u00ed.<\/span><\/li>\n<li><span dir=\"auto\">V\u00fdrobn\u00ed sektor: Pokles o 12 000 pracovn\u00edch m\u00edst (z toho 8 000 v sektoru zbo\u017e\u00ed kr\u00e1tkodob\u00e9 spot\u0159eby).<\/span><\/li>\n<li><span dir=\"auto\">Stavebn\u00ed pr\u016fmysl: Pokles o 11 000 pracovn\u00edch m\u00edst.<\/span><\/li>\n<\/ul>\n<p><span dir=\"auto\">\u017d\u00e1dn\u00fd z t\u011bchto sektor\u016f se pln\u011b nevzpamatoval z t\u011b\u017ek\u00fdch ran roku 2020, kdy byly mal\u00e9 podniky nuceny zav\u0159\u00edt a velk\u00e9 korporace pod\u00e1valy sv\u00fdm zam\u011bstnanc\u016fm experiment\u00e1ln\u00ed l\u00e9k. Od t\u00e9 doby se v\u0161echny podniky pot\u00fdkaj\u00ed s probl\u00e9my. Ale s vysok\u00fdmi cly a rostouc\u00edmi n\u00e1klady na zdravotn\u00ed poji\u0161t\u011bn\u00ed v roce 2025 to bylo prost\u011b p\u0159\u00edli\u0161.<\/span><\/p>\n<p><span dir=\"auto\">Nem\u00e1 smysl vinit um\u011blou inteligenci. Tohle nejsou \u00fakoly, kter\u00e9 um\u011bl\u00e1 inteligence m\u016f\u017ee p\u0159evz\u00edt. N\u00e1klady na pracovn\u00ed s\u00edlu sni\u017euj\u00ed ziskovost, tak\u017ee v t\u011b\u017ek\u00fdch \u010dasech mus\u00edte co nejv\u00edce outsourcovat, abyste ji udr\u017eeli.<\/span><\/p>\n<p><span dir=\"auto\">V\u00fdmluvn\u011bj\u0161\u00ed jsou \u00fadaje o pom\u011bru zam\u011bstnanosti k po\u010dtu obyvatel. Ty byly samoz\u0159ejm\u011b siln\u011b ovlivn\u011bny karant\u00e9nn\u00edmi opat\u0159en\u00edmi a od roku 2019 se nezotavily. To p\u0159edstavuje trval\u00fd pokles. Poka\u017ed\u00e9, kdy\u017e zde vid\u00edme zlep\u0161en\u00ed, z\u00e1va\u017enost ekonomick\u00e9ho prost\u0159ed\u00ed je tla\u010d\u00ed zp\u011bt dol\u016f.<\/span><\/p>\n<p><span dir=\"auto\">Samotn\u00fd obr\u00e1zek vykresluje pozoruhodn\u00fd obraz: zej\u00edc\u00ed r\u00e1nu na trhu pr\u00e1ce, kter\u00e1 m\u00e1 za n\u00e1sledek, \u017ee mnoho lid\u00ed je trvale vylou\u010deno z pracovn\u00edho \u017eivota a mnoho lid\u00ed trvale opustilo pracovn\u00ed s\u00edlu. Nelze jednodu\u0161e \u201ezastavit ekonomiku\u201c bez dlouhodob\u00fdch n\u00e1sledk\u016f.<\/span><\/p>\n<figure class=\"wp-block-image aligncenter size-large\"><img decoding=\"async\" class=\"aligncenter\" src=\"https:\/\/brownstone.org\/wp-content\/uploads\/2026\/03\/Screenshot-2026-03-08-at-4.58.53-PM-800x288.png.avif\" alt=\"\" \/><\/figure>\n<figure class=\"wp-block-image aligncenter size-large\"><img decoding=\"async\" class=\"aligncenter\" src=\"https:\/\/brownstone.org\/wp-content\/uploads\/2026\/03\/Screenshot-2026-03-08-at-3.09.41-PM-800x286.png.avif\" alt=\"\" \/><\/figure>\n<p><span dir=\"auto\">Mezi mnoha st\u00e1vaj\u00edc\u00edmi pracovn\u00edky jsme pozorovali explozivn\u00ed n\u00e1r\u016fst po\u010dtu osob registrovan\u00fdch jako osoby se zdravotn\u00edm posti\u017een\u00edm. Dalo by se p\u0159edpokl\u00e1dat, \u017ee je to \u010d\u00e1ste\u010dn\u011b zp\u016fsobeno zlep\u0161en\u00fdmi soci\u00e1ln\u00edmi d\u00e1vkami a pravd\u011bpodobn\u011b tak\u00e9 ur\u010ditou m\u00edrou podvod\u016f. Lze v\u0161ak tak\u00e9 zv\u00e1\u017eit, \u017ee zran\u011bn\u00ed zp\u016fsoben\u00e1 o\u010dkov\u00e1n\u00edm jsou mnohem \u010dast\u011bj\u0161\u00ed, ne\u017e se obecn\u011b v\u00ed, a \u017ee miliony lid\u00ed utrp\u011bly fyzick\u00e9 po\u0161kozen\u00ed v d\u016fsledku o\u010dkov\u00e1n\u00ed podan\u00e9ho k prevenci viru, kter\u00fdm by se ka\u017ed\u00fd stejn\u011b nakazil.<\/span><\/p>\n<p><span dir=\"auto\">Pravdu o t\u00e9to \u0161kod\u011b je nemo\u017en\u00e9 trvale utajit.<\/span><\/p>\n<figure class=\"wp-block-image aligncenter size-large\"><img decoding=\"async\" class=\"aligncenter\" src=\"https:\/\/brownstone.org\/wp-content\/uploads\/2026\/03\/Screenshot-2026-03-08-at-4.59.42-PM-800x297.png.avif\" alt=\"\" \/><\/figure>\n<p><span dir=\"auto\">Vy\u0161\u0161\u00ed ceny benzinu jsou ve zpr\u00e1v\u00e1ch a z\u0159ejm\u00fdm d\u016fvodem je v\u00e1lka s \u00cdr\u00e1nem, kter\u00e1 naru\u0161ila dod\u00e1vky p\u0159es Hormuzsk\u00fd pr\u016fliv. Je tu v\u0161ak je\u0161t\u011b jeden faktor, o kter\u00e9m se mluv\u00ed jen z\u0159\u00eddka. Rafina\u010dn\u00ed kapacita USA se z uzav\u0159en\u00ed nikdy nevzpamatovala. P\u0159edt\u00edm dos\u00e1hla vrcholu 19 milion\u016f barel\u016f za kalend\u00e1\u0159n\u00ed den. Toto \u010d\u00edslo kleslo na 18,1 milionu v roce 2021 a d\u00e1le na 17,9 milionu v roce 2022. St\u00e1le jsme 0,5 a\u017e 0,6 milionu pod vrcholem p\u0159ed uzav\u0159en\u00edm, co\u017e znamen\u00e1, \u017ee jak\u00e9koli naru\u0161en\u00ed by nevyhnuteln\u011b m\u011blo z\u00e1sadn\u00ed dopad na ceny ropy a ceny u \u010derpac\u00edch stanic.<\/span><\/p>\n<p><span dir=\"auto\">Toto naru\u0161en\u00ed nastalo s v\u00e1lkou s \u00cdr\u00e1nem. Pokud jde o strategick\u00e9 z\u00e1soby ropy, ty ji\u017e byly vy\u010derp\u00e1ny b\u011bhem posledn\u00edho n\u00e1r\u016fstu cen zp\u016fsoben\u00e9ho lockdowny a inflac\u00ed. Vzhledem k tlaku na v\u00fdrobn\u00ed struktury nemohly b\u00fdt n\u00edzk\u00e9 ceny z roku 2025 udr\u017eiteln\u00e9.<\/span><\/p>\n<figure class=\"wp-block-image aligncenter size-large\"><img decoding=\"async\" class=\"aligncenter\" src=\"https:\/\/brownstone.org\/wp-content\/uploads\/2026\/03\/Screenshot-2026-03-08-at-5.00.29-PM-800x395.png.avif\" alt=\"\" \/><\/figure>\n<p><span dir=\"auto\">Kdy\u017e u\u017e mluv\u00edme o inflaci: Z\u00e1plava pen\u011bz vyvolan\u00e1 lockdownem v letech 2020 a\u017e 2023 nakonec vedla k 30 a\u017e 40% ztr\u00e1t\u011b kupn\u00ed s\u00edly dolaru, co\u017e vedlo k re\u00e1ln\u00e9mu zplo\u0161t\u011bn\u00ed mezd a plat\u016f, zat\u00edmco ceny bydlen\u00ed prudce vzrostly daleko za hranice toho, co si mohla dovolit st\u0159edn\u00ed t\u0159\u00edda. Potraviny se u\u017e nikdy nestaly cenov\u011b dostupn\u00fdmi.<\/span><\/p>\n<figure class=\"wp-block-image aligncenter size-large\"><img decoding=\"async\" class=\"aligncenter\" src=\"https:\/\/brownstone.org\/wp-content\/uploads\/2026\/03\/Screenshot-2026-03-08-at-5.08.04-PM-800x386.png.avif\" alt=\"\" \/><\/figure>\n<p><span dir=\"auto\">Zpracovatelsk\u00fd pr\u016fmysl byl b\u011bhem pandemie COVID-19 v\u00e1\u017en\u011b zasa\u017een naru\u0161en\u00edm glob\u00e1ln\u00edch dodavatelsk\u00fdch \u0159et\u011bzc\u016f. Trump zah\u00e1jil sv\u00e9 druh\u00e9 funk\u010dn\u00ed obdob\u00ed s pevn\u00fdm \u00famyslem tento probl\u00e9m vy\u0159e\u0161it. Zvolil v\u0161ak tup\u00fd n\u00e1stroj v podob\u011b cel, kter\u00e1 jsou nyn\u00ed na nejvy\u0161\u0161\u00ed \u00farovni za posledn\u00ed stolet\u00ed. Tato cla nesn\u00ed\u017eila obchodn\u00ed deficit, ale sp\u00ed\u0161e jej zv\u00fd\u0161ila \u2013 prav\u00fd opak toho, co bylo zam\u00fd\u0161leno \u2013 zat\u00edmco zam\u011bstnanost ve zpracovatelsk\u00e9m pr\u016fmyslu nad\u00e1le kles\u00e1.<\/span><\/p>\n<figure class=\"wp-block-image aligncenter size-large\"><img decoding=\"async\" class=\"aligncenter\" src=\"https:\/\/brownstone.org\/wp-content\/uploads\/2026\/03\/Screenshot-2026-03-08-at-5.09.01-PM-800x610.png.avif\" alt=\"\" \/><\/figure>\n<p><span dir=\"auto\">V sou\u010dasn\u00e9 dob\u011b neexistuje \u017e\u00e1dn\u00fd n\u00e1znak, \u017ee by tato strategie fungovala, krom\u011b generov\u00e1n\u00ed p\u0159\u00edjm\u016f pro feder\u00e1ln\u00ed vl\u00e1du a vyprovokov\u00e1n\u00ed rozhodnut\u00ed Nejvy\u0161\u0161\u00edho soudu, kter\u00e9 v podstat\u011b znovu potvrzuje to, co je ji\u017e zakotveno v \u00dastav\u011b USA. \u010clov\u011bk by si p\u0159\u00e1l, aby to Soud d\u011blal \u010dast\u011bji.<\/span><\/p>\n<p><span dir=\"auto\">N\u00e1vrat k Feder\u00e1ln\u00edmu rezervn\u00edmu syst\u00e9mu: EJ Antoni dokumentuje, jak Fed p\u0159ed kvantitativn\u00edm uvol\u0148ov\u00e1n\u00edm b\u011bhem pandemie COVID-19 pracoval na vy\u010di\u0161t\u011bn\u00ed sv\u00e9 rozvahy. Byl na dobr\u00e9 cest\u011b k uvoln\u011bn\u00ed v\u0161ech sv\u00fdch hypote\u010dn\u00edch cenn\u00fdch pap\u00edr\u016f, ale tento proces byl p\u0159eru\u0161en. I nyn\u00ed je rozvaha Fedu st\u00e1le tak katastrof\u00e1ln\u00ed, \u017ee denn\u011b vypl\u00e1c\u00ed 300 milion\u016f dolar\u016f na \u00faroc\u00edch \u2013 p\u0159edev\u0161\u00edm zahrani\u010dn\u00edm finan\u010dn\u00edm instituc\u00edm a centr\u00e1ln\u00edm bank\u00e1m.<\/span><\/p>\n<figure class=\"wp-block-image aligncenter size-large\"><img decoding=\"async\" class=\"aligncenter\" src=\"https:\/\/brownstone.org\/wp-content\/uploads\/2026\/03\/Screenshot-2026-03-08-at-5.10.06-PM-800x578.png.avif\" alt=\"\" \/><\/figure>\n<p><span dir=\"auto\">Tvorba pen\u011bz a p\u016fj\u010dky Fedu ji\u017e p\u0159ekonaly v\u0161echny rekordy a nyn\u00ed se je\u0161t\u011b v\u00edce zv\u00fd\u0161\u00ed, aby financovaly v\u00e1lku.<\/span><\/p>\n<figure class=\"wp-block-image aligncenter size-large\"><img decoding=\"async\" class=\"aligncenter\" src=\"https:\/\/brownstone.org\/wp-content\/uploads\/2026\/03\/Screenshot-2026-03-08-at-5.12.37-PM-800x568.png.avif\" alt=\"\" \/><\/figure>\n<p><span dir=\"auto\">Jin\u00e9 ukazatele ekonomick\u00e9ho zdrav\u00ed jsou zalo\u017eeny na iluzorn\u00edch zisc\u00edch. Po o\u010di\u0161t\u011bn\u00ed o zni\u010duj\u00edc\u00ed inflaci tyto do zna\u010dn\u00e9 m\u00edry miz\u00ed. Podobn\u00e1 situace panuje u maloobchodn\u00edch tr\u017eeb: p\u0159ed lockdownem re\u00e1ln\u011b vzrostly, dramaticky se zv\u00fd\u0161ily d\u00edky opat\u0159en\u00edm ekonomick\u00e9ho stimulu, ale v obdob\u00ed po lockdownu z\u016fstaly nezm\u011bn\u011bny.<\/span><\/p>\n<figure class=\"wp-block-image aligncenter size-large\"><img decoding=\"async\" class=\"aligncenter\" src=\"https:\/\/brownstone.org\/wp-content\/uploads\/2026\/03\/Screenshot-2026-03-08-at-5.13.35-PM-800x563.png.avif\" alt=\"\" \/><\/figure>\n<p><span dir=\"auto\">Jedn\u00edm z nejpodivn\u011bj\u0161\u00edch rys\u016f lockdownu byly neust\u00e1le se objevuj\u00edc\u00ed a mizej\u00edc\u00ed, bizarn\u00ed, nesmysln\u00e9 a matouc\u00ed datov\u00e9 zpr\u00e1vy, v\u0161echny zkreslen\u00e9 stimuly a tvorbou pen\u011bz v hodnot\u011b 10 bilion\u016f dolar\u016f. Sledov\u00e1n\u00ed hospod\u00e1\u0159sk\u00e9ho cyklu bylo tak\u0159ka nemo\u017en\u00e9. Trendy, kter\u00e9 se vyv\u00edjely po v\u00edce ne\u017e sto let, se ztr\u00e1cely ve zm\u011bti protich\u016fdn\u00fdch sil. Rozli\u0161it poklesy od o\u017eiven\u00ed se stalo t\u00e9m\u011b\u0159 nemo\u017en\u00fdm.<\/span><\/p>\n<p><span dir=\"auto\">Zpr\u00e1va o zam\u011bstnanosti z minul\u00e9ho t\u00fddne se nesla v pojmu \u201erecese\u201c. Nev\u00edme v\u0161ak, zda jsme recesi z roku 2020 skute\u010dn\u011b nechali za sebou \u2013 alespo\u0148 ne udr\u017eiteln\u00fdm zp\u016fsobem. St\u00e1le se sna\u017e\u00edme z t\u00e9to krize zotavit, ale v d\u016fsledku v\u00e1lky n\u00e1s zas\u00e1hly \u0161oky v oblasti zdravotn\u00edho poji\u0161t\u011bn\u00ed, dovozn\u00edch cel a dal\u0161\u00ed naru\u0161en\u00ed dodavatelsk\u00e9ho \u0159et\u011bzce.<\/span><\/p>\n<p><span dir=\"auto\">Toto je jen kr\u00e1tk\u00fd pohled na n\u011bkter\u00e9 ekonomick\u00e9 ukazatele, kter\u00e9 v\u0161echny nazna\u010duj\u00ed, \u017ee lockdowny p\u0159edstavuj\u00ed z\u00e1sadn\u00ed zlom a t\u011b\u017ekou r\u00e1nu pro fungov\u00e1n\u00ed spole\u010dnosti, jak\u00e1 se v \u017eiv\u00e9 pam\u011bti neobjevila. A to ani nebere v \u00favahu existen\u010dn\u00ed \u0161kody zp\u016fsoben\u00e9 vzd\u011bl\u00e1v\u00e1n\u00ed, kultu\u0159e a soci\u00e1ln\u00edm slu\u017eb\u00e1m b\u011bhem tohoto obdob\u00ed.<\/span><\/p>\n<p><span dir=\"auto\">Charakteristiky na\u0161\u00ed doby se nejen podobaj\u00ed lockdown\u016fm, ale ve skute\u010dnosti jsou jim velmi podobn\u00e9, jako by nikdy nezmizely. Index ekonomick\u00e9 nejistoty proto vykazuje paralely s lety 2020 a 2008.<\/span><\/p>\n<figure class=\"wp-block-image aligncenter size-large\"><img decoding=\"async\" class=\"aligncenter\" src=\"https:\/\/brownstone.org\/wp-content\/uploads\/2026\/03\/Screenshot-2026-03-08-at-5.16.12-PM-800x295.png.avif\" alt=\"\" \/><\/figure>\n<p><span dir=\"auto\">Nikdy nebyl lep\u0161\u00ed \u010das na podeps\u00e1n\u00ed rezoluce na\u00a0<\/span><a href=\"http:\/\/covidjustice.org\/\"><span dir=\"auto\">CovidJustice.org<\/span><\/a><span dir=\"auto\">\u00a0. Vysoce postaven\u00e9 elity maj\u00ed v \u00famyslu znovu zav\u00e9st karant\u00e9nu pod n\u011bjakou z\u00e1minkou. Mohou tak u\u010dinit a pravd\u011bpodobn\u011b tak i ud\u011blaj\u00ed, a\u0165 u\u017e kv\u016fli infek\u010dn\u00edm nemocem nebo n\u011bjak\u00e9 jin\u00e9 z\u00e1mince.\u00a0<\/span><\/p>\n<p><mark><span dir=\"auto\">Neodvracejte zrak: \u017divoty civilizovan\u00fdch lid\u00ed vstoupily do f\u00e1ze barbarstv\u00ed, z n\u00ed\u017e jsme se dosud nevzpamatovali.<\/span><\/mark><\/p>\n<\/div>\n<\/div>\n<div class=\"elementor-element elementor-element-8c57238 quelle dc-has-condition dc-condition-empty elementor-widget elementor-widget-heading\" data-id=\"8c57238\" data-element_type=\"widget\" data-e-type=\"widget\" data-widget_type=\"heading.default\">\n<div class=\"elementor-widget-container\">\n<h3 class=\"elementor-heading-title elementor-size-default\"><span style=\"font-size: 10pt;\"><a href=\"https:\/\/brownstone.org\/articles\/observe-the-economic-fallout-six-years-later\/\" target=\"_blank\" rel=\"nofollow noopener\"><span dir=\"auto\">Zdroj<\/span><\/a><\/span><\/h3>\n<p>&nbsp;<\/p>\n<\/div>\n<\/div>\n","protected":false},"excerpt":{"rendered":"<p>Mnoho lid\u00ed chce t\u00e9ma covidov\u00fdch lockdown\u016f nechat za sebou. Probl\u00e9m je v\u0161ak v tom, \u017ee&#8230;<\/p>\n","protected":false},"author":2,"featured_media":101783,"comment_status":"closed","ping_status":"closed","sticky":false,"template":"","format":"standard","meta":[],"categories":[7],"tags":[1042,23,59,371,1406,276],"_links":{"self":[{"href":"https:\/\/www.infokuryr.cz\/n\/wp-json\/wp\/v2\/posts\/101782"}],"collection":[{"href":"https:\/\/www.infokuryr.cz\/n\/wp-json\/wp\/v2\/posts"}],"about":[{"href":"https:\/\/www.infokuryr.cz\/n\/wp-json\/wp\/v2\/types\/post"}],"author":[{"embeddable":true,"href":"https:\/\/www.infokuryr.cz\/n\/wp-json\/wp\/v2\/users\/2"}],"replies":[{"embeddable":true,"href":"https:\/\/www.infokuryr.cz\/n\/wp-json\/wp\/v2\/comments?post=101782"}],"version-history":[{"count":0,"href":"https:\/\/www.infokuryr.cz\/n\/wp-json\/wp\/v2\/posts\/101782\/revisions"}],"wp:featuredmedia":[{"embeddable":true,"href":"https:\/\/www.infokuryr.cz\/n\/wp-json\/wp\/v2\/media\/101783"}],"wp:attachment":[{"href":"https:\/\/www.infokuryr.cz\/n\/wp-json\/wp\/v2\/media?parent=101782"}],"wp:term":[{"taxonomy":"category","embeddable":true,"href":"https:\/\/www.infokuryr.cz\/n\/wp-json\/wp\/v2\/categories?post=101782"},{"taxonomy":"post_tag","embeddable":true,"href":"https:\/\/www.infokuryr.cz\/n\/wp-json\/wp\/v2\/tags?post=101782"}],"curies":[{"name":"wp","href":"https:\/\/api.w.org\/{rel}","templated":true}]}}