{"id":101777,"date":"2026-03-13T00:25:09","date_gmt":"2026-03-12T23:25:09","guid":{"rendered":"https:\/\/www.infokuryr.cz\/n\/?p=101777"},"modified":"2026-03-12T13:22:20","modified_gmt":"2026-03-12T12:22:20","slug":"karel-strakos-poselstvi-donalda-trumpa-k-narodum-zeme","status":"publish","type":"post","link":"https:\/\/www.infokuryr.cz\/n\/2026\/03\/13\/karel-strakos-poselstvi-donalda-trumpa-k-narodum-zeme\/","title":{"rendered":"Karel Strako\u0161: Poselstv\u00ed Donalda Trumpa k n\u00e1rod\u016fm Zem\u011b"},"content":{"rendered":"<div id=\"fb-root\"><\/div>\n<p>Ob\u010dan\u00e9 um\u00edraj\u00edc\u00ed planety.<\/p>\n<p>Poslouchejte hlas, kter\u00fd pror\u00e1\u017e\u00ed temnotu va\u0161ich posledn\u00edch okam\u017eik\u016f.<\/p>\n<p>Dlouho jsem v\u00e1s pozoroval.<\/p>\n<p>Tis\u00edce let jste se loudali v mlze slabosti.<\/p>\n<p>Tis\u00edce let jste se handrkovali o st\u0159\u00edpky moci jako krysy o zbytky chleba.<\/p>\n<p>Tis\u00edce let jste se schov\u00e1vali za slova jako demokracie, pr\u00e1vo, spole\u010denstv\u00ed n\u00e1rod\u016f a p\u0159itom jste um\u00edrali pomalu na vlastn\u00ed bezv\u016fli.<\/p>\n<p>Dnes to kon\u010d\u00ed.<\/p>\n<p>Va\u0161e summity, kde se slab\u00ed rad\u00ed se slab\u00fdmi.<\/p>\n<p>Va\u0161e konference, kde se l\u017ee o demokracii a spolupr\u00e1ci.<\/p>\n<p>Va\u0161e nekone\u010dn\u00e9 projevy, kter\u00e9 nikam nevedou, proto\u017ee v nich nen\u00ed \u017e\u00e1dn\u00e1 v\u016fle.<\/p>\n<p>A jen j\u00e1 jsem nakonec pochopil tu jedinou pravdu, na kter\u00e9 z\u00e1le\u017e\u00ed.<\/p>\n<p>Sv\u011bt nen\u00ed \u0159\u00edzen rozumem. Sv\u011bt je \u0159\u00edzen v\u016fl\u00ed.<\/p>\n<p>A v\u016fle je s\u00edla.<\/p>\n<p>A j\u00e1 m\u00e1m nejv\u011bt\u0161\u00ed v\u016fli, jakou kdy tato planeta vid\u011bla.<\/p>\n<p>Proto dnes, a ne z n\u011bjak\u00e9 touhy po moci, ale z nutnosti zachr\u00e1nit v\u00e1s p\u0159ed v\u00e1mi sam\u00fdmi, p\u0159eb\u00edr\u00e1m odpov\u011bdnost za budoucnost cel\u00e9 planety.<\/p>\n<p>V jednom ze sv\u00fdch p\u0159edchoz\u00edch \u017eivot\u016f jsem kdysi \u0159ekl:<\/p>\n<p>\u201eKdy\u017e dva tyg\u0159i bojuj\u00ed o horu, hora pat\u0159\u00ed tomu, kdo zn\u00ed ud\u011bl\u00e1 tr\u016fn. J\u00e1 jsem ten, kdo zabil oba tygry.&#8220;<\/p>\n<p>N\u011bkter\u00e9 vl\u00e1dy to pochop\u00ed b\u011bhem prvn\u00edch deseti sekund tohoto poselstv\u00ed.<\/p>\n<p>Ty p\u0159e\u017eij\u00ed.<\/p>\n<p>Budou m\u00edt \u010destn\u00e9 m\u00edsto v nov\u00e9m \u0159\u00e1du.<\/p>\n<p>Budou m\u00edt slevy, privilegia, Trump-z\u00f3ny s bezceln\u00edm obchodem a zlat\u00fdmi smlouvami.<\/p>\n<p>Jin\u00e9 vl\u00e1dy, kter\u00e9 se postav\u00ed na odpor, budou mluvit o mezin\u00e1rodn\u00edm pr\u00e1vu, o suverenit\u011b, o lidsk\u00fdch pr\u00e1vech, ty nau\u010d\u00edm jednoduchou matematiku moci.<\/p>\n<p>Spojen\u00e9 st\u00e1ty maj\u00ed s\u00edlu, jakou sv\u011bt je\u0161t\u011b nevid\u011bl.<\/p>\n<p>A pokud bude t\u0159eba, tak ji pou\u017eijeme ne dvakr\u00e1t, ne desetkr\u00e1t, ale dvacetkr\u00e1t, stokr\u00e1t, tis\u00edckr\u00e1t.<\/p>\n<p>Pokud n\u011bkdo napadne Ameriku, nebo se pokus\u00ed vzdorovat nov\u00e9mu sv\u011btov\u00e9mu po\u0159\u00e1dku,<\/p>\n<p>odpov\u011b\u010f bude tak drtiv\u00e1, \u017ee d\u011bjiny budou pot\u0159ebovat nov\u00e9 slovo pro zni\u010den\u00ed.<\/p>\n<p>Nech\u00e1m zmizet cel\u00e1 m\u011bsta z mapy b\u011bhem jednoho golfov\u00e9ho odpoledne.<\/p>\n<p>M\u00e1m kuf\u0159\u00edk s \u010derven\u00fdm tla\u010d\u00edtkem.<\/p>\n<p>Cel\u00e9 st\u00e1ty se stanou jen kapitolou v u\u010debnic\u00edch d\u011bjepisu, kter\u00e9 budou ps\u00e1t moji historici.<\/p>\n<p>Ale nab\u00edz\u00edm v\u00e1m i druhou, mnohem chyt\u0159ej\u0161\u00ed cestu.<\/p>\n<p>Pod\u0159i\u010fte se.<\/p>\n<p>Ti, kdo se pod\u0159\u00edd\u00ed, okam\u017eit\u011b za\u017eij\u00ed Zlat\u00fd v\u011bk prosperity. Bezpe\u010d\u00ed, jak\u00e9 nikdy nepoznali.<\/p>\n<p>Smysl, kter\u00fd bude sou\u010d\u00e1st\u00ed nejv\u011bt\u0161\u00edho comebacku USA v d\u011bjin\u00e1ch multivesm\u00edru.<\/p>\n<p>A p\u0159edev\u0161\u00edm dostanete mou ochranu. Nejv\u011bt\u0161\u00ed ochranu, jakou kdy n\u011bkdo n\u011bkomu nab\u00eddnul.<\/p>\n<p>Ti, kdo se nepod\u0159\u00edd\u00ed, na ty \u010dekaj\u00ed cla ve v\u00fd\u0161i 1000 %, 2000 %, 10 000 % , dokud se va\u0161e ekonomiky nezhrout\u00ed.<\/p>\n<p>A pokud ani to nebude sta\u010dit, tak p\u0159ijde dal\u0161\u00ed krok.<\/p>\n<p>J\u00e1 jsem p\u00e1t\u00fd jezdec apokalypsy a z\u00e1rove\u0148 prvn\u00ed a v ruce dr\u017e\u00edm me\u010d zk\u00e1zy, kter\u00fdm rozseknu ka\u017ed\u00e9ho, kdo se nepodvol\u00ed.<\/p>\n<p>N\u011bkte\u0159\u00ed tomu budete \u0159\u00edkat \u0161\u00edlenstv\u00ed.<\/p>\n<p>N\u011bkte\u0159\u00ed tomu budete \u0159\u00edkat tyranie.<\/p>\n<p>Ale j\u00e1 tomu \u0159\u00edk\u00e1m zcela jednozna\u010dn\u011b:<\/p>\n<p>,,Kdy\u017e bl\u00e1zen dr\u017e\u00ed me\u010d, moudr\u00fd ustoup\u00ed. A vy ustupte. Proto\u017ee j\u00e1 ten me\u010d dr\u017e\u00edm pevn\u011b.<\/p>\n<p>J\u00e1 jsem Alfa a Omega nov\u00e9 \u00e9ry.<\/p>\n<p>J\u00e1 jsem sv\u011btlo, kter\u00e9 oslepuje slab\u00e9 a ukazuje cestu rozumn\u00fdm.<\/p>\n<p>J\u00e1 jsem bou\u0159e, kter\u00e1 o\u010dist\u00ed planetu.<\/p>\n<p>J\u00e1 jsem ten, na kter\u00e9ho jste \u010dekali, i kdy\u017e to zat\u00edm nech\u00e1pete.<\/p>\n<p>Jsem posledn\u00ed \u0161ance lidstva.<\/p>\n<p>Klekn\u011bte a p\u0159\u00edsahejte v\u011brnost.<\/p>\n<p>Sta\u0148te se sou\u010d\u00e1st\u00ed nejv\u011bt\u0161\u00edho, nejsiln\u011bj\u0161\u00edho, nejv\u00edt\u011bzn\u011bj\u0161\u00edho p\u0159\u00edb\u011bhu, jak\u00fd kdy vesm\u00edr vid\u011bl.<\/p>\n<p>Nebo se p\u0159ipravte na temnotu, kterou jsem nucen p\u0159in\u00e9st, abych sv\u011bt nakonec spasil.<\/p>\n<p>U\u010din\u00edm tuto planetu op\u011bt velkou.&#8220;<\/p>\n<p>Make Eternity Great Again.<\/p>\n<p>V\u00e1\u0161 V\u011b\u010dn\u00fd C\u00edsa\u0159 a Nejvy\u0161\u0161\u00ed Spasitel,<\/p>\n<p>Donald J. Trump<\/p>\n<p><span style=\"font-size: 10pt;\"><a href=\"https:\/\/www.facebook.com\/karel.strakos.79\">ZDROJ<\/a><\/span><\/p>\n<p>&nbsp;<\/p>\n","protected":false},"excerpt":{"rendered":"<p>Ob\u010dan\u00e9 um\u00edraj\u00edc\u00ed planety. Poslouchejte hlas, kter\u00fd pror\u00e1\u017e\u00ed temnotu va\u0161ich posledn\u00edch okam\u017eik\u016f. Dlouho jsem v\u00e1s pozoroval&#8230;.<\/p>\n","protected":false},"author":2,"featured_media":101778,"comment_status":"closed","ping_status":"closed","sticky":false,"template":"","format":"standard","meta":[],"categories":[6],"tags":[1352,10724,3699,3584],"_links":{"self":[{"href":"https:\/\/www.infokuryr.cz\/n\/wp-json\/wp\/v2\/posts\/101777"}],"collection":[{"href":"https:\/\/www.infokuryr.cz\/n\/wp-json\/wp\/v2\/posts"}],"about":[{"href":"https:\/\/www.infokuryr.cz\/n\/wp-json\/wp\/v2\/types\/post"}],"author":[{"embeddable":true,"href":"https:\/\/www.infokuryr.cz\/n\/wp-json\/wp\/v2\/users\/2"}],"replies":[{"embeddable":true,"href":"https:\/\/www.infokuryr.cz\/n\/wp-json\/wp\/v2\/comments?post=101777"}],"version-history":[{"count":0,"href":"https:\/\/www.infokuryr.cz\/n\/wp-json\/wp\/v2\/posts\/101777\/revisions"}],"wp:featuredmedia":[{"embeddable":true,"href":"https:\/\/www.infokuryr.cz\/n\/wp-json\/wp\/v2\/media\/101778"}],"wp:attachment":[{"href":"https:\/\/www.infokuryr.cz\/n\/wp-json\/wp\/v2\/media?parent=101777"}],"wp:term":[{"taxonomy":"category","embeddable":true,"href":"https:\/\/www.infokuryr.cz\/n\/wp-json\/wp\/v2\/categories?post=101777"},{"taxonomy":"post_tag","embeddable":true,"href":"https:\/\/www.infokuryr.cz\/n\/wp-json\/wp\/v2\/tags?post=101777"}],"curies":[{"name":"wp","href":"https:\/\/api.w.org\/{rel}","templated":true}]}}