{"id":101770,"date":"2026-03-13T00:13:12","date_gmt":"2026-03-12T23:13:12","guid":{"rendered":"https:\/\/www.infokuryr.cz\/n\/?p=101770"},"modified":"2026-03-12T13:00:11","modified_gmt":"2026-03-12T12:00:11","slug":"erik-best-nemovitosti-pod-palbou","status":"publish","type":"post","link":"https:\/\/www.infokuryr.cz\/n\/2026\/03\/13\/erik-best-nemovitosti-pod-palbou\/","title":{"rendered":"Erik Best: Nemovitosti pod palbou"},"content":{"rendered":"<div id=\"fb-root\"><\/div>\n<p>Vyrovnat se s\u00a0t\u00edm, co se d\u011bje ve sv\u011bt\u011b, je pro mnoho lid\u00ed dlouh\u00fd proces; pro n\u011bkter\u00e9 bude v\u00e1lka na Bl\u00edzk\u00e9m v\u00fdchod\u011b mo\u017en\u00e1 pr\u00e1v\u011b tou ud\u00e1lost\u00ed, d\u00edky n\u00ed\u017e jim kone\u010dn\u011b v\u0161echno dojde.<\/p>\n<p>Star\u00e9 a\u00a0nov\u00e9 glob\u00e1ln\u00ed reality se \u0159\u00edt\u00ed proti sob\u011b podobn\u011b, jako kdy\u017e interceptory zam\u011b\u0159uj\u00ed p\u0159il\u00e9taj\u00edc\u00ed rakety; v\u011bt\u0161ina raket je sest\u0159elena, ale ty, kter\u00e9 projdou, nad\u011blaj\u00ed paseku. Pro investory do \u010desk\u00fdch nemovitost\u00ed, kte\u0159\u00ed se rozhodnou, \u017ee je \u010das jednat, se okno p\u0159\u00edle\u017eitost\u00ed m\u016f\u017ee brzy zav\u0159\u00edt.<\/p>\n<p>Nemovitosti pat\u0159\u00ed mezi oblasti nejv\u00edce ohro\u017een\u00e9 vedlej\u0161\u00edmi ztr\u00e1tami, a\u00a0to nejen kv\u016fli prudce rostouc\u00edm \u00farokov\u00fdm sazb\u00e1m. Pod palbou je u\u017e samotn\u00fd koncept n\u00e1kupu na dluh za nadhodnocen\u00e9 ceny s\u00a0o\u010dek\u00e1v\u00e1n\u00edm, \u017ee rostouc\u00ed popt\u00e1vka a\u00a0omezen\u00e1 nab\u00eddka z\u00a0n\u011bj v\u00a0dlouhodob\u00e9m horizontu ud\u011blaj\u00ed v\u00fdnosnou transakci.<\/p>\n<p>Pokud se trh obr\u00e1t\u00ed, mnoho lid\u00ed se ocitne v\u00a0pasti sv\u00e9 hypot\u00e9ky, kdy nesplacen\u00e1 jistina p\u0159ev\u00fd\u0161\u00ed tr\u017en\u00ed hodnotu nemovitosti. P\u0159ijmout men\u0161\u00ed ztr\u00e1tu u\u017e nyn\u00ed, aby se takov\u00e9 situaci v\u00a0budoucnu p\u0159ede\u0161lo, m\u016f\u017ee b\u00fdt moudr\u00fdm investi\u010dn\u00edm rozhodnut\u00edm.<\/p>\n<p><a href=\"https:\/\/www.fsfinalword.cz\/?page=archive&amp;day=2026-03-12&amp;utm_source=utm_source%3Dnewsletter&amp;utm_medium=utm_medium%3De-mail&amp;utm_campaign=utm_campaign%3Dfinal_word_12.3.2026\">Erik Best<\/a><\/p>\n<p><img decoding=\"async\" loading=\"lazy\" class=\"alignnone  wp-image-1179\" src=\"http:\/\/www.infokuryr.cz\/n\/wp-content\/uploads\/2021\/04\/erik-best.jpg\" alt=\"\" width=\"124\" height=\"140\" \/><\/p>\n<p>&nbsp;<\/p>\n","protected":false},"excerpt":{"rendered":"<p>Vyrovnat se s\u00a0t\u00edm, co se d\u011bje ve sv\u011bt\u011b, je pro mnoho lid\u00ed dlouh\u00fd proces; pro&#8230;<\/p>\n","protected":false},"author":2,"featured_media":79332,"comment_status":"closed","ping_status":"closed","sticky":false,"template":"","format":"standard","meta":[],"categories":[6],"tags":[1907,5265,1503,1289,40],"_links":{"self":[{"href":"https:\/\/www.infokuryr.cz\/n\/wp-json\/wp\/v2\/posts\/101770"}],"collection":[{"href":"https:\/\/www.infokuryr.cz\/n\/wp-json\/wp\/v2\/posts"}],"about":[{"href":"https:\/\/www.infokuryr.cz\/n\/wp-json\/wp\/v2\/types\/post"}],"author":[{"embeddable":true,"href":"https:\/\/www.infokuryr.cz\/n\/wp-json\/wp\/v2\/users\/2"}],"replies":[{"embeddable":true,"href":"https:\/\/www.infokuryr.cz\/n\/wp-json\/wp\/v2\/comments?post=101770"}],"version-history":[{"count":0,"href":"https:\/\/www.infokuryr.cz\/n\/wp-json\/wp\/v2\/posts\/101770\/revisions"}],"wp:featuredmedia":[{"embeddable":true,"href":"https:\/\/www.infokuryr.cz\/n\/wp-json\/wp\/v2\/media\/79332"}],"wp:attachment":[{"href":"https:\/\/www.infokuryr.cz\/n\/wp-json\/wp\/v2\/media?parent=101770"}],"wp:term":[{"taxonomy":"category","embeddable":true,"href":"https:\/\/www.infokuryr.cz\/n\/wp-json\/wp\/v2\/categories?post=101770"},{"taxonomy":"post_tag","embeddable":true,"href":"https:\/\/www.infokuryr.cz\/n\/wp-json\/wp\/v2\/tags?post=101770"}],"curies":[{"name":"wp","href":"https:\/\/api.w.org\/{rel}","templated":true}]}}