{"id":101769,"date":"2026-03-13T00:24:46","date_gmt":"2026-03-12T23:24:46","guid":{"rendered":"https:\/\/www.infokuryr.cz\/n\/?p=101769"},"modified":"2026-03-12T12:57:34","modified_gmt":"2026-03-12T11:57:34","slug":"hizballah-zameril-na-izrael-vice-nez-150-raketami-v-prvni-spolecne-operaci-s-iranskymi-revolucnimi-gardami","status":"publish","type":"post","link":"https:\/\/www.infokuryr.cz\/n\/2026\/03\/13\/hizballah-zameril-na-izrael-vice-nez-150-raketami-v-prvni-spolecne-operaci-s-iranskymi-revolucnimi-gardami\/","title":{"rendered":"Hizball\u00e1h zam\u011b\u0159il na Izrael v\u00edce ne\u017e 150 raketami v prvn\u00ed spole\u010dn\u00e9 operaci s \u00edr\u00e1nsk\u00fdmi revolu\u010dn\u00edmi gardami"},"content":{"rendered":"<div id=\"fb-root\"><\/div>\n<p><strong><span dir=\"auto\">Hizball\u00e1h v noci z 11. na 12. b\u0159ezna odp\u00e1lil na c\u00edle v severn\u00edm Izraeli v\u00edce ne\u017e 150 raket a nezn\u00e1m\u00fd po\u010det dron\u016f. \u00cdr\u00e1nsk\u00e9 Isl\u00e1msk\u00e9 revolu\u010dn\u00ed gardy (IRGC) ozn\u00e1mily, \u017ee odpaly byly sou\u010d\u00e1st\u00ed spole\u010dn\u00e9 operace.<\/span><\/strong><\/p>\n<p><span dir=\"auto\">V s\u00e9rii prohl\u00e1\u0161en\u00ed Hizball\u00e1h uvedl, \u017ee \u00fatoky byly zam\u011b\u0159eny na \u201eosady, kter\u00e9 byly varov\u00e1ny k evakuaci v p\u011btikilometrov\u00e9 oblasti\u201c od hranice, spolu s \u0159adou izraelsk\u00fdch vojensk\u00fdch objekt\u016f nach\u00e1zej\u00edc\u00edch se hluboko v severn\u00edm Izraeli, jako je p\u0159\u00edstavn\u00ed m\u011bsto Haifa a m\u011bsto Safad.<\/span><\/p>\n<p><span dir=\"auto\">Skupina uvedla, \u017ee odpaly byly sou\u010d\u00e1st\u00ed nov\u00e9 s\u00e9rie operac\u00ed s k\u00f3dov\u00fdm ozna\u010den\u00edm \u201ePohlcen\u00e1 sl\u00e1ma\u201c podle fr\u00e1ze z Kor\u00e1nu.<\/span><\/p>\n<p><span dir=\"auto\">Zat\u00edmco Hizball\u00e1h odpaloval rakety a drony, byla z \u00cdr\u00e1nu odp\u00e1lena \u0159ada balistick\u00fdch raket na st\u0159edn\u00ed, severn\u00ed a ji\u017en\u00ed Izrael.<\/span><\/p>\n<p><span dir=\"auto\">IRGC pozd\u011bji ozn\u00e1mily, \u017ee raketov\u00fd \u00fatok byl \u201espole\u010dnou a integrovanou operac\u00ed\u201c s Hizball\u00e1hem. V prohl\u00e1\u0161en\u00ed, kter\u00e9 zve\u0159ejnila tiskov\u00e1 agentura Tasnim, p\u0159\u00edslu\u0161n\u00edci gardy uvedli, \u017ee odp\u00e1lili n\u011bkolik balistick\u00fdch raket, zat\u00edmco Hizball\u00e1h odp\u00e1lil drony a rakety na v\u00edce ne\u017e 50 c\u00edl\u016f v Izraeli.<\/span><\/p>\n<p><span dir=\"auto\">Bylo to poprv\u00e9, co byla takov\u00e1 spole\u010dn\u00e1 operace ofici\u00e1ln\u011b ozn\u00e1mena od za\u010d\u00e1tku americko-izraelsk\u00e9 v\u00e1lky proti \u00cdr\u00e1nu, v n\u00ed\u017e Hizball\u00e1h obnovil \u00fatoky na podporu Isl\u00e1msk\u00e9 republiky.<\/span><\/p>\n<p><span dir=\"auto\">B\u011bhem spole\u010dn\u00e9 operace bylo v severn\u00edm Izraeli hl\u00e1\u0161eno n\u011bkolik dopad\u016f. Izraelsk\u00e9 obrann\u00e9 s\u00edly (IDF) neposkytly podrobnosti o raketov\u00fdch \u00fatoc\u00edch a \u00fatoc\u00edch dron\u016f proveden\u00fdch Hizball\u00e1hem, ale uvedly, \u017ee v\u0161echny balistick\u00e9 rakety odp\u00e1len\u00e9 z \u00cdr\u00e1nu byly zachyceny.<\/span><\/p>\n<p><span dir=\"auto\">Hebrejsk\u00e1 m\u00e9dia pozd\u011bji informovala o dal\u0161\u00edch odp\u00e1len\u00edch, v\u010detn\u011b \u201eraket dlouh\u00e9ho doletu\u201c z Libanonu, p\u0159i\u010dem\u017e varov\u00e1n\u00ed zazn\u011bla v Tel Avivu ve st\u0159edn\u00edm Izraeli. Objevily se tak\u00e9 zpr\u00e1vy o dopadech.<\/span><\/p>\n<p><span dir=\"auto\">V prvn\u00edch zpr\u00e1v\u00e1ch o operaci hebrejsk\u00e1 m\u00e9dia informovala o lehce zran\u011bn\u00e9m mu\u017ei ve m\u011bst\u011b Bi&#8217;ina v severn\u00edm Izraeli. Nen\u00ed jasn\u00e9, zda do\u0161lo k dal\u0161\u00edm ob\u011btem. Cenzura IDF je od za\u010d\u00e1tku v\u00e1lky extr\u00e9mn\u011b p\u0159\u00edsn\u00e1, na rozd\u00edl od p\u0159edchoz\u00edch konfrontac\u00ed.<\/span><\/p>\n<p><iframe loading=\"lazy\" src=\"https:\/\/s1.cdnstatic.space\/wp-content\/uploads\/2026\/03\/rock1.mp4\" width=\"600\" height=\"338\" data-mce-fragment=\"1\"><\/iframe><\/p>\n<p><iframe loading=\"lazy\" src=\"https:\/\/s1.cdnstatic.space\/wp-content\/uploads\/2026\/03\/rock2.mp4\" width=\"600\" height=\"338\" data-mce-fragment=\"1\"><\/iframe><\/p>\n<p><iframe loading=\"lazy\" src=\"https:\/\/s1.cdnstatic.space\/wp-content\/uploads\/2026\/03\/rock3.mp4\" width=\"600\" height=\"338\" data-mce-fragment=\"1\"><\/iframe><\/p>\n<p><iframe loading=\"lazy\" src=\"https:\/\/s1.cdnstatic.space\/wp-content\/uploads\/2026\/03\/rock4.mp4\" width=\"600\" height=\"338\" data-mce-fragment=\"1\"><\/iframe><\/p>\n<p><iframe loading=\"lazy\" src=\"https:\/\/s1.cdnstatic.space\/wp-content\/uploads\/2026\/03\/rock5.mp4\" width=\"600\" height=\"338\" data-mce-fragment=\"1\"><\/iframe><\/p>\n<p><span dir=\"auto\">V prvn\u00ed reakci zah\u00e1jily izraelsk\u00e9 obrann\u00e9 s\u00edly \u00fadery na ji\u017en\u00ed p\u0159edm\u011bst\u00ed libanonsk\u00e9 metropole Bejr\u00fat, ba\u0161tu Hizball\u00e1hu, zn\u00e1m\u011bj\u0161\u00ed jako Dahiyah. Arm\u00e1da d\u0159\u00edve uvedla, \u017ee b\u011bhem v\u00e1lky s \u00cdr\u00e1nem dosud zas\u00e1hla p\u0159es 70 c\u00edl\u016f, v\u010detn\u011b demolice 50 v\u00edcepatrov\u00fdch budov, kter\u00e9 tato skupina vyu\u017e\u00edv\u00e1.<\/span><\/p>\n<p><iframe loading=\"lazy\" src=\"https:\/\/s1.cdnstatic.space\/wp-content\/uploads\/2026\/03\/be1.mp4\" width=\"600\" height=\"338\" data-mce-fragment=\"1\"><\/iframe><\/p>\n<p><iframe loading=\"lazy\" src=\"https:\/\/s1.cdnstatic.space\/wp-content\/uploads\/2026\/03\/be2.mp4\" width=\"600\" height=\"338\" data-mce-fragment=\"1\"><\/iframe><\/p>\n<p><iframe loading=\"lazy\" src=\"https:\/\/s1.cdnstatic.space\/wp-content\/uploads\/2026\/03\/be3.mp4\" width=\"600\" height=\"338\" data-mce-fragment=\"1\"><\/iframe><\/p>\n<p><iframe loading=\"lazy\" src=\"https:\/\/s1.cdnstatic.space\/wp-content\/uploads\/2026\/03\/be4.mp4\" width=\"600\" height=\"338\" data-mce-fragment=\"1\"><\/iframe><\/p>\n<p><span dir=\"auto\">Podle libanonsk\u00fdch \u00fa\u0159ad\u016f izraelsk\u00e9 \u00fatoky na Libanon dosud zabily 634 lid\u00ed, zranily 1 586 dal\u0161\u00edch a vyhnaly z domov\u016f dal\u0161\u00edch 700 000 lid\u00ed.<\/span><\/p>\n<p><span dir=\"auto\">Nejnov\u011bj\u0161\u00ed spole\u010dn\u00e1 operace byla p\u0159ekvapiv\u00e1 vzhledem k tomu, \u017ee v\u0161echna hodnocen\u00ed p\u0159ed v\u00e1lkou nazna\u010dovala, \u017ee schopnosti Hizball\u00e1hu byly zna\u010dn\u011b omezen\u00e9. Operace pravd\u011bpodobn\u011b povzbud\u00ed IDF k pokra\u010dov\u00e1n\u00ed v pl\u00e1nu invaze do ji\u017en\u00edho Libanonu. Pozemn\u00ed bitva v\u0161ak m\u016f\u017ee b\u00fdt p\u0159esn\u011b to, na co Hizball\u00e1h \u010dek\u00e1.<\/span><\/p>\n<p><img decoding=\"async\" loading=\"lazy\" class=\"alignnone size-full wp-image-1185\" src=\"http:\/\/www.infokuryr.cz\/n\/wp-content\/uploads\/2021\/04\/kuryr-podpis.png\" alt=\"\" width=\"84\" height=\"24\" \/><\/p>\n<p>&nbsp;<\/p>\n","protected":false},"excerpt":{"rendered":"<p>Hizball\u00e1h v noci z 11. na 12. b\u0159ezna odp\u00e1lil na c\u00edle v severn\u00edm Izraeli v\u00edce&#8230;<\/p>\n","protected":false},"author":2,"featured_media":62416,"comment_status":"closed","ping_status":"closed","sticky":false,"template":"","format":"standard","meta":[],"categories":[7],"tags":[8012,38,107,349,723,5135],"_links":{"self":[{"href":"https:\/\/www.infokuryr.cz\/n\/wp-json\/wp\/v2\/posts\/101769"}],"collection":[{"href":"https:\/\/www.infokuryr.cz\/n\/wp-json\/wp\/v2\/posts"}],"about":[{"href":"https:\/\/www.infokuryr.cz\/n\/wp-json\/wp\/v2\/types\/post"}],"author":[{"embeddable":true,"href":"https:\/\/www.infokuryr.cz\/n\/wp-json\/wp\/v2\/users\/2"}],"replies":[{"embeddable":true,"href":"https:\/\/www.infokuryr.cz\/n\/wp-json\/wp\/v2\/comments?post=101769"}],"version-history":[{"count":0,"href":"https:\/\/www.infokuryr.cz\/n\/wp-json\/wp\/v2\/posts\/101769\/revisions"}],"wp:featuredmedia":[{"embeddable":true,"href":"https:\/\/www.infokuryr.cz\/n\/wp-json\/wp\/v2\/media\/62416"}],"wp:attachment":[{"href":"https:\/\/www.infokuryr.cz\/n\/wp-json\/wp\/v2\/media?parent=101769"}],"wp:term":[{"taxonomy":"category","embeddable":true,"href":"https:\/\/www.infokuryr.cz\/n\/wp-json\/wp\/v2\/categories?post=101769"},{"taxonomy":"post_tag","embeddable":true,"href":"https:\/\/www.infokuryr.cz\/n\/wp-json\/wp\/v2\/tags?post=101769"}],"curies":[{"name":"wp","href":"https:\/\/api.w.org\/{rel}","templated":true}]}}