{"id":101768,"date":"2026-03-13T00:24:30","date_gmt":"2026-03-12T23:24:30","guid":{"rendered":"https:\/\/www.infokuryr.cz\/n\/?p=101768"},"modified":"2026-03-12T12:53:50","modified_gmt":"2026-03-12T11:53:50","slug":"polsko-by-si-melo-vybrat-sve-zlato-z-new-yorku-a-londyna-ale-sef-polske-centralni-banky-tvrdi-ze-je-venku-ulozeno-z-bezpecnostnich-duvodu","status":"publish","type":"post","link":"https:\/\/www.infokuryr.cz\/n\/2026\/03\/13\/polsko-by-si-melo-vybrat-sve-zlato-z-new-yorku-a-londyna-ale-sef-polske-centralni-banky-tvrdi-ze-je-venku-ulozeno-z-bezpecnostnich-duvodu\/","title":{"rendered":"Polsko by si m\u011blo vybrat sv\u00e9 zlato z New Yorku a Lond\u00fdna, ale \u0161\u00e9f polsk\u00e9 centr\u00e1ln\u00ed banky tvrd\u00ed, \u017ee je venku ulo\u017eeno z \u201ebezpe\u010dnostn\u00edch d\u016fvod\u016f\u201c"},"content":{"rendered":"<div id=\"fb-root\"><\/div>\n<h3 class=\"s-tagline fw-tagline\"><span dir=\"auto\">Prezident NBP ozna\u010duje po\u017eadavek premi\u00e9ra Tuska, aby bylo ve\u0161ker\u00e9 zlato ulo\u017eeno v Polsku, za \u201enesmysl\u201c<\/span><\/h3>\n<p><span dir=\"auto\">Pot\u00e9, co polsk\u00fd premi\u00e9r Donald Tusk po\u017eadoval vysv\u011btlen\u00ed, pro\u010d polsk\u00e1 centr\u00e1ln\u00ed banka dr\u017e\u00ed zlat\u00e9 rezervy nejen v Polsku, ale i na dvou dal\u0161\u00edch m\u00edstech po cel\u00e9m sv\u011bt\u011b, prezident Polsk\u00e9 n\u00e1rodn\u00ed banky (NBP) profesor Adam Glapi\u0144ski tisku \u0159ekl, \u017ee tak \u010din\u00ed z \u201ebezpe\u010dnostn\u00edch d\u016fvod\u016f\u201c.<\/span><\/p>\n<p><span dir=\"auto\">Ned\u00e1vno Donald Tusk mimo jin\u00e9 apeloval na prezidenta NBP, aby \u201ekone\u010dn\u011b vr\u00e1til zemi ve\u0161ker\u00e9 polsk\u00e9 zlato\u201c.<\/span><\/p>\n<p><span dir=\"auto\">\u201eRozhodli jsme se toto zlato uchov\u00e1vat rozpt\u00fdlen\u00e9 na r\u016fzn\u00fdch m\u00edstech\u2026 v Polsku, Lond\u00fdn\u011b a New Yorku z bezpe\u010dnostn\u00edch d\u016fvod\u016f,\u201c \u0159ekl Glapi\u0144ski na tiskov\u00e9 konferenci. P\u0159iznal, \u017ee o t\u00e9to skute\u010dnosti nerad mluv\u00ed, aby ne\u0161\u00ed\u0159il paniku, ale jak vysv\u011btlil, takov\u00e1 politika skladov\u00e1n\u00ed zlata \u201eje nezbytn\u00e1\u201c, informuje\u00a0<\/span><a href=\"https:\/\/wpolityce.pl\/polityka\/755244-prezes-nbp-uswiadamia-tuska-w-sprawie-zlota-takie-glupstwa\"><span dir=\"auto\">wPolytyce<\/span><\/a><span dir=\"auto\"> .<\/span><\/p>\n<p><span dir=\"auto\">\u201eZnovu sly\u0161\u00edm hlasy od v\u00fdznamn\u00fdch ve\u0159ejn\u011b zn\u00e1m\u00fdch osobnost\u00ed, tedy t\u011bch, kter\u00e9 jsou dob\u0159e zn\u00e1m\u00e9, z 10. patra, ze Sejmu, ze v\u0161ech m\u00e9di\u00ed, \u017ee ve\u0161ker\u00e9 zlato by m\u011blo b\u00fdt okam\u017eit\u011b p\u0159evezeno do Polska a ulo\u017eeno zde, nejl\u00e9pe v \u0158e\u0161ov\u011b, nebo t\u0159eba, \u0159ekn\u011bme, k \u00faschov\u011b Ukrajinc\u016fm v Kyjev\u011b. Jsou to lid\u00e9, kte\u0159\u00ed se pova\u017euj\u00ed za inteligentn\u00ed. Ne\u0159ekl jsem to d\u0159\u00edve, ale \u0159\u00edk\u00e1m to te\u010f, proto\u017ee ostatn\u00ed \u0159\u00edkaj\u00ed takov\u00e9 nesmysly,\u201c \u0159ekl prezident NBP.<\/span><\/p>\n<p><span dir=\"auto\">Tak\u00e9 ozn\u00e1mil, \u017ee \u201ep\u0159ed n\u011bkolika m\u011bs\u00edci\u201c na\u0159\u00eddil p\u0159\u00edpravu n\u00e1vrhu usnesen\u00ed spr\u00e1vn\u00ed rady NBP, kter\u00e9 by umo\u017enilo dovoz \u201edal\u0161\u00edho velk\u00e9ho mno\u017estv\u00ed zlata do Polska, ani\u017e by v\u0161ak byla poru\u0161ena z\u00e1sada jeho rozpt\u00fdlen\u00ed na tato t\u0159i m\u00edsta\u201c.<\/span><\/p>\n<p><span dir=\"auto\">\u201eV Lond\u00fdn\u011b, kde nakupujeme, se nahromadilo mimo\u0159\u00e1dn\u00e9 mno\u017estv\u00ed zlata, proto\u017ee se bl\u00ed\u017e\u00edme k 700 tun\u00e1m, tak\u017ee do Polska p\u0159ivezeme velkou v\u00e1rku zlata,\u201c \u0159ekl Glapi\u0144ski.<\/span><\/p>\n<p><span dir=\"auto\">Dodal, \u017ee v sou\u010dasn\u00e9 dob\u011b prob\u00edhaj\u00ed stavebn\u00ed pr\u00e1ce na budov\u011b, kter\u00e1 bude obsahovat \u201enejmodern\u011bj\u0161\u00ed trezor, kter\u00fd spl\u0148uje v\u0161echny glob\u00e1ln\u00ed po\u017eadavky, je prostorn\u00fd a velk\u00fd. V tuto chv\u00edli m\u00e1me zlato p\u0159ev\u00e1\u017en\u011b na jin\u00e9m bezpe\u010dn\u00e9m m\u00edst\u011b. V Lond\u00fdn\u011b se chyst\u00e1me fyzicky prohl\u00e9dnout na\u0161e zlato a n\u00e1\u0161 speci\u00e1ln\u00ed t\u00fdm se dotkne slitk\u016f, zkontroluje jejich \u010d\u00edsla atd. D\u011bl\u00e1me to rutinn\u011b,\u201c uvedl Glapinski.\u00a0<\/span><\/p>\n<p><span dir=\"auto\">Donald Tusk mimo jin\u00e9 za\u010d\u00e1tkem tohoto m\u011bs\u00edce po\u017eadoval, aby polsk\u00e9 zlato bylo ulo\u017eeno pouze v Polsku, p\u0159i\u010dem\u017e polsk\u00fd premi\u00e9r na serveru X napsal: \u201eA\u0165 se toto polsk\u00e9 zlato, proto\u017ee to nen\u00ed zlato p\u00e1n\u016f Nawrockiho, Glapi\u0144sk\u00e9ho ani Tuska, kter\u00e9 je nyn\u00ed roztrou\u0161eno mezi bankami na n\u011bkolika m\u00edstech po cel\u00e9m sv\u011bt\u011b, kone\u010dn\u011b vr\u00e1t\u00ed do zem\u011b.\u201c<\/span><\/p>\n<p><span dir=\"auto\">Glapi\u0144ski hovo\u0159il tak\u00e9 o nakl\u00e1d\u00e1n\u00ed s polsk\u00fdm zlatem ze strany N\u00e1rodn\u00ed banky Polska (NBP). \u201eN\u00e1rodn\u00ed banka Polska (NBP) jako centr\u00e1ln\u00ed banka odpov\u00edd\u00e1 za \u00faschovu a spr\u00e1vu polsk\u00fdch zlat\u00fdch rezerv. Zlato, stejn\u011b jako ostatn\u00ed rezervn\u00ed aktiva, je ur\u010deno k pln\u011bn\u00ed \u00fakol\u016f prov\u00e1d\u011bn\u00fdch ve ve\u0159ejn\u00e9m z\u00e1jmu.\u201c<\/span><\/p>\n<p><span dir=\"auto\">\u201eM\u00e1me r\u016fzn\u00e9 m\u011bny, p\u0159edev\u0161\u00edm dolary a eura\u2026 a m\u00e1me zlato\u2026 V\u017edycky jsme restrukturalizovali na\u0161e rezervy, stejn\u011b jako ka\u017ed\u00e1 jin\u00e1 centr\u00e1ln\u00ed banka\u2026 Neust\u00e1le doch\u00e1z\u00ed ke zm\u011bn\u00e1m a zlato je stejn\u011b jako ka\u017ed\u00e1 jin\u00e1 slo\u017eka rezerv. Zlato lze prod\u00e1vat, kupovat, obchodovat s n\u00edm atd.,\u201c \u0159ekl.<\/span><\/p>\n<p><span dir=\"auto\">\u201eJedin\u00fdm m\u00edstem, kde se obchoduje se zlatem, je Lond\u00fdn, a proto m\u00e1me v Lond\u00fdn\u011b nejv\u00edce zlata. Na konci \u00fanora 2026 jsme m\u011bli devizov\u00e9 rezervy v celkov\u00e9 v\u00fd\u0161i p\u0159es jeden bilion zlot\u00fdch (230 miliard eur). Z toho zlato p\u0159edstavuje ekvivalent p\u0159ibli\u017en\u011b 340 miliard zlot\u00fdch. Na\u0161e zlat\u00e9 rezervy se v posledn\u00edch letech zv\u00fd\u0161ily z 200 tun na 570 tun. Je vid\u011bt, jak dynamick\u00fd r\u016fst je.\u201c<\/span><\/p>\n<p><span dir=\"auto\">P\u0159ipomn\u011bl, \u017ee Polsk\u00e1 n\u00e1rodn\u00ed banka za\u010dala dynamicky zvy\u0161ovat sv\u00e9 zlat\u00e9 rezervy po rusk\u00e9m \u00fatoku na Ukrajinu. \u201eBudeme nakupovat zlato, dokud nedos\u00e1hneme 700 tun, proto\u017ee to je na\u0161e postaven\u00ed na politick\u00e9 map\u011b\u2026 Zem\u011b, kter\u00e1 hrani\u010d\u00ed s v\u00e1le\u010dnou z\u00f3nou, podl\u00e9h\u00e1 zvl\u00e1\u0161tn\u00ed kontrole. Investo\u0159i a mezin\u00e1rodn\u00ed instituce, kter\u00e9 hodnot\u00ed na\u0161i d\u016fv\u011bryhodnost, berou na\u0161e rezervy v \u00favahu,\u201c \u0159ekl.<\/span><\/p>\n<p><img decoding=\"async\" loading=\"lazy\" class=\"alignnone size-full wp-image-1185\" src=\"http:\/\/www.infokuryr.cz\/n\/wp-content\/uploads\/2021\/04\/kuryr-podpis.png\" alt=\"\" width=\"84\" height=\"24\" \/><\/p>\n<p>&nbsp;<\/p>\n","protected":false},"excerpt":{"rendered":"<p>Prezident NBP ozna\u010duje po\u017eadavek premi\u00e9ra Tuska, aby bylo ve\u0161ker\u00e9 zlato ulo\u017eeno v Polsku, za \u201enesmysl\u201c&#8230;<\/p>\n","protected":false},"author":2,"featured_media":67197,"comment_status":"closed","ping_status":"closed","sticky":false,"template":"","format":"standard","meta":[],"categories":[7],"tags":[31,10722,693],"_links":{"self":[{"href":"https:\/\/www.infokuryr.cz\/n\/wp-json\/wp\/v2\/posts\/101768"}],"collection":[{"href":"https:\/\/www.infokuryr.cz\/n\/wp-json\/wp\/v2\/posts"}],"about":[{"href":"https:\/\/www.infokuryr.cz\/n\/wp-json\/wp\/v2\/types\/post"}],"author":[{"embeddable":true,"href":"https:\/\/www.infokuryr.cz\/n\/wp-json\/wp\/v2\/users\/2"}],"replies":[{"embeddable":true,"href":"https:\/\/www.infokuryr.cz\/n\/wp-json\/wp\/v2\/comments?post=101768"}],"version-history":[{"count":0,"href":"https:\/\/www.infokuryr.cz\/n\/wp-json\/wp\/v2\/posts\/101768\/revisions"}],"wp:featuredmedia":[{"embeddable":true,"href":"https:\/\/www.infokuryr.cz\/n\/wp-json\/wp\/v2\/media\/67197"}],"wp:attachment":[{"href":"https:\/\/www.infokuryr.cz\/n\/wp-json\/wp\/v2\/media?parent=101768"}],"wp:term":[{"taxonomy":"category","embeddable":true,"href":"https:\/\/www.infokuryr.cz\/n\/wp-json\/wp\/v2\/categories?post=101768"},{"taxonomy":"post_tag","embeddable":true,"href":"https:\/\/www.infokuryr.cz\/n\/wp-json\/wp\/v2\/tags?post=101768"}],"curies":[{"name":"wp","href":"https:\/\/api.w.org\/{rel}","templated":true}]}}