{"id":101738,"date":"2026-03-12T05:47:35","date_gmt":"2026-03-12T04:47:35","guid":{"rendered":"https:\/\/www.infokuryr.cz\/n\/?p=101738"},"modified":"2026-03-12T05:47:35","modified_gmt":"2026-03-12T04:47:35","slug":"michael-svatos-totalni-sok-odhalujeme-neskutecny-luxus-zivota-deti-euro-uredniku","status":"publish","type":"post","link":"https:\/\/www.infokuryr.cz\/n\/2026\/03\/12\/michael-svatos-totalni-sok-odhalujeme-neskutecny-luxus-zivota-deti-euro-uredniku\/","title":{"rendered":"Michael Svato\u0161: Tot\u00e1ln\u00ed \u0161ok! Odhalujeme neskute\u010dn\u00fd luxus \u017eivota d\u011bt\u00ed Euro-\u00fa\u0159edn\u00edk\u016f&#8230;"},"content":{"rendered":"<div id=\"fb-root\"><\/div>\n<h3>Tot\u00e1ln\u00ed \u0161ok! Odhalujeme neskute\u010dn\u00fd luxus \u017eivota d\u011bt\u00ed Euro-\u00fa\u0159edn\u00edk\u016f, kter\u00fd je financov\u00e1n z rozpo\u010dtu EU, i z rozpo\u010dtu \u010cR a SR! Fotky! Rozpo\u010dty!<\/h3>\n<p>\u0160ok!\u00a0<a href=\"https:\/\/www.politico.eu\/article\/frankfurt-the-city-of-the-euro-failing-eurocrat-children-school\/\">\u0160\u00e9fka centr\u00e1ln\u00ed banky EU ECB Christine Lagardeov\u00e1 se v z\u00e1\u0159\u00ed 2025 rozzu\u0159ila a ozna\u010dila tuto \u0161kolu na fotce dole ur\u010denou pouze pro d\u011bti evropsk\u00fdch \u00fa\u0159edn\u00edk\u016f za \u201ctrapnou\u201d, a vztekle kvi\u010dela, \u017ee d\u011bti Eurokrat\u016f se \u201cnemohou u\u010dit v n\u011bjak\u00fdch kontejnerech n\u011bkde na n\u011bjak\u00e9m bramborov\u00e9m poli.\u201d<\/a>. A za\u010daly se d\u00edt v\u011bci naprosto neuv\u011b\u0159iteln\u00e9 a vzduchem l\u00e9tat miliardy EUR jen, aby se Eurokrati uspokojili, a z\u00edskali pro sv\u00e9 d\u011bti tu nejluxusn\u011bj\u0161\u00ed soukromou \u0161kolu na sv\u011bt\u011b!!! V\u0161e na pen\u00edze vy\u017ed\u00edman\u00e9 z chud\u00fdch Evropan\u016f.<\/p>\n<p><img decoding=\"async\" loading=\"lazy\" class=\"wp-image-24163 aligncenter\" src=\"https:\/\/www.michalapetr.com\/wp-content\/uploads\/2026\/03\/header-startseite-02.jpg\" sizes=\"(max-width: 1180px) 100vw, 1180px\" srcset=\"https:\/\/www.michalapetr.com\/wp-content\/uploads\/2026\/03\/header-startseite-02.jpg 1180w, https:\/\/www.michalapetr.com\/wp-content\/uploads\/2026\/03\/header-startseite-02-300x86.jpg 300w, https:\/\/www.michalapetr.com\/wp-content\/uploads\/2026\/03\/header-startseite-02-1030x297.jpg 1030w, https:\/\/www.michalapetr.com\/wp-content\/uploads\/2026\/03\/header-startseite-02-768x221.jpg 768w, https:\/\/www.michalapetr.com\/wp-content\/uploads\/2026\/03\/header-startseite-02-705x203.jpg 705w, https:\/\/www.michalapetr.com\/wp-content\/uploads\/2026\/03\/header-startseite-02-450x130.jpg 450w\" alt=\"\" width=\"1031\" height=\"297\" \/><\/p>\n<p>Tato podle Lagardov\u00e9 \u201ctrapn\u00e1 \u0161kola na bramborov\u00e9m poli\u201d je p\u0159itom ur\u010den\u00e1 pouze pro d\u011bti Eurokrat\u016f, kter\u00e9 na n\u00ed studuj\u00ed zadarmo, a pro oby\u010dejn\u00e9 d\u011bti pouze v p\u0159\u00edpad\u011b, kdy\u017e si jejich rodi\u010de mohou dovolit zaplatit EU, kter\u00e1 \u0161kolu z\u0159\u00eddila,\u00a0<a href=\"https:\/\/www.esffm.org\/fileadmin\/pdf\/an-abmeldung\/Schulgeld\/Info_School_Fees_25-26_EN.pdf\">tu\u010dn\u00e9 ro\u010dn\u00ed \u0161koln\u00e9 ve v\u00fd\u0161i 4730 EUR za d\u00edt\u011b p\u0159ed\u0161koln\u00edho v\u011bku, a 8 194 EUR pro d\u00edt\u011b \u0161koln\u00edho v\u011bku<\/a>.<\/p>\n<p>Ne\u017e V\u00e1m dnes uk\u00e1\u017eeme novou luxusn\u00ed \u0161kolu budovanou op\u011bt v\u00fdhradn\u011b d\u011bti \u00fa\u0159edn\u00edk\u016f EU,\u00a0<a href=\"https:\/\/www.esffm.org\/ueber-uns\/gesundheitsdienst-schulkrankenschwestern\">pod\u00edv\u00e1me se bl\u00ed\u017ee na starou \u201ctrapnou \u0161kolu v bramborov\u00e9m poli\u201d<\/a>, abyste se hned po r\u00e1nu po\u0159\u00e1dn\u011b nasrali.<\/p>\n<p>Nejprve p\u00e1r fotek \u201cstar\u00e9 trapn\u00e9 \u0161koly v bramborov\u00e9m poli\u201d. Mimochodem, kdy\u017e ji v letech 2014-15 ve Frankfurtu nad Mohanem pro d\u011bti Eurokrat\u016f postavili,\u00a0<a href=\"https:\/\/www.bollinger-grohmann.com\/en.projects.europaeische-schule.html\">z\u00edskala hned t\u0159i nejvy\u0161\u0161\u00ed N\u011bmeck\u00e9 celost\u00e1tn\u00ed ceny za Architekturu<\/a>!<\/p>\n<div id=\"attachment_24168\" class=\"wp-caption aligncenter\" style=\"width: 1034px;\"><img decoding=\"async\" loading=\"lazy\" class=\" wp-image-24168\" src=\"https:\/\/www.michalapetr.com\/wp-content\/uploads\/2026\/03\/header-startseite-10.jpg\" sizes=\"(max-width: 1180px) 100vw, 1180px\" srcset=\"https:\/\/www.michalapetr.com\/wp-content\/uploads\/2026\/03\/header-startseite-10.jpg 1180w, https:\/\/www.michalapetr.com\/wp-content\/uploads\/2026\/03\/header-startseite-10-300x86.jpg 300w, https:\/\/www.michalapetr.com\/wp-content\/uploads\/2026\/03\/header-startseite-10-1030x297.jpg 1030w, https:\/\/www.michalapetr.com\/wp-content\/uploads\/2026\/03\/header-startseite-10-768x221.jpg 768w, https:\/\/www.michalapetr.com\/wp-content\/uploads\/2026\/03\/header-startseite-10-705x203.jpg 705w, https:\/\/www.michalapetr.com\/wp-content\/uploads\/2026\/03\/header-startseite-10-450x130.jpg 450w\" alt=\"\" width=\"1034\" height=\"298\" aria-describedby=\"caption-attachment-24168\" \/><\/p>\n<p id=\"caption-attachment-24168\" class=\"wp-caption-text\">N\u00e1dvo\u0159\u00ed \u0161koly, postaven\u00e9 v roce 2015 pouze pro d\u011bti \u00fa\u0159edn\u00edk\u016f EU, kter\u00e1 byla \u0161\u00e9fkou ECB loni na podzim ozna\u010dena za naprosto trapnou \u201ckontejnerovou \u0161kolu na bramborov\u00e9m poli\u201d, a kter\u00e1 tud\u00ed\u017e nespl\u0148uje n\u00e1roky Eurokrat\u016f na EU placen\u00e9 vzd\u011bl\u00e1v\u00e1n\u00ed jejich d\u011bt\u00ed, a m\u00edsto n\u00ed se u\u017e proto stav\u00ed nov\u00e1 nejluxusn\u011bj\u0161\u00ed \u0161kola na sv\u011bt\u011b!<\/p>\n<\/div>\n<div id=\"attachment_24169\" class=\"wp-caption aligncenter\" style=\"width: 1045px;\"><img decoding=\"async\" loading=\"lazy\" class=\" wp-image-24169\" src=\"https:\/\/www.michalapetr.com\/wp-content\/uploads\/2026\/03\/header-kindergarten-primar-01.jpg\" sizes=\"(max-width: 1180px) 100vw, 1180px\" srcset=\"https:\/\/www.michalapetr.com\/wp-content\/uploads\/2026\/03\/header-kindergarten-primar-01.jpg 1180w, https:\/\/www.michalapetr.com\/wp-content\/uploads\/2026\/03\/header-kindergarten-primar-01-300x86.jpg 300w, https:\/\/www.michalapetr.com\/wp-content\/uploads\/2026\/03\/header-kindergarten-primar-01-1030x297.jpg 1030w, https:\/\/www.michalapetr.com\/wp-content\/uploads\/2026\/03\/header-kindergarten-primar-01-768x221.jpg 768w, https:\/\/www.michalapetr.com\/wp-content\/uploads\/2026\/03\/header-kindergarten-primar-01-705x203.jpg 705w, https:\/\/www.michalapetr.com\/wp-content\/uploads\/2026\/03\/header-kindergarten-primar-01-450x130.jpg 450w\" alt=\"\" width=\"1045\" height=\"301\" aria-describedby=\"caption-attachment-24169\" \/><\/p>\n<p id=\"caption-attachment-24169\" class=\"wp-caption-text\" style=\"text-align: justify;\">D\u011btsk\u00e1 \u0161kolka pro d\u011bti Eurokrat\u016f z roku 2015, kter\u00e1 je tak\u00e9 \u201cnevyhovuj\u00edc\u00ed\u201d, a je sou\u010d\u00e1st\u00ed nevyhovuj\u00edc\u00edho are\u00e1lu \u201ctrapn\u00e9 bramborov\u00e9 \u0161koly\u201d. Pokud chce do t\u00e9to mate\u0159sk\u00e9 \u0161kolky um\u00edstit d\u00edt\u011b ne-Eurokrat mus\u00ed p\u0159itom zaplatit 4730 EUR ro\u010dn\u00ed poplatek do kasy \u0161koly, zcela financovan\u00e9 EU, (cca 119 000 CZK). I tato \u0161kolka se bude vykl\u00edzet, a d\u011bti Eurokrat\u016f se budou st\u011bhovat do d\u016fstojn\u011bj\u0161\u00edho prost\u0159ed\u00ed, kter\u00e9 je pro jejich vzd\u011bl\u00e1v\u00e1n\u00ed naprosto nutn\u00e9, jak rozhodla Komise EU.<\/p>\n<\/div>\n<div id=\"attachment_24170\" class=\"wp-caption aligncenter\" style=\"width: 1062px;\"><img decoding=\"async\" loading=\"lazy\" class=\" wp-image-24170\" src=\"https:\/\/www.michalapetr.com\/wp-content\/uploads\/2026\/03\/header-sekundar-01.jpg\" sizes=\"(max-width: 1180px) 100vw, 1180px\" srcset=\"https:\/\/www.michalapetr.com\/wp-content\/uploads\/2026\/03\/header-sekundar-01.jpg 1180w, https:\/\/www.michalapetr.com\/wp-content\/uploads\/2026\/03\/header-sekundar-01-300x86.jpg 300w, https:\/\/www.michalapetr.com\/wp-content\/uploads\/2026\/03\/header-sekundar-01-1030x297.jpg 1030w, https:\/\/www.michalapetr.com\/wp-content\/uploads\/2026\/03\/header-sekundar-01-768x221.jpg 768w, https:\/\/www.michalapetr.com\/wp-content\/uploads\/2026\/03\/header-sekundar-01-705x203.jpg 705w, https:\/\/www.michalapetr.com\/wp-content\/uploads\/2026\/03\/header-sekundar-01-450x130.jpg 450w\" alt=\"\" width=\"1062\" height=\"306\" aria-describedby=\"caption-attachment-24170\" \/><\/p>\n<p id=\"caption-attachment-24170\" class=\"wp-caption-text\" style=\"text-align: justify;\">V t\u00e9to nevyhovuj\u00edc\u00ed budov\u011b \u201ctrapn\u00e9 bramborov\u00e9 \u0161koly\u201d se u\u010d\u00ed d\u011bti Eurokrat\u016f v\u011bku II. stupn\u011b z\u00e1kladn\u00edho \u0161koln\u00edho vzd\u011bl\u00e1v\u00e1n\u00ed. I tato \u010d\u00e1st bramborov\u00e9 \u0161koly byla uzn\u00e1na za nevyhovuj\u00edc\u00ed pro pot\u0159eby vzd\u011bl\u00e1v\u00e1n\u00ed d\u011bt\u00ed Eurokrat\u016f. Rodi\u010de d\u011bt\u00ed ne-Eurokrat\u016f museli p\u0159itom za studium v t\u00e9to budov\u011b platit ro\u010dn\u00ed poplatek 8194 EUR, tedy cca 205 000 CZK ro\u010dn\u011b, d\u011bti Eurokrat\u016f m\u011bli \u0161kolu zadarmo. Nevyhovuj\u00edc\u00ed bramborov\u00e1 \u0161kola byla postavena EU v roce 2015, a z\u00edskala 3 nejvy\u0161\u0161\u00ed n\u011bmeck\u00e1 architektonick\u00e1 ocen\u011bn\u00ed!<\/p>\n<\/div>\n<div id=\"attachment_24172\" class=\"wp-caption aligncenter\" style=\"width: 586px;\"><img decoding=\"async\" loading=\"lazy\" class=\" wp-image-24172\" src=\"https:\/\/www.michalapetr.com\/wp-content\/uploads\/2026\/03\/Monica_Anette.jpg\" sizes=\"(max-width: 480px) 100vw, 480px\" srcset=\"https:\/\/www.michalapetr.com\/wp-content\/uploads\/2026\/03\/Monica_Anette.jpg 480w, https:\/\/www.michalapetr.com\/wp-content\/uploads\/2026\/03\/Monica_Anette-300x230.jpg 300w, https:\/\/www.michalapetr.com\/wp-content\/uploads\/2026\/03\/Monica_Anette-450x345.jpg 450w\" alt=\"\" width=\"586\" height=\"449\" aria-describedby=\"caption-attachment-24172\" \/><\/p>\n<p id=\"caption-attachment-24172\" class=\"wp-caption-text\" style=\"text-align: justify;\">Eurokrati zam\u011bstn\u00e1vaj\u00ed pro sv\u00e9 d\u011bti v trapn\u00e9 bramborov\u00e9 \u0161kole i 2 profesion\u00e1ln\u00ed zdravotn\u00ed sestry \u2013 Anetu a Moniku, a dal\u0161\u00ed profesion\u00e1ln\u00ed psycholo\u017eky, to je v \u010cR asi taky ur\u010dit\u011b samoz\u0159ejmost, \u017ee?<\/p>\n<\/div>\n<p>V \u010cR p\u0159ipad\u00e1 na 1 u\u010ditelku na z\u00e1kladn\u00ed \u0161kole a st\u0159edn\u00ed \u0161kole celkem 21 \u017e\u00e1k\u016f a student\u016f. V \u201ctrapn\u00e9 bramborov\u00e9 \u0161kole pro d\u011bti Eurokrat\u016f p\u0159ipad\u00e1 na 1650 p\u0159ed\u0161kol\u00e1k\u016f, \u017e\u00e1k\u016f a student\u016f celkem 152 pedagog\u016f, tedy 10.85 na \u017e\u00e1ka. Fotky pedagogick\u00e9ho sboru \u201ctrapn\u00e9 bramborov\u00e9 \u0161koly\u201d najdete n\u00ed\u017ee,\u00a0<a href=\"https:\/\/www.esffm.org\/ueber-uns\/lehrpersonen\">v\u0161e foceno v are\u00e1lu nevyhovuj\u00edc\u00ed trapn\u00e9 \u0161koly<\/a>.<\/p>\n<div id=\"attachment_24173\" class=\"wp-caption aligncenter\" style=\"width: 950px; text-align: justify;\"><img decoding=\"async\" loading=\"lazy\" class=\" wp-image-24173\" src=\"https:\/\/www.michalapetr.com\/wp-content\/uploads\/2026\/03\/csm_ESF_Lehrteam_Kindergarten_581_552a719cf0.jpg\" sizes=\"(max-width: 1180px) 100vw, 1180px\" srcset=\"https:\/\/www.michalapetr.com\/wp-content\/uploads\/2026\/03\/csm_ESF_Lehrteam_Kindergarten_581_552a719cf0.jpg 1180w, https:\/\/www.michalapetr.com\/wp-content\/uploads\/2026\/03\/csm_ESF_Lehrteam_Kindergarten_581_552a719cf0-300x200.jpg 300w, https:\/\/www.michalapetr.com\/wp-content\/uploads\/2026\/03\/csm_ESF_Lehrteam_Kindergarten_581_552a719cf0-1030x686.jpg 1030w, https:\/\/www.michalapetr.com\/wp-content\/uploads\/2026\/03\/csm_ESF_Lehrteam_Kindergarten_581_552a719cf0-768x512.jpg 768w, https:\/\/www.michalapetr.com\/wp-content\/uploads\/2026\/03\/csm_ESF_Lehrteam_Kindergarten_581_552a719cf0-705x470.jpg 705w, https:\/\/www.michalapetr.com\/wp-content\/uploads\/2026\/03\/csm_ESF_Lehrteam_Kindergarten_581_552a719cf0-450x300.jpg 450w\" alt=\"\" width=\"950\" height=\"633\" aria-describedby=\"caption-attachment-24173\" \/><\/p>\n<p id=\"caption-attachment-24173\" class=\"wp-caption-text\">Vychovatelky v nevyhovuj\u00edc\u00ed \u201ctrapn\u00e9 d\u011btsk\u00e9 \u0161kolce\u201d pro d\u011bti Eurokrat\u016f.<\/p>\n<\/div>\n<div id=\"attachment_24174\" class=\"wp-caption aligncenter\" style=\"width: 956px;\"><img decoding=\"async\" loading=\"lazy\" class=\" wp-image-24174\" src=\"https:\/\/www.michalapetr.com\/wp-content\/uploads\/2026\/03\/csm_ESF_Lehrteam_Primarstufe_und_Kindergarten_532_f40277e1f9.jpg\" sizes=\"(max-width: 1180px) 100vw, 1180px\" srcset=\"https:\/\/www.michalapetr.com\/wp-content\/uploads\/2026\/03\/csm_ESF_Lehrteam_Primarstufe_und_Kindergarten_532_f40277e1f9.jpg 1180w, https:\/\/www.michalapetr.com\/wp-content\/uploads\/2026\/03\/csm_ESF_Lehrteam_Primarstufe_und_Kindergarten_532_f40277e1f9-300x200.jpg 300w, https:\/\/www.michalapetr.com\/wp-content\/uploads\/2026\/03\/csm_ESF_Lehrteam_Primarstufe_und_Kindergarten_532_f40277e1f9-1030x686.jpg 1030w, https:\/\/www.michalapetr.com\/wp-content\/uploads\/2026\/03\/csm_ESF_Lehrteam_Primarstufe_und_Kindergarten_532_f40277e1f9-768x512.jpg 768w, https:\/\/www.michalapetr.com\/wp-content\/uploads\/2026\/03\/csm_ESF_Lehrteam_Primarstufe_und_Kindergarten_532_f40277e1f9-705x470.jpg 705w, https:\/\/www.michalapetr.com\/wp-content\/uploads\/2026\/03\/csm_ESF_Lehrteam_Primarstufe_und_Kindergarten_532_f40277e1f9-450x300.jpg 450w\" alt=\"\" width=\"956\" height=\"637\" aria-describedby=\"caption-attachment-24174\" \/><\/p>\n<p id=\"caption-attachment-24174\" class=\"wp-caption-text\">U\u010ditel\u00e9 prvn\u00edho stupn\u011b nevyhovuj\u00edc\u00ed trapn\u00e9 \u0161koly ur\u010den\u00e9 pouze pro d\u011bti Eurokrat\u016f.<\/p>\n<\/div>\n<div id=\"attachment_24175\" class=\"wp-caption aligncenter\" style=\"width: 962px;\"><img decoding=\"async\" loading=\"lazy\" class=\" wp-image-24175\" src=\"https:\/\/www.michalapetr.com\/wp-content\/uploads\/2026\/03\/csm_ESF_Lehrteam_Sekundarstufe_603b_71b2343cb9.jpg\" sizes=\"(max-width: 1180px) 100vw, 1180px\" srcset=\"https:\/\/www.michalapetr.com\/wp-content\/uploads\/2026\/03\/csm_ESF_Lehrteam_Sekundarstufe_603b_71b2343cb9.jpg 1180w, https:\/\/www.michalapetr.com\/wp-content\/uploads\/2026\/03\/csm_ESF_Lehrteam_Sekundarstufe_603b_71b2343cb9-300x176.jpg 300w, https:\/\/www.michalapetr.com\/wp-content\/uploads\/2026\/03\/csm_ESF_Lehrteam_Sekundarstufe_603b_71b2343cb9-1030x605.jpg 1030w, https:\/\/www.michalapetr.com\/wp-content\/uploads\/2026\/03\/csm_ESF_Lehrteam_Sekundarstufe_603b_71b2343cb9-768x451.jpg 768w, https:\/\/www.michalapetr.com\/wp-content\/uploads\/2026\/03\/csm_ESF_Lehrteam_Sekundarstufe_603b_71b2343cb9-705x414.jpg 705w, https:\/\/www.michalapetr.com\/wp-content\/uploads\/2026\/03\/csm_ESF_Lehrteam_Sekundarstufe_603b_71b2343cb9-450x264.jpg 450w\" alt=\"\" width=\"962\" height=\"565\" aria-describedby=\"caption-attachment-24175\" \/><\/p>\n<p id=\"caption-attachment-24175\" class=\"wp-caption-text\" style=\"text-align: justify;\">U\u010ditelsk\u00fd sbor druh\u00e9ho stupn\u011b trapn\u00e9 bramborov\u00e9 \u0161koly, kter\u00e1 nevyhovuje po\u017eadavk\u016fm na vzd\u011bl\u00e1v\u00e1n\u00ed d\u011bt\u00ed \u00fa\u0159edn\u00edk\u016f EU, proto\u017ee byla shled\u00e1na dostate\u010dn\u011b neluxusn\u00ed.<\/p>\n<\/div>\n<div id=\"attachment_24177\" class=\"wp-caption aligncenter\" style=\"width: 1090px;\"><img decoding=\"async\" loading=\"lazy\" class=\" wp-image-24177\" src=\"https:\/\/www.michalapetr.com\/wp-content\/uploads\/2026\/03\/header-startseite-06.jpg\" sizes=\"(max-width: 1180px) 100vw, 1180px\" srcset=\"https:\/\/www.michalapetr.com\/wp-content\/uploads\/2026\/03\/header-startseite-06.jpg 1180w, https:\/\/www.michalapetr.com\/wp-content\/uploads\/2026\/03\/header-startseite-06-300x86.jpg 300w, https:\/\/www.michalapetr.com\/wp-content\/uploads\/2026\/03\/header-startseite-06-1030x297.jpg 1030w, https:\/\/www.michalapetr.com\/wp-content\/uploads\/2026\/03\/header-startseite-06-768x221.jpg 768w, https:\/\/www.michalapetr.com\/wp-content\/uploads\/2026\/03\/header-startseite-06-705x203.jpg 705w, https:\/\/www.michalapetr.com\/wp-content\/uploads\/2026\/03\/header-startseite-06-450x130.jpg 450w\" alt=\"\" width=\"1090\" height=\"314\" aria-describedby=\"caption-attachment-24177\" \/><\/p>\n<p id=\"caption-attachment-24177\" class=\"wp-caption-text\" style=\"text-align: justify;\">Zde vid\u00edte dal\u0161\u00ed \u010d\u00e1st are\u00e1lu nevyhovuj\u00edc trapn\u00e9 bramborov\u00e9 \u0161koly, v n\u011bm\u017e se mus\u00ed d\u011bti Eurokrat\u016f vzd\u011bl\u00e1vat. Co by za toto nevyhovuj\u00edc\u00ed prost\u0159ed\u00ed dali \u010desk\u00e9 d\u011bti a jejich rodi\u010de, \u017ee?<\/p>\n<\/div>\n<div id=\"attachment_24178\" class=\"wp-caption aligncenter\" style=\"width: 1097px;\"><img decoding=\"async\" loading=\"lazy\" class=\" wp-image-24178\" src=\"https:\/\/www.michalapetr.com\/wp-content\/uploads\/2026\/03\/header-ueber-uns-01.jpg\" sizes=\"(max-width: 1180px) 100vw, 1180px\" srcset=\"https:\/\/www.michalapetr.com\/wp-content\/uploads\/2026\/03\/header-ueber-uns-01.jpg 1180w, https:\/\/www.michalapetr.com\/wp-content\/uploads\/2026\/03\/header-ueber-uns-01-300x86.jpg 300w, https:\/\/www.michalapetr.com\/wp-content\/uploads\/2026\/03\/header-ueber-uns-01-1030x297.jpg 1030w, https:\/\/www.michalapetr.com\/wp-content\/uploads\/2026\/03\/header-ueber-uns-01-768x221.jpg 768w, https:\/\/www.michalapetr.com\/wp-content\/uploads\/2026\/03\/header-ueber-uns-01-705x203.jpg 705w, https:\/\/www.michalapetr.com\/wp-content\/uploads\/2026\/03\/header-ueber-uns-01-450x130.jpg 450w\" alt=\"\" width=\"1097\" height=\"316\" aria-describedby=\"caption-attachment-24178\" \/><\/p>\n<p id=\"caption-attachment-24178\" class=\"wp-caption-text\" style=\"text-align: justify;\">Zde je vchod do nevyhovuj\u00ed trapn\u00e9 \u0161koly pro d\u011bti Eurokrat\u016f, kter\u00e1 byla pro n\u011b postavena v roce 2015, ale loni byla shled\u00e1na trapnou a bude se stav\u011bt nov\u00e1 luxusn\u011bj\u0161\u00ed!<\/p>\n<\/div>\n<div id=\"attachment_24179\" class=\"wp-caption aligncenter\" style=\"width: 667px;\"><img decoding=\"async\" loading=\"lazy\" class=\" wp-image-24179\" src=\"https:\/\/www.michalapetr.com\/wp-content\/uploads\/2026\/03\/Europaeische-Schule-Frankfurt.jpg\" sizes=\"(max-width: 640px) 100vw, 640px\" srcset=\"https:\/\/www.michalapetr.com\/wp-content\/uploads\/2026\/03\/Europaeische-Schule-Frankfurt.jpg 640w, https:\/\/www.michalapetr.com\/wp-content\/uploads\/2026\/03\/Europaeische-Schule-Frankfurt-300x169.jpg 300w, https:\/\/www.michalapetr.com\/wp-content\/uploads\/2026\/03\/Europaeische-Schule-Frankfurt-450x253.jpg 450w\" alt=\"\" width=\"667\" height=\"375\" aria-describedby=\"caption-attachment-24179\" \/><\/p>\n<p id=\"caption-attachment-24179\" class=\"wp-caption-text\" style=\"text-align: justify;\">A zde dal\u0161\u00ed pohled na \u0161kolu, kter\u00e1 nen\u00ed po 10 letech od sv\u00e9ho dokon\u010den\u00e1 u\u017e dostate\u010dn\u011b modern\u00ed a vhodn\u00e1 pro v\u00fduku d\u011bt\u00ed evropsk\u00fdch \u00fa\u0159edn\u00edk\u016f.<\/p>\n<\/div>\n<p><a href=\"https:\/\/edu.gov.cz\/wp-content\/uploads\/2025\/12\/prezentace.pdf\">Pr\u016fm\u011brn\u00fd normativ na jednoho \u017e\u00e1ka z\u00e1kladn\u00ed \u010desk\u00e9 \u0161koly \u010din\u00ed letos 36 000 CZK na cel\u00fd rok<\/a>, p\u0159i\u010dem\u017e n\u011bkter\u00e9 \u0161koly ur\u010den\u00e9 pro v\u00edce obc\u00ed maj\u00ed normativ a\u017e 43 000, a speci\u00e1ln\u00ed zvl\u00e1\u0161tn\u00ed \u0161koly a\u017e 72 000 CZK. Nevyhovuj\u00ed trapn\u00e1 bramborov\u00e1 \u0161kola ur\u010den\u00e1 v\u00fdlu\u010dn\u011b pro v\u00fduku d\u011bt\u00ed Eurokrat\u016f v\u0161ak disponuje rozpo\u010dtem 24.8 milionu EUR, tedy 620 000 000 CZK, tedy normativ na 1 \u017e\u00e1ka ve v\u00fd\u0161i 375 757 CZK!!! Pro srovn\u00e1n\u00ed rozpo\u010det cel\u00e9 Karlovy Univerzity na v\u00fduku v\u0161ech\u00a0<a href=\"https:\/\/cuni.cz\/UK-4051.html\">54 000 student\u016f<\/a>\u00a0financovan\u00fd rozpo\u010dtem \u010cR \u010din\u00ed podle zve\u0159ejn\u011bn\u00e9ho \u00fa\u010detnictv\u00ed 6 266 726 CZK, tedy jen 125 334 CZK!!!\u00a0(<a href=\"https:\/\/cuni.cz\/UK-14643-version1-rozpocet_uk_2025_kapitalovy_rozpocet_a_strednedoby_vyhled_uk_2026_7_as.pdf\">Viz zde strana 14<\/a>)\u00a0Tedy d\u00edt\u011b oby\u010dejn\u00e9ho Eurokrata pot\u0159ebuje na sv\u00e9 vzd\u011bl\u00e1n\u00ed 10 kr\u00e1t v\u00edce pen\u011bz ne\u017e 1 \u010desk\u00e9 d\u00edt\u011b, a 3 kr\u00e1t v\u00edce ne\u017e jeden vysoko\u0161kol\u00e1k studuj\u00edc\u00ed na Karlov\u011b Univerzit\u011b!!! Ov\u0161em i toto bylo Komis\u00ed EU vyhodnoceno jako trapn\u00e9 a nevyhovuj\u00edc\u00ed!!!<\/p>\n<p>Samotn\u00fd Evropsk\u00fd \u00fa\u010detn\u00ed dv\u016fr, nejvy\u0161\u0161\u00ed kontroln\u00ed \u00fa\u0159ad EU m\u011bl zna\u010dn\u00e9 probl\u00e9my, kdy\u017e kontroloval, jak je vlastn\u011b \u201ctrapn\u00e1 bramborov\u00e1 \u0161kola\u201d financovan\u00e1 evropsk\u00fdmi pen\u011bzi, proto\u017ee ty do n\u00ed proud\u00ed z mnoha \u00fa\u010dt\u016f EU i zem\u00ed EU, a tedy je tak tedy nejvy\u0161\u0161\u00edmi auditory EU zji\u0161t\u011bno, \u017ee Babi\u0161ova vl\u00e1da plat\u00ed z \u010desk\u00e9ho st\u00e1tn\u00edho rozpo\u010dtu i tuto trapnou bramborovou \u0161kolu, stejn\u011b jako Ficova vl\u00e1da \u2013 viz obr\u00e1zek dole.<\/p>\n<div id=\"attachment_24181\" class=\"wp-caption aligncenter\" style=\"width: 880px;\"><img decoding=\"async\" loading=\"lazy\" class=\" wp-image-24181\" src=\"https:\/\/www.michalapetr.com\/wp-content\/uploads\/2026\/03\/eusku-page-001-1.jpg\" sizes=\"(max-width: 1240px) 100vw, 1240px\" srcset=\"https:\/\/www.michalapetr.com\/wp-content\/uploads\/2026\/03\/eusku-page-001-1.jpg 1240w, https:\/\/www.michalapetr.com\/wp-content\/uploads\/2026\/03\/eusku-page-001-1-300x198.jpg 300w, https:\/\/www.michalapetr.com\/wp-content\/uploads\/2026\/03\/eusku-page-001-1-1030x679.jpg 1030w, https:\/\/www.michalapetr.com\/wp-content\/uploads\/2026\/03\/eusku-page-001-1-768x507.jpg 768w, https:\/\/www.michalapetr.com\/wp-content\/uploads\/2026\/03\/eusku-page-001-1-705x465.jpg 705w, https:\/\/www.michalapetr.com\/wp-content\/uploads\/2026\/03\/eusku-page-001-1-450x297.jpg 450w\" alt=\"\" width=\"880\" height=\"580\" aria-describedby=\"caption-attachment-24181\" \/><\/p>\n<p id=\"caption-attachment-24181\" class=\"wp-caption-text\" style=\"text-align: justify;\">Nejvy\u0161\u0161\u00ed \u00fa\u010detn\u00ed dv\u016fr EU po velk\u00e9m \u00fasil\u00ed loni roz\u0161ifroval, jak je vlastn\u011b placena \u201ctrapn\u00e1 bramborov\u00e1 \u0161kola\u201d pro d\u011bti Eurokrat\u016f. \u0160kolu jsem ozna\u010dil \u010dervenou elipsou, a pen\u00edze kter\u00e9 do n\u00ed putuj\u00ed p\u0159\u00edmo ze st\u00e1tn\u00edch rozpo\u010dt\u016f jednotliv\u00fdch zem\u00ed, jsem ozna\u010dil zelenou elipsou. Lze tedy tak\u0159ka s jistotou p\u0159edpokl\u00e1dat, \u017ee tato \u0161kola je placena i z \u010desk\u00e9ho st\u00e1tn\u00edho rozpo\u010dtu, n\u011bjak\u00fd poslanec by m\u011bl vzn\u00e9st interpelaci na Babi\u0161e, zda je to pravda, a pro\u010d tomu tak je, \u017ee? (<a href=\"https:\/\/www.eca.europa.eu\/ECAPublications\/SAR-EUSCHOOLS-2024\/SAR-EUSCHOOLS-2024_EN.pdf\">Origin\u00e1l najdete na stran\u011b 6 toto zpr\u00e1vy ECA<\/a>.)<\/p>\n<\/div>\n<div id=\"attachment_24182\" class=\"wp-caption aligncenter\" style=\"width: 865px;\"><img decoding=\"async\" loading=\"lazy\" class=\" wp-image-24182\" src=\"https:\/\/www.michalapetr.com\/wp-content\/uploads\/2026\/03\/kloskul-page-001.jpg\" sizes=\"(max-width: 1240px) 100vw, 1240px\" srcset=\"https:\/\/www.michalapetr.com\/wp-content\/uploads\/2026\/03\/kloskul-page-001.jpg 1240w, https:\/\/www.michalapetr.com\/wp-content\/uploads\/2026\/03\/kloskul-page-001-300x231.jpg 300w, https:\/\/www.michalapetr.com\/wp-content\/uploads\/2026\/03\/kloskul-page-001-1030x792.jpg 1030w, https:\/\/www.michalapetr.com\/wp-content\/uploads\/2026\/03\/kloskul-page-001-768x590.jpg 768w, https:\/\/www.michalapetr.com\/wp-content\/uploads\/2026\/03\/kloskul-page-001-705x542.jpg 705w, https:\/\/www.michalapetr.com\/wp-content\/uploads\/2026\/03\/kloskul-page-001-450x346.jpg 450w\" alt=\"\" width=\"865\" height=\"665\" aria-describedby=\"caption-attachment-24182\" \/><\/p>\n<p id=\"caption-attachment-24182\" class=\"wp-caption-text\" style=\"text-align: justify;\">\u010c\u00edst zpr\u00e1vy ECA se ur\u010dit\u011b vyplat\u00ed! Zde vid\u00edte rozm\u00edst\u011bn\u00ed v\u0161ech \u0161kol pro vzd\u011bl\u00e1v\u00e1n\u00ed d\u011bt\u00ed Eurokrat\u016f v Evrop\u011b. Jak vid\u00edte 3 177 Pedagog\u016f zd\u011bl\u00e1v\u00e1 29 029 d\u011bti\u010dek Eurokrat\u016f na 14 speci\u00e1ln\u00edch \u0161kol\u00e1ch, kter\u00e9 jsou ov\u0161em pouze v Z\u00e1padn\u00ed Evrop\u011b!!!!\u00a0<a href=\"https:\/\/www.eca.europa.eu\/ECAPublications\/SAR-EUSCHOOLS-2024\/SAR-EUSCHOOLS-2024_EN.pdf\">Origin\u00e1l najdete, zde na stran\u011b 11, zpr\u00e1vy ECA<\/a>.<\/p>\n<\/div>\n<p>Komise EU tedy z pen\u011bz vyd\u0159en\u00fdch z \u010cech\u016f, Slov\u00e1k\u016f a dal\u0161\u00edch Evropan\u016f utr\u00e1c\u00ed ka\u017ed\u00fd rok 440 milion\u016f EUR (viz obr\u00e1zek ECA 1 naho\u0159e, a sou\u010det v\u0161ech \u0161kol) na pouh\u00fdch 29 029 d\u011bti\u010dek Eurokrat\u016f.\u00a0 Tedy 11 miliard CZK na vzd\u011bl\u00e1v\u00e1n\u00ed 29 tis\u00edc d\u011bt\u00ed euro-\u00fa\u0159edn\u00edk\u016f! Cel\u00e1 KArlova Univerzita p\u0159itom m\u00e1 jen 6.2 miliard na vzd\u011bl\u00e1v\u00e1n\u00ed 54 000 student\u016f!!!! Nep\u0159ipad\u00e1 V\u00e1m to trapn\u00e9?\u00a0<a href=\"https:\/\/www.ecb.europa.eu\/press\/pr\/date\/2026\/html\/ecb.pr260311_1~517a097089.cs.html\">A te\u010f se pod\u00edvejte na Novou \u0161kolu, kterou v\u010dera 11. b\u0159ezna 2026 Komise EU po\u0159\u00eddila m\u00edsto nevyhovuj\u00edc\u00ed bramborov\u00e9 \u0161koly!!!!<\/a><\/p>\n<div id=\"attachment_24183\" class=\"wp-caption aligncenter\" style=\"width: 971px;\"><img decoding=\"async\" loading=\"lazy\" class=\" wp-image-24183\" src=\"https:\/\/www.michalapetr.com\/wp-content\/uploads\/2026\/03\/foto-bestand-deutsche-bundesbank.jpg\" sizes=\"(max-width: 1558px) 100vw, 1558px\" srcset=\"https:\/\/www.michalapetr.com\/wp-content\/uploads\/2026\/03\/foto-bestand-deutsche-bundesbank.jpg 1558w, https:\/\/www.michalapetr.com\/wp-content\/uploads\/2026\/03\/foto-bestand-deutsche-bundesbank-300x203.jpg 300w, https:\/\/www.michalapetr.com\/wp-content\/uploads\/2026\/03\/foto-bestand-deutsche-bundesbank-1030x697.jpg 1030w, https:\/\/www.michalapetr.com\/wp-content\/uploads\/2026\/03\/foto-bestand-deutsche-bundesbank-768x520.jpg 768w, https:\/\/www.michalapetr.com\/wp-content\/uploads\/2026\/03\/foto-bestand-deutsche-bundesbank-1536x1039.jpg 1536w, https:\/\/www.michalapetr.com\/wp-content\/uploads\/2026\/03\/foto-bestand-deutsche-bundesbank-1500x1015.jpg 1500w, https:\/\/www.michalapetr.com\/wp-content\/uploads\/2026\/03\/foto-bestand-deutsche-bundesbank-705x477.jpg 705w, https:\/\/www.michalapetr.com\/wp-content\/uploads\/2026\/03\/foto-bestand-deutsche-bundesbank-450x304.jpg 450w\" alt=\"\" width=\"971\" height=\"657\" aria-describedby=\"caption-attachment-24183\" \/><\/p>\n<p id=\"caption-attachment-24183\" class=\"wp-caption-text\" style=\"text-align: justify;\">Tento cel\u00fd are\u00e1l b\u00fdval\u00e9 N\u011bmeck\u00e9 st\u00e1tn\u00ed banky byl pr\u00e1v\u011b koupen a bude se p\u0159ebudov\u00e1vat na novou \u0161kolu pro d\u011bti\u010dky Eurokrat\u016f, proto\u017ee star\u00e1 \u0161kola z roku 2015 jim nevyhovuje, proto\u017ee je pro n\u011b ned\u016fstojn\u00e1!!!!<\/p>\n<\/div>\n<div id=\"attachment_24184\" class=\"wp-caption aligncenter\" style=\"width: 631px;\"><img decoding=\"async\" loading=\"lazy\" class=\" wp-image-24184\" src=\"https:\/\/www.michalapetr.com\/wp-content\/uploads\/2026\/03\/30J-Rezept_Haehnchen_Fajitas150ppi_800-600x401-1.jpg\" sizes=\"(max-width: 600px) 100vw, 600px\" srcset=\"https:\/\/www.michalapetr.com\/wp-content\/uploads\/2026\/03\/30J-Rezept_Haehnchen_Fajitas150ppi_800-600x401-1.jpg 600w, https:\/\/www.michalapetr.com\/wp-content\/uploads\/2026\/03\/30J-Rezept_Haehnchen_Fajitas150ppi_800-600x401-1-300x201.jpg 300w, https:\/\/www.michalapetr.com\/wp-content\/uploads\/2026\/03\/30J-Rezept_Haehnchen_Fajitas150ppi_800-600x401-1-450x301.jpg 450w\" alt=\"\" width=\"631\" height=\"422\" aria-describedby=\"caption-attachment-24184\" \/><\/p>\n<p id=\"caption-attachment-24184\" class=\"wp-caption-text\" style=\"text-align: justify;\">\u010cesk\u00e9 d\u011bti nemaj\u00ed na ob\u011bdy, ale ve \u0161kole pro d\u011bti Eurokrat\u016f serv\u00edruje ty nejlep\u0161\u00ed pokrmy vyhl\u00e1\u0161en\u00e1 n\u011bmeck\u00e1 cateringov\u00e1 spole\u010dnost \u2013\u00a0<a href=\"https:\/\/www.menuepartner.de\/\">tento pokrm m\u00e1 dokonce na sv\u00fdch str\u00e1nk\u00e1ch p\u0159\u00edmo ozna\u010den<\/a>, \u017ee jej pod\u00e1v\u00e1 v tzv. ned\u016fstojn\u00e9 bramborov\u00e9 \u0161kole.\u00a0<a href=\"https:\/\/www.esffm.org\/links\/kantine\">A zde, na ofici\u00e1ln\u00edch str\u00e1nk\u00e1ch \u0161koly stoj\u00ed, \u017ee pr\u00e1v\u011b tato vyhl\u00e1\u0161en\u00e1 cateringov\u00e1 firma stravuje d\u011bti Eurokrat\u016f nav\u0161t\u011bvuj\u00edc\u00ed tuto ned\u016fstojnou bramborovou \u0161kolu.<\/a><\/p>\n<\/div>\n<p>Co na to Andrej Babi\u0161, Tomio Okamura, a Petr Macinka \u2013 zajist\u00ed tak\u00e9 d\u016fstojn\u00e9 \u0161koly a lukulsk\u00e9 ob\u011bdy \u010desk\u00fdm d\u011btem, nebo budou rad\u011bji ti\u0161e dotovat luxusn\u00ed \u017eivot d\u011bti\u010dek Eurokrat\u016f? Jsem zv\u011bdav?!!!!<\/p>\n<p>V\u010dera jsem dal\u0161\u00ed podobn\u00e9 \u00falety a pl\u00e1ny Eurokomisa\u0159\u016f odhalil v po\u0159adu na TV Bure\u0161 \u2013\u00a0<a class=\"mfp-iframe lightbox-added\" href=\"https:\/\/www.youtube.com\/watch?v=yWzvEoNXDM0\">po\u0159ad najdete zde<\/a>. Odkazy k informac\u00edm z tohoto po\u0159adu d\u00e1m a\u017e do z\u00edt\u0159ej\u0161\u00ed anal\u00fdzy. D\u011bkuji za pochopen\u00ed, ale dne\u0161n\u00ed anal\u00fdzu jsem psal od skon\u010den\u00ed po\u0159adu ve 21 hodin, a\u017e do te\u010f 05.01. Tak snad to \u00fasil\u00ed st\u00e1lo zato! Ostatn\u011b soud\u00edm, \u017ee sou\u010dasn\u00e9 Bruxelae mus\u00ed b\u00fdt zni\u010deno!!<\/p>\n<p><a href=\"https:\/\/www.michalapetr.com\/map-2548-totalni-sok-odhalujeme-neskutecny-luxus-zivota-deti-euro-uredniku-ktery-je-financovan-z-rozpoctu-eu-fotky-rozpocty-analyza\/\">Michael Svato\u0161<\/a><\/p>\n<p><img decoding=\"async\" loading=\"lazy\" class=\"alignnone size-full wp-image-27204\" src=\"http:\/\/www.infokuryr.cz\/n\/wp-content\/uploads\/2023\/05\/Michael_Svatos.png\" alt=\"\" width=\"180\" height=\"180\" srcset=\"https:\/\/www.infokuryr.cz\/n\/wp-content\/uploads\/2023\/05\/Michael_Svatos.png 180w, https:\/\/www.infokuryr.cz\/n\/wp-content\/uploads\/2023\/05\/Michael_Svatos-150x150.png 150w\" sizes=\"(max-width: 180px) 100vw, 180px\" \/><\/p>\n<p>&nbsp;<\/p>\n","protected":false},"excerpt":{"rendered":"<p>Tot\u00e1ln\u00ed \u0161ok! Odhalujeme neskute\u010dn\u00fd luxus \u017eivota d\u011bt\u00ed Euro-\u00fa\u0159edn\u00edk\u016f, kter\u00fd je financov\u00e1n z rozpo\u010dtu EU, i&#8230;<\/p>\n","protected":false},"author":2,"featured_media":101739,"comment_status":"closed","ping_status":"closed","sticky":false,"template":"","format":"standard","meta":[],"categories":[6],"tags":[1042,245,4317,41,45,4217,2559],"_links":{"self":[{"href":"https:\/\/www.infokuryr.cz\/n\/wp-json\/wp\/v2\/posts\/101738"}],"collection":[{"href":"https:\/\/www.infokuryr.cz\/n\/wp-json\/wp\/v2\/posts"}],"about":[{"href":"https:\/\/www.infokuryr.cz\/n\/wp-json\/wp\/v2\/types\/post"}],"author":[{"embeddable":true,"href":"https:\/\/www.infokuryr.cz\/n\/wp-json\/wp\/v2\/users\/2"}],"replies":[{"embeddable":true,"href":"https:\/\/www.infokuryr.cz\/n\/wp-json\/wp\/v2\/comments?post=101738"}],"version-history":[{"count":0,"href":"https:\/\/www.infokuryr.cz\/n\/wp-json\/wp\/v2\/posts\/101738\/revisions"}],"wp:featuredmedia":[{"embeddable":true,"href":"https:\/\/www.infokuryr.cz\/n\/wp-json\/wp\/v2\/media\/101739"}],"wp:attachment":[{"href":"https:\/\/www.infokuryr.cz\/n\/wp-json\/wp\/v2\/media?parent=101738"}],"wp:term":[{"taxonomy":"category","embeddable":true,"href":"https:\/\/www.infokuryr.cz\/n\/wp-json\/wp\/v2\/categories?post=101738"},{"taxonomy":"post_tag","embeddable":true,"href":"https:\/\/www.infokuryr.cz\/n\/wp-json\/wp\/v2\/tags?post=101738"}],"curies":[{"name":"wp","href":"https:\/\/api.w.org\/{rel}","templated":true}]}}