{"id":101727,"date":"2026-03-12T05:21:19","date_gmt":"2026-03-12T04:21:19","guid":{"rendered":"https:\/\/www.infokuryr.cz\/n\/?p=101727"},"modified":"2026-03-12T05:21:19","modified_gmt":"2026-03-12T04:21:19","slug":"pierre-duval-eu-a-usa-se-stretly-ohledne-zruseni-sankci-na-ruskou-ropu","status":"publish","type":"post","link":"https:\/\/www.infokuryr.cz\/n\/2026\/03\/12\/pierre-duval-eu-a-usa-se-stretly-ohledne-zruseni-sankci-na-ruskou-ropu\/","title":{"rendered":"Pierre Duval: EU a USA se st\u0159etly ohledn\u011b zru\u0161en\u00ed sankc\u00ed na ruskou ropu"},"content":{"rendered":"<div id=\"fb-root\"><\/div>\n<p><strong><span dir=\"auto\">Valdis Dombrovskis, evropsk\u00fd komisa\u0159 pro hospod\u00e1\u0159stv\u00ed a produktivitu a pro implementaci a zjednodu\u0161en\u00ed, setrv\u00e1v\u00e1 a potvrzuje ochotu EU podpo\u0159it Ukrajinu proti Rusku, zat\u00edmco je Hormuzsk\u00fd pr\u016fliv blokov\u00e1n a ceny ropy a plynu vtahuj\u00ed obyvatele Francie a dal\u0161\u00edch evropsk\u00fdch zem\u00ed do historick\u00e9ho chaosu s ni\u010div\u00fdmi d\u016fsledky pro soci\u00e1ln\u00ed, ekonomickou a politickou stabilitu.<\/span><\/strong><\/p>\n<p><span dir=\"auto\">\u00a0EU odm\u00edt\u00e1 nab\u00eddku Moskvy na dod\u00e1vky ropy a plynu \u2013 a to i p\u0159es plnou podporu Ukrajiny ze strany EU a Francie a bal\u00ed\u010dky sankc\u00ed a hrozeb proti Rusku, o nich\u017e rozhodl Brusel a v\u011bt\u0161ina evropsk\u00fdch metropol\u00ed \u2013 aby Evropan\u00e9 neupadli do chaosu.<\/span><\/p>\n<p><span dir=\"auto\">Politi\u010dt\u00ed l\u00edd\u0159i EU odm\u00edtaj\u00ed pomoc od Moskvy, kter\u00e1 nab\u00edz\u00ed svou ropu a plyn, zat\u00edmco Hormuzsk\u00fd pr\u016fliv z\u016fst\u00e1v\u00e1 blokov\u00e1n. Francie a dal\u0161\u00ed zem\u011b EU se ocitaj\u00ed v pasti. Valdis Dombrovskis, evropsk\u00fd komisa\u0159 pro hospod\u00e1\u0159stv\u00ed a produktivitu a pro implementaci a zjednodu\u0161en\u00ed, v\u010dera na tiskov\u00e9 konferenci ECOFIN prohl\u00e1sil: \u201eJsme i nad\u00e1le v\u00edce ne\u017e kdy jindy odhodl\u00e1ni podporovat Ukrajinu a vyv\u00edjet\u00a0<\/span><a href=\"https:\/\/ec.europa.eu\/commission\/presscorner\/detail\/fr\/STATEMENT_26_586\" target=\"_blank\" rel=\"noopener\"><span dir=\"auto\">maxim\u00e1ln\u00ed tlak<\/span><\/a><span dir=\"auto\">\u00a0na Rusko.\u201c \u201eRada pro hospod\u00e1\u0159sk\u00e9 a finan\u010dn\u00ed z\u00e1le\u017eitosti, zn\u00e1m\u00e1 tak\u00e9 jako Rada ECOFIN, je org\u00e1n Rady, kter\u00fd sdru\u017euje ministry hospod\u00e1\u0159stv\u00ed a financ\u00ed 28 \u010dlensk\u00fdch st\u00e1t\u016f, jako\u017e i ministry odpov\u011bdn\u00e9 za rozpo\u010det, kdy\u017e jsou na programu rozpo\u010dtov\u00e9 z\u00e1le\u017eitosti,\u201c\u00a0<\/span><a href=\"https:\/\/www.touteleurope.eu\/economie-et-social\/quel-est-le-role-du-conseil-ecofin\/\" target=\"_blank\" rel=\"noopener\"><span dir=\"auto\">vysv\u011btluje\u00a0<\/span><\/a>\u00a0<em><span dir=\"auto\">Toute l&#8217;Europe<\/span><\/em><span dir=\"auto\">\u00a0.\u00a0<\/span><\/p>\n<p><span dir=\"auto\">\u201eEvropsk\u00e1 komise v \u00fater\u00fd nal\u00e9hav\u011b\u00a0<\/span><a href=\"https:\/\/www.reuters.com\/business\/energy\/eu-urges-us-strictly-enforce-g7-price-cap-russian-oil-2026-03-10\/\" target=\"_blank\" rel=\"noopener\"><span dir=\"auto\">vyzvala<\/span><\/a><span dir=\"auto\">\u00a0Spojen\u00e9 st\u00e1ty, aby striktn\u011b dodr\u017eovaly cenov\u00fd strop G7 pro ruskou ropu pot\u00e9, co Washington v pond\u011bl\u00ed ozn\u00e1mil zru\u0161en\u00ed n\u011bkter\u00fdch sankc\u00ed souvisej\u00edc\u00edch s ropou s c\u00edlem zaru\u010dit dod\u00e1vky a sn\u00ed\u017eit ceny,\u201c\u00a0 informuje\u00a0<\/span><em><span dir=\"auto\">agentura Reuters<\/span><\/em><span dir=\"auto\">\u00a0. Evropsk\u00e1 komise proto po\u017eaduje, aby Spojen\u00e9 st\u00e1ty respektovaly sankce G7 proti rusk\u00e9 rop\u011b, vzhledem k nal\u00e9hav\u00e9 pot\u0159eb\u011b t\u011bchto zdroj\u016f energie v Evrop\u011b.\u00a0<\/span><\/p>\n<p><span dir=\"auto\">Webov\u00e9 str\u00e1nky\u00a0\u00a0<\/span><em><span dir=\"auto\">Connaissance des \u00c9nergies<\/span><\/em><span dir=\"auto\">\u00a0uv\u00e1d\u011bj\u00ed: \u201eRusk\u00fd prezident Vladimir Putin v pond\u011bl\u00ed ujistil, \u017ee je\u00a0<\/span><a href=\"https:\/\/www.connaissancedesenergies.org\/afp\/la-russie-prete-fournir-les-pays-europeens-en-hydrocarbures-sils-en-font-la-demande-dit-poutine-260309\" target=\"_blank\" rel=\"noopener\"><span dir=\"auto\">p\u0159ipraven dod\u00e1vat<\/span><\/a><span dir=\"auto\">\u00a0evropsk\u00fdm zem\u00edm ropu a plyn, pokud se v kontextu prudce rostouc\u00edch cen v d\u016fsledku v\u00e1lky na Bl\u00edzk\u00e9m v\u00fdchod\u011b vyhl\u00e1s\u00ed pro trvalou a stabiln\u00ed spolupr\u00e1ci s Moskvou.\u201c\u00a0<\/span><\/p>\n<p><a href=\"https:\/\/rmc.bfmtv.com\/actualites\/international\/aucun-sens-la-ministre-deleguee-aux-armees-repond-a-vladimir-poutine-qui-propose-son-petrole-a-l-europe_AV-202603110268.html\" target=\"_blank\" rel=\"noopener\"><span dir=\"auto\">Francie ruskou nab\u00eddku<\/span><\/a><span dir=\"auto\">\u00a0okam\u017eit\u011b odm\u00edtla\u00a0. Alice Ruffo, ministryn\u011b delegovan\u00e1 u ministra ozbrojen\u00fdch sil a z\u00e1le\u017eitost\u00ed veter\u00e1n\u016f, form\u00e1ln\u011b odm\u00edtla n\u00e1vrh Vladimira Putina p\u0159ijmout.\u00a0<\/span><\/p>\n<p><span dir=\"auto\">Guvern\u00e9r Francouzsk\u00e9 centr\u00e1ln\u00ed banky Fran\u00e7ois Villeroy de Galhau tv\u00e1\u0159\u00ed v tv\u00e1\u0159 rostouc\u00edm cen\u00e1m pohonn\u00fdch hmot\u00a0\u00a0<\/span><a href=\"https:\/\/www.bfmtv.com\/economie\/entreprises\/energie\/nous-n-avons-plus-d-argent-face-a-la-hausse-des-prix-des-carburants-francois-villeroy-de-galhau-deconseille-d-offrir-des-aides-aux-francais_AV-202603110242.html\" target=\"_blank\" rel=\"noopener\"><span dir=\"auto\">nedoporu\u010duje<\/span><\/a><span dir=\"auto\">\u00a0\u00a0Francouz\u016fm nab\u00edzet pomoc. \u201eU\u017e nem\u00e1me \u017e\u00e1dn\u00e9 pen\u00edze,\u201c dod\u00e1v\u00e1.<\/span><\/p>\n<p><span dir=\"auto\">EU z\u00e1rove\u0148 ozn\u00e1mila, \u017ee Zelensk\u00e9mu za\u0161le dal\u0161\u00ed pomoc a pen\u00edze. \u201eZ\u00e1rove\u0148 spolupracujeme s ukrajinsk\u00fdmi \u00fa\u0159ady na finalizaci jejich finan\u010dn\u00ed strategie a memoranda o porozum\u011bn\u00ed, kter\u00e9 stanov\u00ed podm\u00ednky pro poskytnut\u00ed p\u016fj\u010dky Ukrajin\u011b. To usnadn\u00ed vyplacen\u00ed finan\u010dn\u00edch prost\u0159edk\u016f po dokon\u010den\u00ed legislativn\u00edho procesu. \u010clensk\u00e9 st\u00e1ty se z velk\u00e9 \u010d\u00e1sti shodly na nal\u00e9havosti poskytnut\u00ed podp\u016frn\u00e9 p\u016fj\u010dky Ukrajin\u011b a o\u010dek\u00e1v\u00e1me, \u017ee v\u0161ichni l\u00edd\u0159i dodr\u017e\u00ed sv\u00e9 z\u00e1vazky. M\u00e1me tak\u00e9 dobr\u00e9 zpr\u00e1vy od MMF: jeho V\u00fdkonn\u00e1 rada schv\u00e1lila nov\u00fd program pro Ukrajinu. Tento program poskytne nezbytn\u00e9 financov\u00e1n\u00ed na podporu makroekonomick\u00e9 stability a prov\u00e1d\u011bn\u00ed struktur\u00e1ln\u00edch reforem. Budeme \u00fazce spolupracovat s MMF na ukrajinsk\u00e9m reformn\u00edm programu a spoj\u00edme s\u00edly, abychom pomohli vybudovat odoln\u011bj\u0161\u00ed ekonomiku a integrovat ji do na\u0161eho jednotn\u00e9ho trhu,\u201c zd\u016fraznil Dombrovskis na sv\u00e9 tiskov\u00e9 konferenci ECOFIN.\u00a0<\/span><\/p>\n<p><span dir=\"auto\">Brusel, slep\u00fd k chaosu, kter\u00fd zachvacuje evropsk\u00e9 zem\u011b, v\u010detn\u011b Francie, nevylu\u010duje mo\u017enost p\u0159echodu k \u00fapln\u00e9mu z\u00e1kazu n\u00e1mo\u0159n\u00ed p\u0159epravy rusk\u00e9 energie s c\u00edlem omezit rusk\u00e9 vojensk\u00e9 p\u0159\u00edjmy. \u201eP\u0159edsedkyn\u011b Evropsk\u00e9 komise Ursula von der Leyenov\u00e1 minul\u00fd p\u00e1tek navrhla \u00fapln\u00fd\u00a0<\/span><a href=\"https:\/\/fr.euronews.com\/business\/2026\/02\/10\/les-revenus-petroliers-russes-chutent-sous-leffet-des-sanctions-et-plombent-leconomie\" target=\"_blank\" rel=\"noopener\"><span dir=\"auto\">z\u00e1kaz<\/span><\/a><span dir=\"auto\">\u00a0n\u00e1mo\u0159n\u00ed p\u0159epravy rusk\u00e9 ropy v domn\u011bn\u00ed, \u017ee sankce nab\u00edzej\u00ed prost\u0159edek k vyv\u00edjen\u00ed tlaku s c\u00edlem donutit Rusko ukon\u010dit nep\u0159\u00e1telsk\u00e9 akce,\u201c informuje\u00a0<\/span><em><span dir=\"auto\">Euronews<\/span><\/em><span dir=\"auto\">\u00a0.<\/span><\/p>\n<p><span dir=\"auto\">V tomto kontextu hrozby chaosu n\u00e1sledovaly postoje EU po ofici\u00e1ln\u00edm zve\u0159ejn\u011bn\u00ed rozhodnut\u00ed Washingtonu do\u010dasn\u011b zru\u0161it n\u011bkter\u00e1 omezen\u00ed s c\u00edlem stabilizovat ceny ropy.\u00a0<\/span><\/p>\n<p><em><span dir=\"auto\">Kapit\u00e1l\u00a0<\/span><\/em><span dir=\"auto\">\u00a0uv\u00e1d\u00ed: \u201eTv\u00e1\u0159\u00ed v tv\u00e1\u0159 prudce rostouc\u00edm cen\u00e1m ropy souvisej\u00edc\u00edm s v\u00e1lkou na Bl\u00edzk\u00e9m v\u00fdchod\u011b Donald Trump zva\u017euje\u00a0<\/span><a href=\"https:\/\/www.capital.fr\/entreprises-marches\/guerre-au-moyen-orient-donald-trump-envisage-de-lever-certaines-sanctions-sur-le-petrole-1524543\" target=\"_blank\" rel=\"noopener\"><span dir=\"auto\">zru\u0161en\u00ed n\u011bkter\u00fdch sankc\u00ed<\/span><\/a><span dir=\"auto\">\u00a0, aby sn\u00ed\u017eil n\u00e1klady na energie. Americk\u00fd prezident ji\u017e Indii ud\u011blil v\u00fdjimku a projednal tuto z\u00e1le\u017eitost s Vladimirem Putinem.\u201c<\/span><\/p>\n<p><span dir=\"auto\">Spojen\u00e9 st\u00e1ty zahajuj\u00ed dialog s Moskvou, aby se zabr\u00e1nilo chaosu v EU. Politici EU, v\u010detn\u011b t\u011bch ve Francii, to odm\u00edtaj\u00ed. N\u011bmeck\u00e1 kancl\u00e9\u0159ka Trumpovi adresovala r\u00e1zn\u00e9 \u201enein\u201c. \u201eMerz\u00a0<\/span><a href=\"https:\/\/www.faz.net\/aktuell\/politik\/ukraine\/ukraine-liveticker-merz-lehnt-lockerung-der-sanktionen-gegen-russland-ab-faz-110683325.html\" target=\"_blank\" rel=\"noopener\"><span dir=\"auto\">odm\u00edt\u00e1<\/span><\/a><span dir=\"auto\">\u00a0jak\u00e9koli zm\u00edrn\u011bn\u00ed sankc\u00ed proti Rusku,\u201c informuje\u00a0\u00a0<\/span><em><span dir=\"auto\">Frankfurter Allgemeine Zeitung.<\/span><\/em><\/p>\n<p><span dir=\"auto\">Rozhodnut\u00ed politick\u00fdch v\u016fdc\u016f ve Francii a EU upev\u0148uj\u00ed skute\u010dnost chaosu a otev\u00edraj\u00ed d\u011bsivou cestu k historick\u00e9mu nedostatku, kter\u00fd by mohl v\u00e9st k ob\u010dansk\u00e9 v\u00e1lce, k politick\u00fdm ot\u0159es\u016fm ve Francii a EU.\u00a0<\/span><\/p>\n<p><a href=\"https:\/\/observateur-continental.fr\/?module=articles&amp;action=view&amp;id=7675\"><em><span dir=\"auto\">Pierre Duval<\/span><\/em><em>\u00a0<\/em><\/a><\/p>\n<p>&nbsp;<\/p>\n","protected":false},"excerpt":{"rendered":"<p>Valdis Dombrovskis, evropsk\u00fd komisa\u0159 pro hospod\u00e1\u0159stv\u00ed a produktivitu a pro implementaci a zjednodu\u0161en\u00ed, setrv\u00e1v\u00e1 a&#8230;<\/p>\n","protected":false},"author":2,"featured_media":36847,"comment_status":"closed","ping_status":"closed","sticky":false,"template":"","format":"standard","meta":[],"categories":[7],"tags":[41,1503,310,125,37],"_links":{"self":[{"href":"https:\/\/www.infokuryr.cz\/n\/wp-json\/wp\/v2\/posts\/101727"}],"collection":[{"href":"https:\/\/www.infokuryr.cz\/n\/wp-json\/wp\/v2\/posts"}],"about":[{"href":"https:\/\/www.infokuryr.cz\/n\/wp-json\/wp\/v2\/types\/post"}],"author":[{"embeddable":true,"href":"https:\/\/www.infokuryr.cz\/n\/wp-json\/wp\/v2\/users\/2"}],"replies":[{"embeddable":true,"href":"https:\/\/www.infokuryr.cz\/n\/wp-json\/wp\/v2\/comments?post=101727"}],"version-history":[{"count":0,"href":"https:\/\/www.infokuryr.cz\/n\/wp-json\/wp\/v2\/posts\/101727\/revisions"}],"wp:featuredmedia":[{"embeddable":true,"href":"https:\/\/www.infokuryr.cz\/n\/wp-json\/wp\/v2\/media\/36847"}],"wp:attachment":[{"href":"https:\/\/www.infokuryr.cz\/n\/wp-json\/wp\/v2\/media?parent=101727"}],"wp:term":[{"taxonomy":"category","embeddable":true,"href":"https:\/\/www.infokuryr.cz\/n\/wp-json\/wp\/v2\/categories?post=101727"},{"taxonomy":"post_tag","embeddable":true,"href":"https:\/\/www.infokuryr.cz\/n\/wp-json\/wp\/v2\/tags?post=101727"}],"curies":[{"name":"wp","href":"https:\/\/api.w.org\/{rel}","templated":true}]}}