{"id":101723,"date":"2026-03-12T04:50:03","date_gmt":"2026-03-12T03:50:03","guid":{"rendered":"https:\/\/www.infokuryr.cz\/n\/?p=101723"},"modified":"2026-03-12T04:50:03","modified_gmt":"2026-03-12T03:50:03","slug":"vysetrovani-shledalo-usa-vinnymi-za-smrtici-utok-na-iranske-skoly-jasny-valecny-zlocin","status":"publish","type":"post","link":"https:\/\/www.infokuryr.cz\/n\/2026\/03\/12\/vysetrovani-shledalo-usa-vinnymi-za-smrtici-utok-na-iranske-skoly-jasny-valecny-zlocin\/","title":{"rendered":"Vy\u0161et\u0159ov\u00e1n\u00ed shledalo USA vinn\u00fdmi za smrt\u00edc\u00ed \u00fatok na \u00edr\u00e1nsk\u00e9 \u0161koly-jasn\u00fd v\u00e1le\u010dn\u00fd zlo\u010din"},"content":{"rendered":"<div id=\"fb-root\"><\/div>\n<h3>P\u0159edb\u011b\u017en\u00e1 zji\u0161t\u011bn\u00ed nazna\u010duj\u00ed sp\u00ed\u0161e \u201elidskou\u201c ne\u017e um\u011blou chybu, kter\u00e1 se shoduje s chybou o zastaral\u00fdch informac\u00edch o c\u00edlen\u00ed<\/h3>\n<p><span dir=\"auto\">Prob\u00edhaj\u00edc\u00ed vojensk\u00e9 vy\u0161et\u0159ov\u00e1n\u00ed p\u0159edb\u011b\u017en\u011b shledalo USA odpov\u011bdn\u00fdmi za smrt\u00edc\u00ed \u00fatok raketou Tomahawk na \u00edr\u00e1nskou z\u00e1kladn\u00ed \u0161kolu, p\u0159i kter\u00e9m zahynulo nejm\u00e9n\u011b <strong><span style=\"color: #ff0000;\">175 lid\u00ed, v\u011bt\u0161inou d\u011bt\u00ed<\/span><\/strong>, informoval den\u00edk New York Times.<\/span><\/p>\n<p><span dir=\"auto\">\u00datok na d\u00edv\u010d\u00ed \u0161kolu Shajarah Tayyebeh z 28. \u00fanora p\u0159i\u0161el prvn\u00ed den americko-izraelsk\u00e9ho \u00fatoku na \u00cdr\u00e1n, kter\u00fd si vy\u017e\u00e1dal smrt nejvy\u0161\u0161\u00edho v\u016fdce ajatoll\u00e1ha Al\u00edho Chamene\u00edho a n\u011bkolika vysok\u00fdch \u00edr\u00e1nsk\u00fdch velitel\u016f, stejn\u011b jako stovky civilist\u016f. Jedn\u00e1 se o dosud nejsmrteln\u011bj\u0161\u00ed jednotliv\u00fd \u00fatok v prob\u00edhaj\u00edc\u00ed kampani.<\/span><\/p>\n<p><span dir=\"auto\">Podle st\u0159ede\u010dn\u00ed zpr\u00e1vy den\u00edku NYT, kter\u00e1 se odvol\u00e1v\u00e1 na americk\u00e9 vojensk\u00e9 p\u0159edstavitele obezn\u00e1men\u00e9 s prvn\u00edmi zji\u0161t\u011bn\u00edmi, byl \u00fader sou\u010d\u00e1st\u00ed \u00favodn\u00ed vlny americk\u00fdch \u00fatok\u016f na za\u0159\u00edzen\u00ed vyu\u017e\u00edvan\u00e1 n\u00e1mo\u0159nictvem \u00edr\u00e1nsk\u00fdch Isl\u00e1msk\u00fdch revolu\u010dn\u00edch gard (IRGC) v oblasti.<\/span><\/p>\n<p><span dir=\"auto\">Vy\u0161et\u0159ovatel\u00e9 se domn\u00edvaj\u00ed, \u017ee d\u016fstojn\u00edci americk\u00e9ho \u00fast\u0159edn\u00edho velitelstv\u00ed se spol\u00e9hali na zastaral\u00e1 data o zam\u011b\u0159ov\u00e1n\u00ed od Obrann\u00e9 zpravodajsk\u00e9 slu\u017eby (Defense Intelligence Agency), kter\u00e1 st\u00e1le klasifikovala \u0161koln\u00ed budovu jako sou\u010d\u00e1st vojensk\u00e9ho komplexu, p\u0159esto\u017ee byla na \u0161kolu p\u0159estav\u011bna p\u0159ed v\u00edce ne\u017e deseti lety. M\u00edsto neslo jasn\u00e9 zn\u00e1mky civiln\u00edho vyu\u017eit\u00ed, v\u010detn\u011b sportovn\u00edho h\u0159i\u0161t\u011b, d\u011btsk\u00fdch n\u00e1st\u011bnn\u00fdch maleb a jasn\u011b nat\u0159en\u00fdch zd\u00ed.<\/span><\/p>\n<p><span dir=\"auto\">P\u0159edb\u011b\u017en\u00e1 zji\u0161t\u011bn\u00ed, pro\u010d zastaral\u00e9 informace nebyly znovu ov\u011b\u0159eny, nazna\u010duj\u00ed, \u017ee je\u00a0<\/span><em><span dir=\"auto\">\u201enepravd\u011bpodobn\u00e9\u201c<\/span><\/em><span dir=\"auto\">\u00a0, \u017ee by hlavn\u00ed p\u0159\u00ed\u010dinou bylo pou\u017eit\u00ed nov\u00fdch n\u00e1stroj\u016f um\u011bl\u00e9 inteligence, jako je Claude z Anthropic, napsal list.<\/span><\/p>\n<p><span dir=\"auto\">Vojensk\u00e9 c\u00edlen\u00ed obvykle zahrnuje n\u011bkolik zpravodajsk\u00fdch a opera\u010dn\u00edch agentur s n\u011bkolika vrstvami kontroly, jejich\u017e c\u00edlem je potvrdit ka\u017ed\u00fd c\u00edl, napsal NYT s odvol\u00e1n\u00edm na vy\u0161et\u0159ovatele, kte\u0159\u00ed tvrd\u00ed, \u017ee takov\u00e9 z\u00e1ruky mohou selhat v ran\u00fdch f\u00e1z\u00edch konfliktu, kdy je pod \u010dasov\u00fdm tlakem zpracov\u00e1v\u00e1no velk\u00e9 mno\u017estv\u00ed c\u00edl\u016f.<\/span><\/p>\n<p><span dir=\"auto\">Vy\u0161et\u0159ov\u00e1n\u00ed agentur AP, CNN a den\u00edku Washington Post rovn\u011b\u017e dosp\u011bla k z\u00e1v\u011bru, \u017ee za \u00fatokem pravd\u011bpodobn\u011b st\u00e1ly Spojen\u00e9 st\u00e1ty. Vizu\u00e1ln\u00ed anal\u00fdza, na kterou se odvol\u00e1v\u00e1 NYT, v\u010detn\u011b satelitn\u00edch sn\u00edmk\u016f a vide\u00ed z m\u00edsta \u010dinu, nazna\u010duje, \u017ee v\u00fdbuch odpov\u00eddal dopadu rakety Tomahawk.<\/span><\/p>\n<p><span dir=\"auto\">Prezident Donald Trump pop\u0159el odpov\u011bdnost USA a nab\u00eddl prom\u011bnliv\u00e1 vysv\u011btlen\u00ed. Nejprve nazna\u010dil, \u017ee\u00a0za \u00fatok m\u016f\u017ee\u00a0<\/span><em><span dir=\"auto\">\u201e\u00a0<\/span><a href=\"https:\/\/www.rt.com\/news\/634133-trump-denies-iran-strike\/\" target=\"_blank\" rel=\"noopener noreferrer\"><span dir=\"auto\">velmi nep\u0159esn\u00e1<\/span><\/a><span dir=\"auto\">\u00a0\u201c \u00edr\u00e1nsk\u00e1 munice, pot\u00e9 bez d\u016fkaz\u016f prohl\u00e1sil, \u017ee Teher\u00e1n tak\u00e9\u00a0<\/span><\/em><em><span dir=\"auto\">\u201e\u00a0<\/span><a href=\"https:\/\/www.rt.com\/news\/634328-trump-iran-tomahawk-school\/\" target=\"_blank\" rel=\"noopener noreferrer\"><span dir=\"auto\">m\u00e1 n\u011bjak\u00e9 Tomahawky<\/span><\/a><span dir=\"auto\">\u00a0\u201c.<\/span><\/em><span dir=\"auto\">\u00a0Washington je jedinou stranou konfliktu, kter\u00e1 takov\u00e9 zbran\u011b vlastn\u00ed. Ameri\u010dt\u00ed p\u0159edstavitel\u00e9 potvrdili pou\u017eit\u00ed Tomahawk\u016f \u2013 kter\u00e9 maj\u00ed dost\u0159el a\u017e 1600 km \u2013 p\u0159i \u00fatoc\u00edch na \u00cdr\u00e1n.<\/span><\/p>\n<p><span dir=\"auto\">\u00datok vyvolal ost\u0159e odsouzen\u00ed po cel\u00e9m sv\u011bt\u011b. OSN ozna\u010dila bombardov\u00e1n\u00ed za\u00a0<\/span><em><span dir=\"auto\">\u201ev\u00e1\u017en\u00fd \u00fatok na d\u011bti, na vzd\u011bl\u00e1v\u00e1n\u00ed a na budoucnost cel\u00e9 komunity\u201c.<\/span><\/em><span dir=\"auto\">\u00a0Rusk\u00e9 ministerstvo zahrani\u010d\u00ed uvedlo, \u017ee\u00a0\u00fatok\u00a0<\/span><em><span dir=\"auto\">\u201erozhodn\u011b odsuzuje\u201c , a UNESCO jej ozna\u010dilo za\u00a0<\/span><\/em><em><span dir=\"auto\">\u201ev\u00e1\u017en\u00e9 poru\u0161en\u00ed\u201c<\/span><\/em><span dir=\"auto\">\u00a0mezin\u00e1rodn\u00edho humanit\u00e1rn\u00edho pr\u00e1va. \u00da\u0159ad OSN pro lidsk\u00e1 pr\u00e1va nal\u00e9hal na \u00fapln\u00e9 vy\u0161et\u0159en\u00ed.<\/span><\/p>\n<p><img decoding=\"async\" loading=\"lazy\" class=\"alignnone size-full wp-image-1185\" src=\"http:\/\/www.infokuryr.cz\/n\/wp-content\/uploads\/2021\/04\/kuryr-podpis.png\" alt=\"\" width=\"84\" height=\"24\" \/><\/p>\n<p>&nbsp;<\/p>\n","protected":false},"excerpt":{"rendered":"<p>P\u0159edb\u011b\u017en\u00e1 zji\u0161t\u011bn\u00ed nazna\u010duj\u00ed sp\u00ed\u0161e \u201elidskou\u201c ne\u017e um\u011blou chybu, kter\u00e1 se shoduje s chybou o zastaral\u00fdch&#8230;<\/p>\n","protected":false},"author":2,"featured_media":101724,"comment_status":"closed","ping_status":"closed","sticky":false,"template":"","format":"standard","meta":[],"categories":[7],"tags":[245,38,1392,37,2923],"_links":{"self":[{"href":"https:\/\/www.infokuryr.cz\/n\/wp-json\/wp\/v2\/posts\/101723"}],"collection":[{"href":"https:\/\/www.infokuryr.cz\/n\/wp-json\/wp\/v2\/posts"}],"about":[{"href":"https:\/\/www.infokuryr.cz\/n\/wp-json\/wp\/v2\/types\/post"}],"author":[{"embeddable":true,"href":"https:\/\/www.infokuryr.cz\/n\/wp-json\/wp\/v2\/users\/2"}],"replies":[{"embeddable":true,"href":"https:\/\/www.infokuryr.cz\/n\/wp-json\/wp\/v2\/comments?post=101723"}],"version-history":[{"count":0,"href":"https:\/\/www.infokuryr.cz\/n\/wp-json\/wp\/v2\/posts\/101723\/revisions"}],"wp:featuredmedia":[{"embeddable":true,"href":"https:\/\/www.infokuryr.cz\/n\/wp-json\/wp\/v2\/media\/101724"}],"wp:attachment":[{"href":"https:\/\/www.infokuryr.cz\/n\/wp-json\/wp\/v2\/media?parent=101723"}],"wp:term":[{"taxonomy":"category","embeddable":true,"href":"https:\/\/www.infokuryr.cz\/n\/wp-json\/wp\/v2\/categories?post=101723"},{"taxonomy":"post_tag","embeddable":true,"href":"https:\/\/www.infokuryr.cz\/n\/wp-json\/wp\/v2\/tags?post=101723"}],"curies":[{"name":"wp","href":"https:\/\/api.w.org\/{rel}","templated":true}]}}